{"id":568833,"date":"2025-11-30T12:35:13","date_gmt":"2025-11-30T12:35:13","guid":{"rendered":"https:\/\/www.europesays.com\/fr\/568833\/"},"modified":"2025-11-30T12:35:13","modified_gmt":"2025-11-30T12:35:13","slug":"municipales-a-paris-pierre-yves-bournazel-veut-limiter-le-nombre-de-nuitees-airbnb-a-30-par-an","status":"publish","type":"post","link":"https:\/\/www.europesays.com\/fr\/568833\/","title":{"rendered":"Municipales \u00e0 Paris: Pierre-Yves Bournazel veut limiter le nombre de nuit\u00e9es Airbnb \u00e0 30 par an"},"content":{"rendered":"<p class=\"mb-4 text-lg md:leading-8 break-words\">Objectif: faire revenir les habitants \u00e0 Paris. Alors que la course \u00e0 la mairie de Paris est <a href=\"https:\/\/fr.news.yahoo.com\/paris-sera-propre-rachida-dati-114533013.html\" data-ylk=\"slk:d\u00e9j\u00e0 bien entam\u00e9e;elm:context_link;itc:0;sec:content-canvas;outcm:mb_qualified_link;_E:mb_qualified_link;ct:story;\" class=\"link  yahoo-link\" target=\"_blank\" rel=\"noopener\">d\u00e9j\u00e0 bien entam\u00e9e<\/a>, certains candidats affinent leurs propositions pour la Ville lumi\u00e8re. Pierre-Yves Bournazel, candidat Horizons soutenu par Renaissance, d\u00e9voile ce dimanche 30 novembre ses id\u00e9es pour le volet logement dans <a href=\"https:\/\/www.latribune.fr\/article\/la-tribune-dimanche\/municipales\/46143025738828\/je-ne-veux-pas-que-paris-devienne-un-musee-a-ciel-ouvert-bournazel-veut-reduire-les-locations-airbnb-a-30-nuits-par-an\" rel=\"nofollow noopener\" target=\"_blank\" data-ylk=\"slk:La Tribune Dimanche;elm:context_link;itc:0;sec:content-canvas\" class=\"link \">La Tribune Dimanche<\/a> (propri\u00e9t\u00e9 de CMA-CGM, tout comme BFMTV). L&rsquo;ancien d\u00e9put\u00e9 dresse un constat: Paris a perdu 130.000 habitants en onze ans.<\/p>\n<p class=\"mb-4 text-lg md:leading-8 break-words\">\u00a0\u00bb Les loyers sont deux fois plus chers \u00e0 Paris qu\u2019\u00e0 Berlin, une famille avec deux enfants doit payer quasiment deux Smics pour se loger \u00e0 Paris. C\u2019est insupportable\u00a0\u00bb, d\u00e9clare-t-il aupr\u00e8s de nos confr\u00e8res.<\/p>\n<p class=\"mb-4 text-lg md:leading-8 break-words\">Le candidat veut \u00ab\u00a0tirer la sonnette d&rsquo;alarme\u00a0\u00bb face \u00e0 une ville qui \u00ab\u00a0se vide de ses familles, ses forces vives\u00a0\u00bb. Mais comment faire? Si Pierre-Yves Bournazel compte d\u00e9voiler son grand plan pour le logement parisien ce lundi 1er d\u00e9cembre, certains grands axes sont d&rsquo;ores-et-d\u00e9j\u00e0 connus: le candidat entend notamment s&rsquo;attaquer \u00e0 certains acteurs du logement touristique.<\/p>\n<p class=\"mb-4 text-lg md:leading-8 break-words\">Dans les pages de l&rsquo;hebdomadaire, Pierre-Yves Bournazel pointe du doigt la plateforme Airbnb. Il assure que 10% du parc locatif est consacr\u00e9 \u00e0 la location touristique. Concr\u00e8tement, il s&rsquo;agirait de 100.000 logements. Et pour redonner la primeur de ces habitations aux Parisiens, le candidat \u00e0 la mairie veut limiter la location Airbnb \u00e0 30 nuit\u00e9es dans l&rsquo;ann\u00e9e par logement, contre les 90 en vigueur actuellement.<\/p>\n<p class=\"mb-4 text-lg md:leading-8 break-words\">\u00ab\u00a0Connaissez-vous beaucoup de personnes qui partent trois ou quatre mois par an en vacances?\u00a0\u00bb, questionne le candidat \u00e0 la mairie de Paris.<\/p>\n<p>Pacte de confiance et bailleurs sociaux<\/p>\n<p class=\"mb-4 text-lg md:leading-8 break-words\">Quant \u00e0 la question des logements vacants, Pierre-Yves Bournazel souhaite mettre en place un pacte de confiance entre les propri\u00e9taires r\u00e9ticents \u00e0 louer leurs biens et les futurs locataires.<\/p>\n<p class=\"mb-4 text-lg md:leading-8 break-words\">Ledit pacte devrait reposer sur un fonds de garantie et de caution solidaire fourni par la municipalit\u00e9, contre un logement lou\u00e9 \u00e0 des jeunes actifs, des travailleurs ou des \u00e9tudiants.<\/p>\n<p class=\"mb-4 text-lg md:leading-8 break-words\">\u00ab\u00a0Un syst\u00e8me tr\u00e8s simple\u00a0\u00bb, jure le candidat. Avec cette id\u00e9e, celui-ci esp\u00e8re 20.000 nouveaux logements de retour sur le march\u00e9 locatif.<\/p>\n<p class=\"mb-4 text-lg md:leading-8 break-words\">Parmi ses autres id\u00e9es, le candidat soutenu par Renaissance souhaite la fusion des trois bailleurs sociaux majeurs (la RIVP, Elogie-Siemp et Paris Habitat) et esp\u00e8re ainsi 540 millions d&rsquo;\u00e9conomies.<\/p>\n<p class=\"mb-4 text-lg md:leading-8 break-words\"><a href=\"https:\/\/www.bfmtv.com\/politique\/elections\/municipales\/municipales-a-paris-pierre-yves-bournazel-veut-limiter-le-nombre-de-nuitees-airbnb-a-30-par-an_AN-202511300242.html#xtor=AL-68\" rel=\"nofollow noopener\" target=\"_blank\" data-ylk=\"slk:Article original publi\u00e9 sur BFMTV.com;elm:context_link;itc:0;sec:content-canvas\" class=\"link \">Article original publi\u00e9 sur BFMTV.com<\/a><\/p>\n","protected":false},"excerpt":{"rendered":"Objectif: faire revenir les habitants \u00e0 Paris. Alors que la course \u00e0 la mairie de Paris est d\u00e9j\u00e0&hellip;\n","protected":false},"author":2,"featured_media":568834,"comment_status":"","ping_status":"","sticky":false,"template":"","format":"standard","meta":{"footnotes":""},"categories":[1888],"tags":[1111,1928,11,1927,1777,674,68388,1011,27,2381,12,1926,626,1925,61318,59616,25],"class_list":{"0":"post-568833","1":"post","2":"type-post","3":"status-publish","4":"format-standard","5":"has-post-thumbnail","7":"category-paris","8":"tag-actu","9":"tag-actu-paris","10":"tag-actualites","11":"tag-actualites-paris","12":"tag-eu","13":"tag-europe","14":"tag-fonds-de-garantie","15":"tag-fr","16":"tag-france","17":"tag-mairie-de-paris","18":"tag-news","19":"tag-news-paris","20":"tag-paris","21":"tag-paris-news","22":"tag-pierre-yves","23":"tag-pierre-yves-bournazel","24":"tag-republique-francaise"},"share_on_mastodon":{"url":"https:\/\/pubeurope.com\/@fr\/115638680103575077","error":""},"_links":{"self":[{"href":"https:\/\/www.europesays.com\/fr\/wp-json\/wp\/v2\/posts\/568833","targetHints":{"allow":["GET"]}}],"collection":[{"href":"https:\/\/www.europesays.com\/fr\/wp-json\/wp\/v2\/posts"}],"about":[{"href":"https:\/\/www.europesays.com\/fr\/wp-json\/wp\/v2\/types\/post"}],"author":[{"embeddable":true,"href":"https:\/\/www.europesays.com\/fr\/wp-json\/wp\/v2\/users\/2"}],"replies":[{"embeddable":true,"href":"https:\/\/www.europesays.com\/fr\/wp-json\/wp\/v2\/comments?post=568833"}],"version-history":[{"count":0,"href":"https:\/\/www.europesays.com\/fr\/wp-json\/wp\/v2\/posts\/568833\/revisions"}],"wp:featuredmedia":[{"embeddable":true,"href":"https:\/\/www.europesays.com\/fr\/wp-json\/wp\/v2\/media\/568834"}],"wp:attachment":[{"href":"https:\/\/www.europesays.com\/fr\/wp-json\/wp\/v2\/media?parent=568833"}],"wp:term":[{"taxonomy":"category","embeddable":true,"href":"https:\/\/www.europesays.com\/fr\/wp-json\/wp\/v2\/categories?post=568833"},{"taxonomy":"post_tag","embeddable":true,"href":"https:\/\/www.europesays.com\/fr\/wp-json\/wp\/v2\/tags?post=568833"}],"curies":[{"name":"wp","href":"https:\/\/api.w.org\/{rel}","templated":true}]}}