{"id":568835,"date":"2025-11-30T12:36:16","date_gmt":"2025-11-30T12:36:16","guid":{"rendered":"https:\/\/www.europesays.com\/fr\/568835\/"},"modified":"2025-11-30T12:36:16","modified_gmt":"2025-11-30T12:36:16","slug":"entrisme-islamiste-le-senat-dans-le-collimateur-de-la-grande-mosquee-de-paris","status":"publish","type":"post","link":"https:\/\/www.europesays.com\/fr\/568835\/","title":{"rendered":"\u00ab Entrisme islamiste \u00bb : le S\u00e9nat dans le collimateur de la Grande Mosqu\u00e9e de Paris"},"content":{"rendered":"<p>                                            Soci\u00e9t\u00e9\n                                                                            <\/p>\n<p>\n                                            Ayant d\u00e9j\u00e0 exprim\u00e9 son d\u00e9saccord avec le r\u00e9cent rapport sur les Fr\u00e8res musulmans, le recteur de la Grande Mosqu\u00e9e de Paris critique \u00e0 pr\u00e9sent le document sur \u00ab l\u2019entrisme islamiste \u00bb \u00e9labor\u00e9 par un groupe de s\u00e9nateurs LR.                                        <\/p>\n<p>                                                Publi\u00e9 le 30 novembre 2025 \u00e0 12h17                                                                                            <\/p>\n<p>                                            <img loading=\"lazy\" width=\"1024\" height=\"682\" src=\"https:\/\/www.europesays.com\/fr\/wp-content\/uploads\/2025\/11\/SIPA_01014034_000002.jpg\" class=\"attachment-post-thumbnail size-post-thumbnail wp-post-image\" alt=\"La grande mosqu\u00e9e de Paris. Photo \u00a9 NICOLAS MESSYASZ\/SIPA\" decoding=\"async\"  \/><\/p>\n<p>                                            La grande mosqu\u00e9e de Paris. Photo \u00a9  NICOLAS MESSYASZ\/SIPA<\/p>\n<p data-start=\"126\" data-end=\"487\">Quelques jours apr\u00e8s que les s\u00e9nateurs LR ont publi\u00e9 leur rapport sur \u00ab l\u2019entrisme islamiste \u00bb, la Grande Mosqu\u00e9e de Paris r\u00e9agit avec vigueur et cible directement le S\u00e9nat. Dans <a href=\"https:\/\/www.grandemosqueedeparis.fr\/post\/communique-la-grande-mosquee-de-paris-denonce-le-recent-rapport-emis-par-un-groupe-de-senateurs\" target=\"_blank\" rel=\"noopener\">un communiqu\u00e9<\/a>, le recteur Chems-Eddine Hafiz accuse les \u00e9lus de \u00ab viser les fid\u00e8les ordinaires \u00bb et de mettre en place une \u00ab surveillance g\u00e9n\u00e9ralis\u00e9e \u00bb des familles musulmanes.<\/p>\n<p><a href=\"https:\/\/www.valeursactuelles.com\/societe\/voile-des-mineures-financements-des-mosquees-les-propositions-de-la-droite-au-senat-contre-lislamisme\" class=\"h-flex h-align-items-center h-border-tb h-ptb-15\" target=\"_blank\" rel=\"noopener\">A\u00a0LIRE\u00a0Voile des mineures, financements des mosqu\u00e9es : les propositions de la droite au S\u00e9nat contre l\u2019islamisme<\/a><\/p>\n<p data-start=\"489\" data-end=\"1081\">Le rapport dirig\u00e9 par la s\u00e9natrice LR Jacqueline Eustache-Brinio n\u2019est en aucun cas une simple lubie id\u00e9ologique. Il pr\u00e9sente un ensemble de mesures visant \u00e0 contenir l\u2019islamisme : interdiction du voile et du je\u00fbne avant 16 ans, lutte contre les mariages forc\u00e9s, renforcement de la la\u00efcit\u00e9 dans le sport, et transfert de la gestion des visas au minist\u00e8re de l\u2019Int\u00e9rieur, une id\u00e9e d\u00e9fendue depuis longtemps par <a href=\"https:\/\/www.valeursactuelles.com\/politique\/le-ps-a-pris-le-controle-du-gouvernement-bruno-retailleau-denonce-la-folie-fiscale-sur-le-budget\" target=\"_blank\" rel=\"noopener\">Bruno Retailleau<\/a>. Compos\u00e9 de dix-sept chapitres et de nombreuses propositions, il repose sur une orientation claire : un \u00ab r\u00e9armement global \u00bb face \u00e0 l\u2019offensive islamiste.<\/p>\n<p>\u00ab Ce rapport confond religion et id\u00e9ologie, foi et radicalisme \u00bb<\/p>\n<p data-start=\"1155\" data-end=\"1506\">Le recteur de la Grande Mosqu\u00e9e de Paris met en garde : \u00ab Tenter de restreindre exclusivement des pratiques musulmanes, dont beaucoup sont par ailleurs communes aux autres religions monoth\u00e9istes, revient \u00e0 d\u00e9finir un r\u00e9gime d\u2019exception pour les musulmans de France \u00bb. Il rappelle en outre l\u2019importance des valeurs la\u00efques de la R\u00e9publique fran\u00e7aise.<\/p>\n<p><a href=\"https:\/\/www.valeursactuelles.com\/societe\/la-boxeuse-algerienne-imane-khelif-decoree-dune-medaille-dhonneur-par-la-grande-mosquee-de-paris\" class=\"h-flex h-align-items-center h-border-tb h-ptb-15\" target=\"_blank\" rel=\"noopener\">A\u00a0LIRE\u00a0La boxeuse alg\u00e9rienne, Imane Khelif, d\u00e9cor\u00e9e d\u2019une m\u00e9daille d\u2019honneur par la Grande Mosqu\u00e9e de Paris<\/a><\/p>\n<p data-start=\"1508\" data-end=\"2329\">L\u2019institution musulmane poursuit sa critique : \u00ab Plus grave encore, ce rapport, avec ses recommandations, confond religion et id\u00e9ologie, foi et radicalisme. Il stigmatise d\u2019avance des familles, des quartiers, des mosqu\u00e9es, sans distinguer les croyants pacifiques des extr\u00e9mistes. Il choisit un coupable id\u00e9al : l\u2019islam. Une telle d\u00e9marche, en plus d\u2019\u00eatre injuste, menace la coh\u00e9sion sociale, encourage l\u2019exclusion et cultive la d\u00e9fiance. Elle est en tout point contre-productive dans la lutte contre les d\u00e9rives radicales que la Grande Mosqu\u00e9e de Paris m\u00e8ne depuis longtemps \u00bb.<\/p>\n<p data-start=\"1508\" data-end=\"2329\">Ce n\u2019est pas la premi\u00e8re fois que l\u2019institution s\u2019insurge : lors du rapport sur les <a href=\"https:\/\/www.valeursactuelles.com\/politique\/marion-marechal-exige-la-fin-de-lentrisme-des-freres-musulmans-au-sein-du-parlement-europeen\" target=\"_blank\" rel=\"noopener\">Fr\u00e8res musulmans<\/a>, elle d\u00e9non\u00e7ait d\u00e9j\u00e0 une suppos\u00e9e \u00ab stigmatisation \u00bb des musulmans, alors que le texte visait une id\u00e9ologie politique et non une religion.<\/p>\n","protected":false},"excerpt":{"rendered":"Soci\u00e9t\u00e9 Ayant d\u00e9j\u00e0 exprim\u00e9 son d\u00e9saccord avec le r\u00e9cent rapport sur les Fr\u00e8res musulmans, le recteur de la&hellip;\n","protected":false},"author":2,"featured_media":568836,"comment_status":"","ping_status":"","sticky":false,"template":"","format":"standard","meta":{"footnotes":""},"categories":[1888],"tags":[11,1013,1777,674,1011,27,9305,27835,1253,12,626,25,1004],"class_list":{"0":"post-568835","1":"post","2":"type-post","3":"status-publish","4":"format-standard","5":"has-post-thumbnail","7":"category-paris","8":"tag-actualites","9":"tag-bruno-retailleau","10":"tag-eu","11":"tag-europe","12":"tag-fr","13":"tag-france","14":"tag-freres-musulmans","15":"tag-grande-mosquee-de-paris","16":"tag-islamisme","17":"tag-news","18":"tag-paris","19":"tag-republique-francaise","20":"tag-senat"},"share_on_mastodon":{"url":"https:\/\/pubeurope.com\/@fr\/115638684553616295","error":""},"_links":{"self":[{"href":"https:\/\/www.europesays.com\/fr\/wp-json\/wp\/v2\/posts\/568835","targetHints":{"allow":["GET"]}}],"collection":[{"href":"https:\/\/www.europesays.com\/fr\/wp-json\/wp\/v2\/posts"}],"about":[{"href":"https:\/\/www.europesays.com\/fr\/wp-json\/wp\/v2\/types\/post"}],"author":[{"embeddable":true,"href":"https:\/\/www.europesays.com\/fr\/wp-json\/wp\/v2\/users\/2"}],"replies":[{"embeddable":true,"href":"https:\/\/www.europesays.com\/fr\/wp-json\/wp\/v2\/comments?post=568835"}],"version-history":[{"count":0,"href":"https:\/\/www.europesays.com\/fr\/wp-json\/wp\/v2\/posts\/568835\/revisions"}],"wp:featuredmedia":[{"embeddable":true,"href":"https:\/\/www.europesays.com\/fr\/wp-json\/wp\/v2\/media\/568836"}],"wp:attachment":[{"href":"https:\/\/www.europesays.com\/fr\/wp-json\/wp\/v2\/media?parent=568835"}],"wp:term":[{"taxonomy":"category","embeddable":true,"href":"https:\/\/www.europesays.com\/fr\/wp-json\/wp\/v2\/categories?post=568835"},{"taxonomy":"post_tag","embeddable":true,"href":"https:\/\/www.europesays.com\/fr\/wp-json\/wp\/v2\/tags?post=568835"}],"curies":[{"name":"wp","href":"https:\/\/api.w.org\/{rel}","templated":true}]}}