{"id":568839,"date":"2025-11-30T12:38:17","date_gmt":"2025-11-30T12:38:17","guid":{"rendered":"https:\/\/www.europesays.com\/fr\/568839\/"},"modified":"2025-11-30T12:38:17","modified_gmt":"2025-11-30T12:38:17","slug":"en-direct-ukraine-au-moins-un-mort-et-11-blesses-dans-une-attaque-russe-cette-nuit","status":"publish","type":"post","link":"https:\/\/www.europesays.com\/fr\/568839\/","title":{"rendered":"EN DIRECT &#8211; Ukraine : au moins un mort et 11 bless\u00e9s dans une attaque russe cette nuit"},"content":{"rendered":"<ul class=\"jsx-862013697 ArticleChapo__List\">\n<li class=\"jsx-862013697 ArticleChapo__List_Item flex\">Des n\u00e9gociateurs ukrainiens vont discuter dimanche aux \u00c9tats-Unis du plan am\u00e9ricain visant \u00e0 trouver une issue \u00e0 la guerre avec la Russie.<\/li>\n<li class=\"jsx-862013697 ArticleChapo__List_Item flex\">Au moins une personne a \u00e9t\u00e9 tu\u00e9e et 11 autres, dont un enfant, ont \u00e9t\u00e9 bless\u00e9es dans la nuit de samedi \u00e0 dimanche en Ukraine, dans une attaque de drones attribu\u00e9e \u00e0 la Russie pr\u00e8s de Kiev, ont annonc\u00e9 les autorit\u00e9s.<\/li>\n<li class=\"jsx-862013697 ArticleChapo__List_Item flex\">Suivez les derni\u00e8res informations.<\/li>\n<\/ul>\n<p>Les \u00e9l\u00e9ments marquantsZELENSKY \u00c0 PARIS LUNDI12:04<\/p>\n<p>Emmanuel Macron recevra le pr\u00e9sident ukrainien Volodymyr Zelensky lundi \u00e0 Paris. Ce dernier sera accompagn\u00e9 par sa d\u00e9l\u00e9gation dans la capitale. \u00ab\u00a0Les deux dirigeants \u00e9changeront sur la situation et sur les conditions d&rsquo;une paix juste durable, dans la continuit\u00e9 des discussions de Gen\u00e8ve et du plan am\u00e9ricain et d&rsquo;une concertation \u00e9troite avec nos partenaires europ\u00e9ens\u00a0\u00bb, a fait savoir samedi le palais pr\u00e9sidentiel.<\/p>\n<p>De son c\u00f4t\u00e9, Jean-No\u00ebl Barrot accueillera au Quai d&rsquo;Orsay \u00ab\u00a0deux manifestations d&rsquo;envergure consacr\u00e9es \u00e0 l&rsquo;Ukraine, en pr\u00e9sence d&rsquo;Olena Zelenska, la premi\u00e8re dame ukrainienne\u00a0\u00bb, comme il l&rsquo;a confirm\u00e9 aupr\u00e8s de La Tribune Dimanche. \u00ab\u00a0Une mise \u00e0 l&rsquo;honneur de l&rsquo;initiative Bring Kids Back que [Olena Zelenska] parraine et qui a permis de ramener pr\u00e8s de 2000 enfants ukrainiens arrach\u00e9s \u00e0 leur famille par la Russie\u00a0\u00bb sera notamment au programme. \u00ab\u00a0Nous lancerons ensuite la saison culturelle franco-ukrainienne pour souligner que la guerre ne se livre pas seulement avec des chars et des canons : elle se livre aussi avec les armes de l&rsquo;esprit\u00a0\u00bb, a pr\u00e9cis\u00e9 le ministre des Affaires \u00e9trang\u00e8res.<\/p>\n<p>Minute par minuteLES M\u00c9DIAS CIBL\u00c9S13:15<\/p>\n<p>Notre journaliste Felicia Sideris, pr\u00e9sente sur le plateau de LCI pour le Dossier des V\u00e9rificateurs, explique qu&rsquo;en plein conflit entre la Russie et l&rsquo;Ukraine, les \u00ab\u00a0m\u00e9dias sont un rempart contre la d\u00e9sinformation\u00a0\u00bb, mais peuvent \u00e9galement \u00eatre des cibles. \u00ab\u00a0Des campagnes qui ont vis\u00e9 les journalistes pour les pousser \u00e0 v\u00e9rifier des contenus, ajoute-t-elle. Quand on s&rsquo;int\u00e9resse aux contenus qu&rsquo;on nous envoie, derri\u00e8re, on n&rsquo;est pas en train de chercher les vrais d\u00e9bats, de faire nos enqu\u00eates.\u00a0\u00bb<\/p>\n<blockquote data-testid=\"EmbedTwitter\" id=\"tweet-1995092482283987040-:R3j19lkmcmj9v79m:\" class=\"jsx-aeff1a1c40f54d7a twitter-tweet flex justify-center items-center\"><p>\ud83d\udde3\ufe0f \u00ab\u00a0Les m\u00e9dias sont un rempart contre la d\u00e9sinformation\u00a0\u00bb mais peuvent \u00e9galement \u00eatre des cibles, explique  @felicia_sidx \ud83d\udcfa Les V\u00e9rificateurs ( @verif_TF1LCI ) sur LCI avec  @AcBottet pic.twitter.com\/76jobblCoz \u2014 LCI (@LCI)  November 30, 2025<\/p><\/blockquote>\n<p>D\u00c9SINFORMATION12:18<\/p>\n<p>Alors que les \u00e9lections municipales se profilent en mars prochain, les op\u00e9rations de d\u00e9sinformation se renforcent pour cibler directement les \u00e9lecteurs fran\u00e7ais. Retrouvez l&rsquo;\u00e9clairage d&rsquo;Alexandre Capron sur LCI.<\/p>\n<blockquote data-testid=\"EmbedTwitter\" id=\"tweet-1995089127146918217-:R3j29lkmcmj9v79m:\" class=\"jsx-aeff1a1c40f54d7a twitter-tweet flex justify-center items-center\"><p>\u25b6\ufe0f Faux journaux r\u00e9gionaux en ligne : les municipales dans le viseur de la d\u00e9sinformation pro-russe \ud83d\udd0e L&rsquo;\u00e9clairage d&rsquo; @alexcapron \ud83d\udcfa Les V\u00e9rificateurs ( @verif_TF1LCI ) sur LCI avec  @AcBottet pic.twitter.com\/1hxh9DAQlQ \u2014 LCI (@LCI)  November 30, 2025<\/p><\/blockquote>\n<p>ING\u00c9RENCE12:14<\/p>\n<p>\u00ab\u00a0La Russie n&rsquo;est pas mon ennemi\u00a0\u00bb. Vous avez s\u00fbrement d\u00e9j\u00e0 rep\u00e9r\u00e9 ces affiches coll\u00e9es dans la rue, \u00e9manant de l&rsquo;association SOS Donbass, dont des dirigeants ont \u00e9t\u00e9 mis en examen, soup\u00e7onn\u00e9s d&rsquo;espionnage et d&rsquo;ing\u00e9rence au profit de la Russie. Association qui \u00e9tait au c\u0153ur de la v\u00e9rif&rsquo; de la semaine sur LCI.<\/p>\n<blockquote data-testid=\"EmbedTwitter\" id=\"tweet-1995087638471073874-:R3j39lkmcmj9v79m:\" class=\"jsx-aeff1a1c40f54d7a twitter-tweet flex justify-center items-center\"><p>\ud83d\udd34 La d\u00e9sinformation une arme de guerre ? \u25b6\ufe0f Espionnage, ing\u00e9rence : l&rsquo;affaire\u00a0\u00bbSOS Donbass\u00a0\u00bb d\u00e9crypt\u00e9e par  @jordanollivier dans la v\u00e9rif&rsquo; de la semaine \ud83d\udcfaLes V\u00e9rificateurs ( @verif_TF1LCI ) sur LCI avec  @AcBottet pic.twitter.com\/aDCIV4Nhda \u2014 LCI (@LCI)  November 30, 2025<\/p><\/blockquote>\n<p>ZELENSKY \u00c0 PARIS LUNDI12:04<\/p>\n<p>Emmanuel Macron recevra le pr\u00e9sident ukrainien Volodymyr Zelensky lundi \u00e0 Paris. Ce dernier sera accompagn\u00e9 par sa d\u00e9l\u00e9gation dans la capitale. \u00ab\u00a0Les deux dirigeants \u00e9changeront sur la situation et sur les conditions d&rsquo;une paix juste durable, dans la continuit\u00e9 des discussions de Gen\u00e8ve et du plan am\u00e9ricain et d&rsquo;une concertation \u00e9troite avec nos partenaires europ\u00e9ens\u00a0\u00bb, a fait savoir samedi le palais pr\u00e9sidentiel.<\/p>\n<p>De son c\u00f4t\u00e9, Jean-No\u00ebl Barrot accueillera au Quai d&rsquo;Orsay \u00ab\u00a0deux manifestations d&rsquo;envergure consacr\u00e9es \u00e0 l&rsquo;Ukraine, en pr\u00e9sence d&rsquo;Olena Zelenska, la premi\u00e8re dame ukrainienne\u00a0\u00bb, comme il l&rsquo;a confirm\u00e9 aupr\u00e8s de La Tribune Dimanche. \u00ab\u00a0Une mise \u00e0 l&rsquo;honneur de l&rsquo;initiative Bring Kids Back que [Olena Zelenska] parraine et qui a permis de ramener pr\u00e8s de 2000 enfants ukrainiens arrach\u00e9s \u00e0 leur famille par la Russie\u00a0\u00bb sera notamment au programme. \u00ab\u00a0Nous lancerons ensuite la saison culturelle franco-ukrainienne pour souligner que la guerre ne se livre pas seulement avec des chars et des canons : elle se livre aussi avec les armes de l&rsquo;esprit\u00a0\u00bb, a pr\u00e9cis\u00e9 le ministre des Affaires \u00e9trang\u00e8res.<\/p>\n<p>AVOIRS RUSSES GEL\u00c9S10:38<\/p>\n<p>Pour Jean-No\u00ebl Barrot, \u00ab\u00a0la priorit\u00e9 des priorit\u00e9s est de s\u00e9curiser durablement l&rsquo;immobilisation des actifs russes qui sont pr\u00e9sents en Europe\u00a0\u00bb. Dans La Tribune Dimanche, le ministre des Affaires \u00e9trang\u00e8res a estim\u00e9 qu&rsquo;il s&rsquo;agissait d&rsquo;un \u00ab\u00a0atout consid\u00e9rable qui nous permettra de peser sur les param\u00e8tres de la paix\u00a0\u00bb. \u00ab\u00a0C&rsquo;est aussi une fa\u00e7on de nous assurer que, le moment venu, la Russie prendra en charge la r\u00e9paration des dommages consid\u00e9rables qu&rsquo;elle a inflig\u00e9s \u00e0 l&rsquo;Ukraine\u00a0\u00bb, a-t-il ajout\u00e9.<\/p>\n<p>Interrog\u00e9 sur le fait que Marine Le Pen et Jean-Luc M\u00e9lenchon ne s&rsquo;alignent pas sur l&rsquo;urgence de se pr\u00e9parer face \u00e0 la menace russe, d\u00e9fendue par Emmanuel Macron, Jean-No\u00ebl Barrot les a qualifi\u00e9s de \u00ab\u00a0dirigeants irresponsables qui ont toujours mang\u00e9 dans la main du Kremlin et courb\u00e9 l&rsquo;\u00e9chine devant les dictateurs\u00a0\u00bb.<\/p>\n<p>\u00ab\u00a0LA GUERRE A FAIT SON RETOUR SUR LE CONTINENT\u00a0\u00bb10:32<\/p>\n<p>Alors que dans les \u00c9tats-Unis se pr\u00e9sentaient, dans la version initiale de leur plan de paix, comme des m\u00e9diateurs entre l&rsquo;Otan et la Russie, Jean-No\u00ebl Barrot a affirm\u00e9 aupr\u00e8s de La Tribune Dimanche que \u00ab\u00a0cette clause est nulle par nature dans la mesure o\u00f9 personne ne peut prendre une d\u00e9cision engageant l&rsquo;Otan \u00e0 la place des pays qui en sont membres\u00a0\u00bb.<\/p>\n<p>\u00ab\u00a0La guerre a fait son retour sur le continent europ\u00e9en. Notre obsession, c&rsquo;est d&rsquo;y ramener la paix durablement. Pour y parvenir, nous devons tenir compte du monde tel qu&rsquo;il se reconfigure et du r\u00e9armement massif de la Russie. Notre capacit\u00e9 \u00e0 \u00e9carter la menace d\u00e9pend de notre force int\u00e9rieure. militaire et morale\u00a0\u00bb, a poursuivi le ministre des Affaires \u00e9trang\u00e8res, qui a estim\u00e9 que \u00ab\u00a0afficher de la faiblesse, c&rsquo;est appara\u00eetre comme une proie\u00a0\u00bb, ajoutant que tous les efforts sont faits pour \u00ab\u00a0doubler nos moyens militaires et dissuader ainsi toute agression\u00a0\u00bb.<\/p>\n<p>\u00ab\u00a0H\u00c9ROS DE LA R\u00c9SISTANCE\u00a0\u00bb10:28<\/p>\n<p>Dans une interview accord\u00e9e \u00e0 La Tribune Dimanche, le ministre de l&rsquo;Europe et des Affaires \u00e9trang\u00e8res Jean-No\u00ebl Barrot a soulign\u00e9 que le pr\u00e9sident ukrainien Volodymyr Zelensky \u00ab\u00a0s&rsquo;est affirm\u00e9 en h\u00e9ros de la r\u00e9sistance d&rsquo;un pays soumis au feu roulant de l&rsquo;envahisseur\u00a0\u00bb et qu&rsquo;il \u00ab\u00a0dispose de toute la l\u00e9gitimit\u00e9 pour conduire l&rsquo;Ukraine vers le paix\u00a0\u00bb.\u00a0<\/p>\n<p>\u00ab\u00a0Le pr\u00e9sident Zelensky a \u00e9t\u00e9 \u00e9lu dans des \u00e9lections ouvertes, transparentes et d\u00e9mocratiques, ce qui n&rsquo;est pas le cas de Vladimir Poutine\u00a0\u00bb, a-t-il ajout\u00e9, pr\u00e9cisant que \u00ab\u00a0les affaires de corruption\u00a0\u00bb en Ukraine \u00ab\u00a0doivent \u00eatre trait\u00e9es par les institutions comp\u00e9tentes, sans interf\u00e9rence avec le processus de paix\u00a0\u00bb.<\/p>\n<p>SOS DONBASS09:24<\/p>\n<p>Soup\u00e7onn\u00e9es d&rsquo;espionnage \u00e9conomique et d&rsquo;ing\u00e9rence russe au profit de Moscou, plusieurs personnes, dont des dirigeants de l&rsquo;association SOS Donbass, ont \u00e9t\u00e9 arr\u00eat\u00e9es en France. Retrouvez notre reportage ci-dessous.<\/p>\n<blockquote data-testid=\"EmbedTwitter\" id=\"tweet-1995036731855208706-:R3j89lkmcmj9v79m:\" class=\"jsx-aeff1a1c40f54d7a twitter-tweet flex justify-center items-center\"><p>\u25b6\ufe0f Affaire SOS Donbass : espionnage et ing\u00e9rence russe en France  \ud83d\udcfa Le journal dans la matinale LCI avec  @ClaireFournier_ et  @GuillaumeCerin pic.twitter.com\/Y8rYMEhUK5 \u2014 LCI (@LCI)  November 30, 2025<\/p><\/blockquote>\n<p>LE RDV DU 20H08:51<\/p>\n<p>Ce dimanche, dans le 20H de TF1, retrouvez une page sp\u00e9ciale Russie pr\u00e9sent\u00e9e par Anne-Claire Coudray.<\/p>\n<blockquote data-testid=\"EmbedTwitter\" id=\"tweet-1995025001188131214-:R3j99lkmcmj9v79m:\" class=\"jsx-aeff1a1c40f54d7a twitter-tweet flex justify-center items-center\"><p>\ud83d\udde3\ufe0f \u00ab\u00a0Si nous n&rsquo;avions pas attaqu\u00e9 les premiers, ils l&rsquo;auraient fait !\u00a0\u00bb \ud83d\udd34 Page sp\u00e9ciale Russie \ud83d\udc49 Pr\u00e9sent\u00e9e par Anne-Claire Coudray ( @ACCoudray ) \ud83d\udccc Ce dimanche 30 novembre \ud83d\udcfa Dans  #LE20H de  @TF1 pic.twitter.com\/8nEK9NvH7m \u2014 TF1Info (@TF1Info)  November 30, 2025<\/p><\/blockquote>\n<p>ATTAQUE DE DRONE08:08<\/p>\n<p>Sur le clich\u00e9 ci-dessous, une personne constate les d\u00e9g\u00e2ts \u00e0 c\u00f4t\u00e9 d&rsquo;un immeuble r\u00e9sidentiel en feu suite \u00e0 l&rsquo;attaque de drone attribu\u00e9e \u00e0 la Russie sur la ville de Vyshhorod, dans la r\u00e9gion de Kiev, ce dimanche.<\/p>\n<p><img decoding=\"async\" src=\"https:\/\/www.europesays.com\/fr\/wp-content\/uploads\/2025\/11\/attaque-drone-kiev-20a0df-0@1x.jpeg\" alt=\"Roman PILIPEY \/ AFP\" loading=\"lazy\" importance=\"low\" fetchpriority=\"low\" class=\"\"\/>Roman PILIPEY \/ AFPPLAN DE PAIX07:20<\/p>\n<p>La rencontre entre le secr\u00e9taire d&rsquo;\u00c9tat am\u00e9ricain Marco Rubio, l&rsquo;envoy\u00e9 sp\u00e9cial de Donald Trump, Steve Witkoff, Jared Kushner, le gendre du pr\u00e9sident am\u00e9ricain, et la d\u00e9l\u00e9gation ukrainienne en Floride intervient plusieurs jours apr\u00e8s l&rsquo;\u00e9laboration par Washington d&rsquo;un plan pour mettre fin \u00e0 la guerre entre l&rsquo;Ukraine et la Russie.\u00a0<\/p>\n<p>International<img decoding=\"async\" src=\"https:\/\/www.europesays.com\/fr\/wp-content\/uploads\/2025\/11\/trump-zelensky-17-octobre-2025-maison-blanche-19ee60-0@1x.jpeg\" alt=\"Plan de paix pour l'Ukraine : ce que l'on sait de l'accord en 19 points qui a mis d'accord Trump et Zelensky\" loading=\"lazy\" importance=\"low\" fetchpriority=\"low\" class=\"\" aria-hidden=\"true\"\/>[Vid\u00e9o]Publi\u00e9 le 25 novembre 2025 \u00e0 18h48UN MORT ET 11 BLESS\u00c9S PR\u00c8S DE KIEV07:12<\/p>\n<p>Alors que l&rsquo;arm\u00e9e russe progresse dans l&rsquo;est de l&rsquo;Ukraine, une attaque de drones attribu\u00e9e \u00e0 la Russie a fait au moins un mort et 11 bless\u00e9s dans la nuit de samedi \u00e0 dimanche pr\u00e8s de Kiev.<\/p>\n<p>Mykola Kalachnyk, le chef de l&rsquo;administration militaire de la r\u00e9gion de Kiev, a d\u00e9plor\u00e9 sur Telegram qu&rsquo;une \u00ab\u00a0attaque de l&rsquo;ennemi sur Vychhorod ait tu\u00e9 une personne et en ait bless\u00e9 11, dont six ont \u00e9t\u00e9 hospitalis\u00e9es\u00a0\u00bb, \u00e9voquant une nouvelle offensive de \u00ab\u00a0drones\u00a0\u00bb russes, comme tout au long de la nuit de vendredi \u00e0 samedi sur plusieurs quartiers de la capitale ukrainienne.<\/p>\n<p>Quelques heures plus t\u00f4t, Kiev avait revendiqu\u00e9 l&rsquo;attaque de deux p\u00e9troliers en mer Noire, au large de la Turquie, disant avoir frapp\u00e9 avec des drones navals des navires de la flotte fant\u00f4me russe utilis\u00e9e par Moscou pour contourner les sanctions occidentales.<\/p>\n<p>RENCONTRE AU SOMMET EN FLORIDE07:10<\/p>\n<p>Des n\u00e9gociateurs ukrainiens vont discuter ce dimanche aux \u00c9tats-Unis du plan am\u00e9ricain visant \u00e0 trouver une issue \u00e0 la guerre avec la Russie, Kiev \u00e9tant sous fortes pressions militaire et politique.<\/p>\n<p>Ce sont plus pr\u00e9cis\u00e9ment le secr\u00e9taire d&rsquo;\u00c9tat am\u00e9ricain Marco Rubio et l&rsquo;\u00e9missaire de Donald Trump, Steve Witkoff, qui recevront une d\u00e9l\u00e9gation ukrainienne en Floride, selon un responsable am\u00e9ricain.\u00a0<\/p>\n<p>BIENVENUE06:55<\/p>\n<p>Bienvenue dans ce direct consacr\u00e9 \u00e0 la guerre en Ukraine et \u00e0 ses cons\u00e9quences. Retrouvez ici les moments marquants et les images fortes sur ce conflit.<\/p>\n<p data-module=\"article-paragraph\" class=\"jsx-3046738180 Paragraph\">Le secr\u00e9taire d&rsquo;\u00c9tat am\u00e9ricain Marco Rubio et l&rsquo;envoy\u00e9 sp\u00e9cial de Donald Trump, Steve Witkoff, vont rencontrer dimanche une d\u00e9l\u00e9gation ukrainienne en Floride, a d\u00e9clar\u00e9 \u00e0 l&rsquo;AFP un responsable gouvernemental am\u00e9ricain.<\/p>\n<p data-module=\"article-paragraph\" class=\"jsx-3046738180 Paragraph Paragraph__End\">Ils seront accompagn\u00e9s par <a href=\"https:\/\/www.tf1info.fr\/politique\/qui-est-jared-kushner-le-gendre-ideal-conseiller-de-donald-trump-vise-par-l-enquete-du-fbi-sur-la-russie-ingerences-russes-2012965.html\" target=\"_blank\" rel=\"noopener\">Jared Kushner<\/a>, le gendre du pr\u00e9sident am\u00e9ricain, apr\u00e8s la pr\u00e9sentation par Donald Trump ces derniers jours d&rsquo;un plan pour mettre fin \u00e0 la guerre entre l&rsquo;Ukraine et la Russie. Un peu plus t\u00f4t samedi, <a href=\"https:\/\/www.tf1info.fr\/actualite\/volodymyr-zelensky-12882\/\" target=\"_blank\" rel=\"noopener\">le pr\u00e9sident ukrainien Volodymyr Zelensky<\/a> avait annonc\u00e9 l&rsquo;envoi de n\u00e9gociateurs ukrainiens aux \u00c9tats-Unis pour discuter de ce plan.<\/p>\n<p data-module=\"article-paragraph\" class=\"jsx-3046738180 Paragraph Paragraph__End\">Le pr\u00e9sident fran\u00e7ais Emmanuel Macron recevra quant \u00e0 lui lundi \u00e0 Paris son homologue ukrainien Volodymyr Zelensky, a annonc\u00e9 samedi l&rsquo;\u00c9lys\u00e9e, alors qu&rsquo;une \u00e9quipe de n\u00e9gociateurs ukrainiens est partie pour les \u00c9tats-Unis afin de discuter du plan am\u00e9ricain visant \u00e0 <a href=\"https:\/\/www.tf1info.fr\/actualite\/guerre-ukraine-russie-une-rencontre-donald-trump-vladimir-poutine-historique-le-vendredi-15-aout-2025-en-alaska-sans-volodymyr-zelensky-14326\/\" target=\"_blank\" rel=\"noopener\">mettre fin au conflit avec la Russie<\/a>.<\/p>\n<p><a href=\"https:\/\/www.tf1info.fr\/international\/turquie-un-petrolier-de-la-flotte-fantome-russe-attaque-par-un-drone-second-incident-en-24h-2409714.html\" rel=\"noopener\" class=\"jsx-3308031228 Link flex\" target=\"_blank\"><img decoding=\"async\" src=\"https:\/\/www.europesays.com\/fr\/wp-content\/uploads\/2025\/11\/petrolier-flotte-fantome-russe-boracay-d89d83-0@1x.jpeg\" alt=\"Damien MEYER \/ AFP\" loading=\"lazy\" importance=\"low\" fetchpriority=\"low\" class=\"\" aria-hidden=\"true\"\/><\/p>\n<p class=\"jsx-3657663356 ReadMoreArticle__Title\">Lire aussi<\/p>\n<p class=\"jsx-3657663356\">Guerre en Ukraine : un p\u00e9trolier de la flotte fant\u00f4me russe \u00ab\u00a0attaqu\u00e9\u00a0\u00bb par un drone en mer Noire<\/p>\n<p><\/a><\/p>\n<p data-module=\"article-paragraph\" class=\"jsx-3046738180 Paragraph Paragraph__End\">\u00ab\u00a0Les deux dirigeants \u00e9changeront sur la situation et sur les conditions d&rsquo;une paix juste et durable, dans la continuit\u00e9 des discussions de Gen\u00e8ve et du plan am\u00e9ricain et d&rsquo;une concertation \u00e9troite avec nos partenaires europ\u00e9ens\u00a0\u00bb, a indiqu\u00e9 la pr\u00e9sidence fran\u00e7aise.<\/p>\n<p>La r\u00e9daction de TF1info<\/p>\n<p><script async src=\"https:\/\/platform.twitter.com\/widgets.js\" charset=\"utf-8\"><\/script><\/p>\n","protected":false},"excerpt":{"rendered":"Des n\u00e9gociateurs ukrainiens vont discuter dimanche aux \u00c9tats-Unis du plan am\u00e9ricain visant \u00e0 trouver une issue \u00e0 la&hellip;\n","protected":false},"author":2,"featured_media":5029,"comment_status":"","ping_status":"","sticky":false,"template":"","format":"standard","meta":{"footnotes":""},"categories":[1591],"tags":[1111,11,1921,75,1073,1887,1922,12,1885,1886,132,220,1917,67457,133,1920,134],"class_list":{"0":"post-568839","1":"post","2":"type-post","3":"status-publish","4":"format-standard","5":"has-post-thumbnail","7":"category-russie","8":"tag-actu","9":"tag-actualites","10":"tag-article-video","11":"tag-donald-trump","12":"tag-emmanuel-macron","13":"tag-federation-de-russie","14":"tag-info","15":"tag-news","16":"tag-russia","17":"tag-russian-federation","18":"tag-russie","19":"tag-ukraine","20":"tag-ukraine-4-annee-de-guerre","21":"tag-ukraine-russie-la-perspective-de-negociations-relancee","22":"tag-video","23":"tag-video-international","24":"tag-volodymyr-zelensky"},"share_on_mastodon":{"url":"https:\/\/pubeurope.com\/@fr\/115638692022260887","error":""},"_links":{"self":[{"href":"https:\/\/www.europesays.com\/fr\/wp-json\/wp\/v2\/posts\/568839","targetHints":{"allow":["GET"]}}],"collection":[{"href":"https:\/\/www.europesays.com\/fr\/wp-json\/wp\/v2\/posts"}],"about":[{"href":"https:\/\/www.europesays.com\/fr\/wp-json\/wp\/v2\/types\/post"}],"author":[{"embeddable":true,"href":"https:\/\/www.europesays.com\/fr\/wp-json\/wp\/v2\/users\/2"}],"replies":[{"embeddable":true,"href":"https:\/\/www.europesays.com\/fr\/wp-json\/wp\/v2\/comments?post=568839"}],"version-history":[{"count":0,"href":"https:\/\/www.europesays.com\/fr\/wp-json\/wp\/v2\/posts\/568839\/revisions"}],"wp:featuredmedia":[{"embeddable":true,"href":"https:\/\/www.europesays.com\/fr\/wp-json\/wp\/v2\/media\/5029"}],"wp:attachment":[{"href":"https:\/\/www.europesays.com\/fr\/wp-json\/wp\/v2\/media?parent=568839"}],"wp:term":[{"taxonomy":"category","embeddable":true,"href":"https:\/\/www.europesays.com\/fr\/wp-json\/wp\/v2\/categories?post=568839"},{"taxonomy":"post_tag","embeddable":true,"href":"https:\/\/www.europesays.com\/fr\/wp-json\/wp\/v2\/tags?post=568839"}],"curies":[{"name":"wp","href":"https:\/\/api.w.org\/{rel}","templated":true}]}}