{"id":568842,"date":"2025-11-30T12:40:11","date_gmt":"2025-11-30T12:40:11","guid":{"rendered":"https:\/\/www.europesays.com\/fr\/568842\/"},"modified":"2025-11-30T12:40:11","modified_gmt":"2025-11-30T12:40:11","slug":"etats-unis-2-5-new-york-new-york","status":"publish","type":"post","link":"https:\/\/www.europesays.com\/fr\/568842\/","title":{"rendered":"\u00c9tats-Unis 2\/5 &#8211; \u00ab\u00a0New York, New York\u00a0\u00bb"},"content":{"rendered":"<p> Shirine, Maxine et Ludovic \u00e9tudient le cin\u00e9ma \u00e0 l&rsquo;Universit\u00e9 de Lausanne et ont \u00e9t\u00e9 biberonn\u00e9s aux s\u00e9ries am\u00e9ricaines, de \u00ab\u00a0Friends\u00a0\u00bb \u00e0 \u00ab\u00a0Dallas\u00a0\u00bb, en passant par \u00ab\u00a0Twin Peaks\u00a0\u00bb. Leur professeur Charles-Antoine Courcoux y voit la capacit\u00e9 unique des \u00c9tats-Unis \u00e0 produire des contenus de port\u00e9e universelle. De son c\u00f4t\u00e9, l&rsquo;\u00e9crivain et cin\u00e9phile Douglas Kennedy s&rsquo;inqui\u00e8te pour l&rsquo;avenir de la production culturelle de son pays.<\/p>\n<p>Reportages de Mathieu Truffer <br \/>R\u00e9alisation : Sandro Lisci <br \/>Production : Rapha\u00eble Bouchet<\/p>\n","protected":false},"excerpt":{"rendered":"Shirine, Maxine et Ludovic \u00e9tudient le cin\u00e9ma \u00e0 l&rsquo;Universit\u00e9 de Lausanne et ont \u00e9t\u00e9 biberonn\u00e9s aux s\u00e9ries am\u00e9ricaines,&hellip;\n","protected":false},"author":2,"featured_media":568843,"comment_status":"","ping_status":"","sticky":false,"template":"","format":"standard","meta":{"footnotes":""},"categories":[1589],"tags":[11,68389,73,1866,12261,12262,12,1864,1865,1863,308,68390],"class_list":{"0":"post-568842","1":"post","2":"type-post","3":"status-publish","4":"format-standard","5":"has-post-thumbnail","7":"category-etats-unis","8":"tag-actualites","9":"tag-documentaires-et-reportages","10":"tag-etats-unis","11":"tag-etats-unis-damerique","12":"tag-la-1ere","13":"tag-media-radio","14":"tag-news","15":"tag-united-states","16":"tag-united-states-of-america","17":"tag-us","18":"tag-usa","19":"tag-vacarme"},"share_on_mastodon":{"url":"https:\/\/pubeurope.com\/@fr\/115638699666115317","error":""},"_links":{"self":[{"href":"https:\/\/www.europesays.com\/fr\/wp-json\/wp\/v2\/posts\/568842","targetHints":{"allow":["GET"]}}],"collection":[{"href":"https:\/\/www.europesays.com\/fr\/wp-json\/wp\/v2\/posts"}],"about":[{"href":"https:\/\/www.europesays.com\/fr\/wp-json\/wp\/v2\/types\/post"}],"author":[{"embeddable":true,"href":"https:\/\/www.europesays.com\/fr\/wp-json\/wp\/v2\/users\/2"}],"replies":[{"embeddable":true,"href":"https:\/\/www.europesays.com\/fr\/wp-json\/wp\/v2\/comments?post=568842"}],"version-history":[{"count":0,"href":"https:\/\/www.europesays.com\/fr\/wp-json\/wp\/v2\/posts\/568842\/revisions"}],"wp:featuredmedia":[{"embeddable":true,"href":"https:\/\/www.europesays.com\/fr\/wp-json\/wp\/v2\/media\/568843"}],"wp:attachment":[{"href":"https:\/\/www.europesays.com\/fr\/wp-json\/wp\/v2\/media?parent=568842"}],"wp:term":[{"taxonomy":"category","embeddable":true,"href":"https:\/\/www.europesays.com\/fr\/wp-json\/wp\/v2\/categories?post=568842"},{"taxonomy":"post_tag","embeddable":true,"href":"https:\/\/www.europesays.com\/fr\/wp-json\/wp\/v2\/tags?post=568842"}],"curies":[{"name":"wp","href":"https:\/\/api.w.org\/{rel}","templated":true}]}}