{"id":568846,"date":"2025-11-30T12:42:16","date_gmt":"2025-11-30T12:42:16","guid":{"rendered":"https:\/\/www.europesays.com\/fr\/568846\/"},"modified":"2025-11-30T12:42:16","modified_gmt":"2025-11-30T12:42:16","slug":"france-italie-allemagne-qui-doit-decider-face-au-climat-selon-les-citoyens-europeens","status":"publish","type":"post","link":"https:\/\/www.europesays.com\/fr\/568846\/","title":{"rendered":"France, Italie, Allemagne&#8230;Qui doit d\u00e9cider face au climat selon les citoyens europ\u00e9ens ?"},"content":{"rendered":"<p>  <img decoding=\"async\" fetchpriority=\"high\" src=\"https:\/\/www.europesays.com\/fr\/wp-content\/uploads\/2025\/11\/france-italie-allemagne-qui-doit-decider-face-au-climat-selon-les-citoyens-europeens-transition-ecol.jpeg\"  width=\"768\" height=\"432\" alt=\"Les Europ\u00e9ens restent convaincus qu\u2019une action rapide et forte peut encore limiter les pires impacts du r\u00e9chauffement climatique.\" title=\"Les Europ\u00e9ens restent convaincus qu\u2019une action rapide et forte peut encore limiter les pires impacts du r\u00e9chauffement climatique.\" data-image=\"hg8twk54t46v\"\/>Les Europ\u00e9ens restent convaincus qu\u2019une action rapide et forte peut encore limiter les pires impacts du r\u00e9chauffement climatique.   <img decoding=\"async\" fetchpriority=\"high\" src=\"https:\/\/www.europesays.com\/fr\/wp-content\/uploads\/2025\/08\/mamy-nirina-rolland.jpg\" alt=\"Mamy Nirina Rolland Randrianarivelo\" width=\"40\" height=\"40\"\/>    <a class=\"nombre text-hv\" href=\"https:\/\/www.tameteo.com\/auteur\/mamy-nirina-rolland\/\" title=\"Mamy Nirina Rolland Randrianarivelo\" target=\"_blank\" rel=\"noopener\">Mamy Nirina Rolland Randrianarivelo<\/a>       30\/11\/2025 12:02   6 min   <\/p>\n<p>Lorsque la COP30 a referm\u00e9 ses portes \u00e0 Bel\u00e9m le 22 novembre 2025, beaucoup ont ressenti un go\u00fbt d\u2019inachev\u00e9. Cette conf\u00e9rence organis\u00e9e au c\u0153ur de l\u2019Amazonie promettait un <strong>sursaut mondial<\/strong> ; elle s\u2019est finalement <strong>conclue par un accord a minima,<\/strong> <strong>d\u00e9pourvu de feuille de route cr\u00e9dible<\/strong> pour sortir des \u00e9nergies fossiles. Le <strong>\u00ab Mutir\u00e3o global \u00bb,<\/strong> th\u00e9oriquement con\u00e7u comme un effort collectif plan\u00e9taire, reste plus <strong>une intention qu\u2019un moteur d\u2019action<\/strong>.<\/p>\n<p>Bien s\u00fbr, quelques avanc\u00e9es ont \u00e9t\u00e9 mises en avant : un <strong>fonds pour les for\u00eats tropicales<\/strong>, un <strong>triplement annonc\u00e9 du financement de l\u2019adaptation d\u2019ici 2035<\/strong>, des <strong>initiatives volontaires sur le m\u00e9thane <\/strong>ou encore la <strong>cr\u00e9ation d\u2019une Task Force Oc\u00e9an<\/strong>. Mais ces progr\u00e8s modestes ne suffisent pas \u00e0 masquer l\u2019essentiel :<strong> l\u2019ambition collective fait encore d\u00e9faut<\/strong>. <\/p>\n<p>En climatologie, la physique ne n\u00e9gocie pas, et <strong>l\u2019absence de d\u00e9cision forte sur les combustibles fossiles laisse une br\u00e8che<\/strong>. Dans cette br\u00e8che, les attentes des citoyens europ\u00e9ens s\u2019engouffrent. Si la sc\u00e8ne internationale peine \u00e0 avancer, alors qui doit d\u00e9cider, et \u00e0 quelle \u00e9chelle, pour que l\u2019Europe joue enfin son r\u00f4le ?<\/p>\n<p>L&rsquo;inqui\u00e9tude climatique, un sentiment largement partag\u00e9<\/p>\n<p>Les <strong>r\u00e9sultats de YouGov<\/strong> prennent tout leur sens apr\u00e8s cette <strong>COP30 d\u00e9cevante<\/strong>. Dans six pays d\u2019Europe occidentale, une majorit\u00e9 de citoyens se disent pr\u00e9occup\u00e9s par le r\u00e9chauffement :<strong> 76 % <\/strong>en Italie, <strong>74 % en Espagne, 69 % <\/strong>au Danemark,<strong> 63 % <\/strong>en Allemagne,<strong> 62 % <\/strong>au Royaume-Uni et <strong>53 % en France<\/strong>. Cette inqui\u00e9tude, n\u2019a jamais \u00e9t\u00e9 aussi <strong>profond\u00e9ment ancr\u00e9e<\/strong>. Elle traduit la conscience d\u2019un <strong>d\u00e9r\u00e8glement d\u00e9sormais visible dans le quotidien<\/strong>.<\/p>\n<p>Pourtant, et c\u2019est un point crucial, un optimisme d\u00e9termin\u00e9 subsiste : une majorit\u00e9 des sond\u00e9s estime encore<strong> possible<\/strong><strong> d\u2019\u00e9viter les pires impacts du changement climatique si les politiques changent radicalement.<\/strong> L\u2019Espagne incarne cette confiance (65 %), quand l\u2019Allemagne avance plus prudemment (46 %).<\/p>\n<p>Entre responsabilit\u00e9 historique et d\u00e9sir de coop\u00e9ration<\/p>\n<p>Apr\u00e8s la COP30, les Europ\u00e9ens semblent avoir compris qu\u2019<strong>aucun pays ne peut affronter seul un d\u00e9fi aussi syst\u00e9mique. <\/strong>L\u2019Europe est le<strong> troisi\u00e8me \u00e9metteur mondial de <\/strong><strong>CO\u2082<\/strong> issu des carburants, avec l\u2019Allemagne et le Royaume-Uni parmi les plus gros contributeurs. Cette r\u00e9alit\u00e9 alimente l\u2019id\u00e9e que <strong>les d\u00e9cisions doivent d\u00e9passer les fronti\u00e8res nationales<\/strong>.<\/p>\n<p><a class=\"imagen \" href=\"https:\/\/www.tameteo.com\/actualites\/previsions\/menace-d-un-hiver-record-un-expert-met-en-garde-le-vortex-polaire-n-a-jamais-ete-aussi-instable-depuis-des-annees-froid-neige.html\" title=\"Menace d&#039;un hiver record ? Un expert met en garde : &#039;le vortex polaire n\u2019a jamais \u00e9t\u00e9 aussi instable depuis des ann\u00e9es&#039;\" target=\"_blank\" rel=\"noopener\"><img loading=\"lazy\" decoding=\"async\" fetchpriority=\"low\" class=\"lazy img-body non-editable\" src=\"https:\/\/www.europesays.com\/fr\/wp-content\/uploads\/2025\/11\/droht-uns-ein-rekordwinter-2025-26-wetterforscher-warnt-so-instabil-war-der-polarwirbel-seit-jahren-.jpeg\"  width=\"320\" height=\"225\" alt=\"Menace d'un hiver record ? Un expert met en garde : 'le vortex polaire n\u2019a jamais \u00e9t\u00e9 aussi instable depuis des ann\u00e9es'\"\/><\/a><\/p>\n<p>Mais l\u2019autre enseignement marquant des enqu\u00eates YouGov et EuroTrack est plus inattendu : bien que les<strong> pays<\/strong><strong> riches soient <\/strong><strong>responsables <\/strong>de pr\u00e8s des<strong> deux<\/strong><strong> tiers des \u00e9missions historiques,<\/strong> <strong>moins d\u2019un citoyen europ\u00e9en sur <\/strong><strong>cinq <\/strong>pense qu\u2019ils devraient assumer seuls la responsabilit\u00e9 de l\u2019action climatique.<\/p>\n<p>L&rsquo;UE comme capitaine ou comme copilote ?<\/p>\n<p><strong>Les divergences se pr\u00e9cisent ici<\/strong>. Et elles rappellent que la politique climatique reste profond\u00e9ment humaine. En <strong>Espagne, au Danemark et en Allemagne,<\/strong> une majorit\u00e9 exprime clairement le souhait que les<strong> d\u00e9cisions climatiques soient prises par l\u2019Union europ\u00e9enne <\/strong>pour l\u2019ensemble de ses membres. L\u2019id\u00e9e d\u2019un cap commun, d\u2019une <strong>coh\u00e9rence strat\u00e9gique<\/strong>, y appara\u00eet comme une <strong>\u00e9vidence<\/strong>.<\/p>\n<p><img loading=\"lazy\" decoding=\"async\" fetchpriority=\"low\" class=\"lazy \" src=\"https:\/\/www.europesays.com\/fr\/wp-content\/uploads\/2025\/11\/france-italie-allemagne-qui-doit-decider-face-au-climat-selon-les-citoyens-europeens-transition-ecol.png\"  width=\"768\" height=\"432\" alt=\"Qui devrait d\u00e9cider des politiques climatiques en Europe ? Bleu : l\u2019Union europ\u00e9enne au nom de tous ses \u00c9tats membres. Rouge : chaque gouvernement national, ind\u00e9pendamment de l\u2019UE. @ YouGov\" title=\"Qui devrait d\u00e9cider des politiques climatiques en Europe ? Bleu : l\u2019Union europ\u00e9enne au nom de tous ses \u00c9tats membres. Rouge : chaque gouvernement national, ind\u00e9pendamment de l\u2019UE. @ YouGov\" data-image=\"yg1ubpqpqt88\"\/>Qui devrait d\u00e9cider des politiques climatiques en Europe ? Bleu : l\u2019Union europ\u00e9enne au nom de tous ses \u00c9tats membres. Rouge : chaque gouvernement national, ind\u00e9pendamment de l\u2019UE. @ YouGov<\/p>\n<p>En<strong> France et en Italie, <\/strong>les<strong> opinions se fracturent davantage<\/strong>. Beaucoup souhaitent que <strong>chaque gouvernement garde la main,<\/strong> comme si la proximit\u00e9 avec les institutions nationales offrait davantage de contr\u00f4le, ou davantage de confiance. Les \u00e9tudes r\u00e9v\u00e8lent d\u2019ailleurs une constante : quand il s\u2019agit d\u2019<strong>\u00e9ducation, de sant\u00e9, de fiscalit\u00e9 ou de travail<\/strong>, tous les pays, sans exception, pr\u00e9f\u00e8rent une<strong> gouvernance<\/strong><strong> nationale<\/strong>. Mais <strong>d\u00e8s que l\u2019on parle de climat, la question reste ouverte<\/strong>, presque intime.<\/p>\n<p>Le verdict ?<\/p>\n<p>Les Europ\u00e9ens ne s\u2019accordent pas sur l\u2019\u00e9chelle id\u00e9ale de d\u00e9cision, mais ils sont <strong>unanimes sur l\u2019essentiel : ils veulent des politiques climatiques efficaces<\/strong>, ambitieuses et compr\u00e9hensibles. Ils veulent un cap clair.<\/p>\n<p><a class=\"imagen \" href=\"https:\/\/www.tameteo.com\/actualites\/previsions\/l-hiver-europeen-2025-2026-peut-il-basculer-sous-l-effet-de-la-nina-et-d-un-vortex-polaire-affaibli-les-previsions-se-precisent.html\" title=\"L&#039;hiver europ\u00e9en 2025-2026 peut-il basculer sous l&#039;effet de La Ni\u00f1a et d&#039;un vortex polaire affaibli ? Les pr\u00e9visions.\" target=\"_blank\" rel=\"noopener\"><img loading=\"lazy\" decoding=\"async\" fetchpriority=\"low\" class=\"lazy img-body non-editable\" src=\"https:\/\/www.europesays.com\/fr\/wp-content\/uploads\/2025\/11\/l-hiver-europeen-2025-2026-peut-il-basculer-sous-l-effet-de-la-nina-et-d-un-vortex-polaire-affaibli-.png\"  width=\"320\" height=\"225\" alt=\"L'hiver europ\u00e9en 2025-2026 peut-il basculer sous l'effet de La Ni\u00f1a et d'un vortex polaire affaibli ? Les pr\u00e9visions.\"\/><\/a><\/p>\n<p>Les chiffres montrent clairement que le climat n\u2019attend pas. Entre gouvernance europ\u00e9enne et souverainet\u00e9 nationale, le d\u00e9bat reste ouvert, <strong>mais l\u2019urgence d\u2019agir rassemble d\u00e9j\u00e0 les citoyens autour d\u2019une m\u00eame volont\u00e9.<\/strong><\/p>\n<p>R\u00e9f\u00e9rences de l&rsquo;article<\/p>\n<p>Trindade Pereira, I., &amp; Yilmaz, M. C. (2025, 18 novembre). <a href=\"https:\/\/fr.euronews.com\/my-europe\/2025\/11\/18\/quel-est-le-point-de-vue-des-citoyens-europeens-sur-le-changement-climatique?\" target=\"_blank\" rel=\"noopener\">Quel est le point de vue des citoyens europ\u00e9ens sur le changement climatique ?<\/a> Euronews.<\/p>\n<p>YouGov. (2025). <a href=\"https:\/\/fr.yougov.com\/international\/articles\/53279-eurotrack-quelles-decisions-devraient-relever-de-lunion-europeenne-et-lesquelles-des-gouvernements-nationaux\" target=\"_blank\" rel=\"noopener\">EuroTrack : Quelles d\u00e9cisions devraient relever de l\u2019Union europ\u00e9enne et lesquelles des gouvernements nationaux ?<\/a> <\/p>\n<p>Minist\u00e8re de la Transition \u00e9cologique. (2025, 22 novembre).<a href=\"https:\/\/www.ecologie.gouv.fr\/actualites\/cop30-climat-accord-minima#:~:text=La%20COP30%20de%20Bel%C3%A9m%20(Br%C3%A9sil,grands%20producteurs%20d&#039;%C3%A9nergies%20fossiles.\" target=\"_blank\" rel=\"noopener\"> COP30 climat : un accord a minima. <\/a><\/p>\n","protected":false},"excerpt":{"rendered":"Les Europ\u00e9ens restent convaincus qu\u2019une action rapide et forte peut encore limiter les pires impacts du r\u00e9chauffement climatique.&hellip;\n","protected":false},"author":2,"featured_media":568847,"comment_status":"","ping_status":"","sticky":false,"template":"","format":"standard","meta":{"footnotes":""},"categories":[1587],"tags":[11,672,1804,15964,1129,53082,1805,1803,1777,674,27,1801,12,1802,364],"class_list":{"0":"post-568846","1":"post","2":"type-post","3":"status-publish","4":"format-standard","5":"has-post-thumbnail","7":"category-allemagne","8":"tag-actualites","9":"tag-allemagne","10":"tag-bundesrepublik-deutschland","11":"tag-citoyennete","12":"tag-climat","13":"tag-cop30","14":"tag-de","15":"tag-deutschland","16":"tag-eu","17":"tag-europe","18":"tag-france","19":"tag-germany","20":"tag-news","21":"tag-republique-federale-dallemagne","22":"tag-union-europeenne"},"share_on_mastodon":{"url":"https:\/\/pubeurope.com\/@fr\/115638707832271510","error":""},"_links":{"self":[{"href":"https:\/\/www.europesays.com\/fr\/wp-json\/wp\/v2\/posts\/568846","targetHints":{"allow":["GET"]}}],"collection":[{"href":"https:\/\/www.europesays.com\/fr\/wp-json\/wp\/v2\/posts"}],"about":[{"href":"https:\/\/www.europesays.com\/fr\/wp-json\/wp\/v2\/types\/post"}],"author":[{"embeddable":true,"href":"https:\/\/www.europesays.com\/fr\/wp-json\/wp\/v2\/users\/2"}],"replies":[{"embeddable":true,"href":"https:\/\/www.europesays.com\/fr\/wp-json\/wp\/v2\/comments?post=568846"}],"version-history":[{"count":0,"href":"https:\/\/www.europesays.com\/fr\/wp-json\/wp\/v2\/posts\/568846\/revisions"}],"wp:featuredmedia":[{"embeddable":true,"href":"https:\/\/www.europesays.com\/fr\/wp-json\/wp\/v2\/media\/568847"}],"wp:attachment":[{"href":"https:\/\/www.europesays.com\/fr\/wp-json\/wp\/v2\/media?parent=568846"}],"wp:term":[{"taxonomy":"category","embeddable":true,"href":"https:\/\/www.europesays.com\/fr\/wp-json\/wp\/v2\/categories?post=568846"},{"taxonomy":"post_tag","embeddable":true,"href":"https:\/\/www.europesays.com\/fr\/wp-json\/wp\/v2\/tags?post=568846"}],"curies":[{"name":"wp","href":"https:\/\/api.w.org\/{rel}","templated":true}]}}