{"id":568854,"date":"2025-11-30T12:46:14","date_gmt":"2025-11-30T12:46:14","guid":{"rendered":"https:\/\/www.europesays.com\/fr\/568854\/"},"modified":"2025-11-30T12:46:14","modified_gmt":"2025-11-30T12:46:14","slug":"avant-la-greve-le-ministre-de-la-fonction-publique-ecarte-laugmentation-des-salaires","status":"publish","type":"post","link":"https:\/\/www.europesays.com\/fr\/568854\/","title":{"rendered":"Avant la gr\u00e8ve, le ministre de la Fonction publique \u00e9carte l\u2019augmentation des salaires"},"content":{"rendered":"<p>        <img decoding=\"async\" loading=\"lazy\" src=\"https:\/\/www.europesays.com\/fr\/wp-content\/uploads\/2025\/11\/d504091_upload-1-ycgxebov58ui-afp-20251104-hl-xbouzas-2942883-v1-highres-francepoliticsmeetingpensio.jpeg\"  width=\"728\" height=\"410\" alt=\"Le ministre d\u00e9l\u00e9gu\u00e9 \u00e0 la Fonction publique David Amiel ici le 4\u00a0novembre 2025.\"\/>  <\/p>\n<p>XOSE BOUZAS \/ Hans Lucas via AFP<\/p>\n<p>Le ministre d\u00e9l\u00e9gu\u00e9 \u00e0 la Fonction publique David Amiel ici le 4\u00a0novembre 2025.<\/p>\n<p>      <strong>EN BREF<\/strong> <strong>\u2022 <\/strong>Trois syndicats appellent \u00e0 une gr\u00e8ve interprofessionnelle le 2 d\u00e9cembre pour contester le budget 2026.<br \/><strong>\u2022 <\/strong>Le ministre de la Fonction publique, David Amiel, exclut une hausse g\u00e9n\u00e9rale des salaires en raison de contraintes budg\u00e9taires.<br \/><strong>\u2022 <\/strong>Des perturbations sont attendues dans les transports et l\u2019\u00c9ducation nationale, avec des manifestations pr\u00e9vues partout en France.                         <\/p>\n<p class=\"asset asset-text\">La premi\u00e8re semaine de d\u00e9cembre sera marqu\u00e9e par un mouvement social. La CGT, la FSU et Solidaires, qui contestent <a href=\"https:\/\/www.huffingtonpost.fr\/politique\/article\/un-retour-au-49-3-sur-le-budget-l-idee-fait-son-chemin-au-parti-socialiste_257686.html\" target=\"_blank\" rel=\"noopener\">le budget 2026 du gouvernement<\/a>, appellent \u00e0 une gr\u00e8ve interprofessionnelle mardi 2\u00a0d\u00e9cembre, pour faire pression sur le gouvernement.<\/p>\n<p class=\"asset asset-text\">\u00ab\u00a0\u00c0 ce stade, les pr\u00e9avis d\u00e9pos\u00e9s couvrent principalement la fonction publique. L\u2019appel intersyndical vise toutefois l\u2019ensemble des salari\u00e9\u00b7es et encourage l\u2019organisation d\u2019assembl\u00e9es g\u00e9n\u00e9rales pour d\u00e9cider des revendications localement, \u00e0 commencer par les augmentations de salaires\u00a0\u00bb, est-il \u00e9crit dans\u00a0<a href=\"https:\/\/www.cestlagreve.fr\/greve\/greve-generale-2-decembre-2025\/\" target=\"_blank\" rel=\"noopener\" title=\"Nouvelle fen\u00eatre\">le communiqu\u00e9 commun des syndicats<\/a>.<\/p>\n<p class=\"asset asset-text\">Ils d\u00e9noncent des \u00ab\u00a0r\u00e9gressions nombreuses et graves\u00a0\u00bb pour les travailleurs et les services publics. Ils concentrent notamment leurs revendications autour de la justice sociale et fiscale, du retrait des suppressions d\u2019emplois ou encore la hausse g\u00e9n\u00e9rale des salaires, ceci afin de compenser le gel du point d\u2019indice, <a href=\"https:\/\/www.tf1info.fr\/societe\/previsions-greve-du-2-decembre-2025-ecoles-transports-a-quelles-perturbations-faut-il-s-attendre-2409617.html\" target=\"_blank\" rel=\"noopener\" title=\"Nouvelle fen\u00eatre\">indique TF1\u00a0Info<\/a>.<\/p>\n<p>                     \u00ab\u00a0Tout le monde conna\u00eet la contrainte budg\u00e9taire dans laquelle on est\u00a0\u00bb    <\/p>\n<p class=\"asset asset-text\">Sur la question des salaires, le ministre de la Fonction publique a r\u00e9pondu directement aux syndicats deux jours avant la gr\u00e8ve. \u00ab\u00a0On sait que dans le contexte actuel, on ne pourra pas avoir une augmentation g\u00e9n\u00e9rale l\u2019ann\u00e9e prochaine des r\u00e9mun\u00e9rations dans la fonction publique. Tout le monde conna\u00eet la contrainte budg\u00e9taire dans laquelle on est\u00a0\u00bb, a pr\u00e9venu David Amiel sur franceinfo ce dimanche 30\u00a0novembre.<\/p>\n<p class=\"asset asset-text\">\u00ab\u00a0Je crois en revanche qu\u2019il y a beaucoup de choses que l\u2019on peut faire pour am\u00e9liorer la vie quotidienne des agents publics, y compris sur des choses qui p\u00e8sent lourdement sur leur pouvoir d\u2019achat, (&#8230;) [comme] le logement (&#8230;). Je souhaite que l\u2019on puisse rapprocher les agents publics de leur lieu de travail\u00a0\u00bb, a-t-il ajout\u00e9.<\/p>\n<p> La lecture de ce contenu est susceptible d\u2019entra\u00eener un d\u00e9p\u00f4t de cookies de la part de l\u2019op\u00e9rateur tiers qui l\u2019h\u00e9berge. Compte-tenu des choix que vous avez exprim\u00e9s en mati\u00e8re de d\u00e9p\u00f4t de cookies, nous avons bloqu\u00e9 l\u2019affichage de ce contenu. Si vous souhaitez y acc\u00e9der, vous devez accepter la cat\u00e9gorie de cookies \u201cContenus tiers\u201d en cliquant sur le bouton ci-dessous. <\/p>\n<p> Lire la Vid\u00e9o        <\/p>\n<p class=\"asset asset-text\">Pour l\u2019heure, des perturbations sont attendues ce mardi dans les transports en commun et \u00e0 la SNCF, qui donnera ses pr\u00e9visions de trafic lundi \u00e0 17h au plus tard. L\u2019a\u00e9rien ne devrait pas \u00eatre touch\u00e9. On attend aussi des perturbations au sein de l\u2019\u00c9ducation nationale. Les trois syndicats annoncent par ailleurs des manifestations \u00ab\u00a0partout en France\u00a0\u00bb.<\/p>\n","protected":false},"excerpt":{"rendered":"XOSE BOUZAS \/ Hans Lucas via AFP Le ministre d\u00e9l\u00e9gu\u00e9 \u00e0 la Fonction publique David Amiel ici le&hellip;\n","protected":false},"author":2,"featured_media":568855,"comment_status":"","ping_status":"","sticky":false,"template":"","format":"standard","meta":{"footnotes":""},"categories":[2],"tags":[11,1274,1273,1011,27,6151,12,316,25,11564],"class_list":{"0":"post-568854","1":"post","2":"type-post","3":"status-publish","4":"format-standard","5":"has-post-thumbnail","7":"category-actualites","8":"tag-actualites","9":"tag-fonction-publique","10":"tag-fonctionnaires","11":"tag-fr","12":"tag-france","13":"tag-greve","14":"tag-news","15":"tag-politique","16":"tag-republique-francaise","17":"tag-syndicat"},"share_on_mastodon":{"url":"https:\/\/pubeurope.com\/@fr\/115638724051475388","error":""},"_links":{"self":[{"href":"https:\/\/www.europesays.com\/fr\/wp-json\/wp\/v2\/posts\/568854","targetHints":{"allow":["GET"]}}],"collection":[{"href":"https:\/\/www.europesays.com\/fr\/wp-json\/wp\/v2\/posts"}],"about":[{"href":"https:\/\/www.europesays.com\/fr\/wp-json\/wp\/v2\/types\/post"}],"author":[{"embeddable":true,"href":"https:\/\/www.europesays.com\/fr\/wp-json\/wp\/v2\/users\/2"}],"replies":[{"embeddable":true,"href":"https:\/\/www.europesays.com\/fr\/wp-json\/wp\/v2\/comments?post=568854"}],"version-history":[{"count":0,"href":"https:\/\/www.europesays.com\/fr\/wp-json\/wp\/v2\/posts\/568854\/revisions"}],"wp:featuredmedia":[{"embeddable":true,"href":"https:\/\/www.europesays.com\/fr\/wp-json\/wp\/v2\/media\/568855"}],"wp:attachment":[{"href":"https:\/\/www.europesays.com\/fr\/wp-json\/wp\/v2\/media?parent=568854"}],"wp:term":[{"taxonomy":"category","embeddable":true,"href":"https:\/\/www.europesays.com\/fr\/wp-json\/wp\/v2\/categories?post=568854"},{"taxonomy":"post_tag","embeddable":true,"href":"https:\/\/www.europesays.com\/fr\/wp-json\/wp\/v2\/tags?post=568854"}],"curies":[{"name":"wp","href":"https:\/\/api.w.org\/{rel}","templated":true}]}}