{"id":568866,"date":"2025-11-30T12:55:19","date_gmt":"2025-11-30T12:55:19","guid":{"rendered":"https:\/\/www.europesays.com\/fr\/568866\/"},"modified":"2025-11-30T12:55:19","modified_gmt":"2025-11-30T12:55:19","slug":"wout-van-aert-relance-le-debat-sur-un-cyclisme-a-bout-de-souffle","status":"publish","type":"post","link":"https:\/\/www.europesays.com\/fr\/568866\/","title":{"rendered":"Wout van Aert relance le d\u00e9bat sur un cyclisme \u00e0 bout de souffle"},"content":{"rendered":"<p>Alors que le cyclisme traverse une zone de turbulences \u00e9conomiques sans pr\u00e9c\u00e9dent, Wout van Aert brise un tabou. Le Belge, figure majeure du peloton, plaide pour une r\u00e9volution culturelle et faire contribuer financi\u00e8rement les spectateurs afin de renforcer un mod\u00e8le fragilis\u00e9 par les disparitions d\u2019\u00e9quipes et l\u2019absence de redistribution t\u00e9l\u00e9.<\/p>\n<p>Les lignes bougent dans le monde du cyclisme, et <a href=\"https:\/\/rmcsport.bfmtv.com\/cyclisme\/wout-van-aert_DN-202108310496.html\" title=\"Wout Van Aert\" class=\"internal_link\" target=\"_blank\" rel=\"noopener\">Wout van Aert<\/a> s\u2019affirme comme l\u2019un des porteurs du changement. Le coureur de la Visma-Lease a Bike ne cache plus son inqui\u00e9tude face \u00e0 un mod\u00e8le qu\u2019il juge exsangue. \u00ab\u00a0Je pense que cette fragilit\u00e9 serait bien moindre si, en plus des revenus de sponsoring, il y avait aussi des revenus provenant du sport lui-m\u00eame. Les droits de t\u00e9l\u00e9vision, par exemple, ou d\u2019autres organisations\u00a0\u00bb, explique-t-il aupr\u00e8s de <a href=\"https:\/\/www.tijd.be\/ondernemen\/sport\/wout-van-aert-wordt-koers-minder-volks-als-je-vijf-euro-inkom-vraagt\/10638175.html\" target=\"_blank\" class=\"external_link\" rel=\"noopener\">De Tijd<\/a>.<\/p>\n<p>Alors que certaines \u00e9quipes disparaissent, comme <a href=\"https:\/\/rmcsport.bfmtv.com\/cyclisme\/l-uci-doit-faire-quelque-chose-sinon-on-va-crever-le-desespoir-du-patron-d-arkea-b-b-hotels-apres-la-disparition-de-son-equipe-professionnelle_AV-202510190342.html\" title=\"&quot;L\u2019UCI doit faire quelque chose, sinon on va crever&quot;: le d\u00e9sespoir du patron d\u2019Arkea B&amp;B Hotels apr\u00e8s la disparition de son \u00e9quipe professionnelle\" class=\"internal_link\" target=\"_blank\" rel=\"noopener\">Ark\u00e9a B&amp;B Hotels<\/a>, et que d&rsquo;autres perdent leur sponsor-titre, \u00e0 l\u2019image de <a href=\"https:\/\/rmcsport.bfmtv.com\/cyclisme\/uci-world-tour\/equipe-francaise-cherche-partenaire-total-energies-ne-sera-plus-le-sponsor-titre-de-la-formation-de-jean-rene-bernaudeau-apres-2026_AV-202509260512.html\" title=\"Equipe fran\u00e7aise cherche partenaire: TotalEnergies ne sera plus le sponsor-titre de la formation de Jean-Ren\u00e9 Bernaudeau apr\u00e8s 2026\" class=\"internal_link\" target=\"_blank\" rel=\"noopener\">TotalEnergies<\/a>, le Belge constate un syst\u00e8me \u00e0 bout de souffle, incapable de prot\u00e9ger ses acteurs les plus vuln\u00e9rables. \u00ab\u00a0Dans le cyclisme, nous sommes peut-\u00eatre un peu trop ax\u00e9s sur le charme et le folklore. Si vous faites payer 5 euros l\u2019entr\u00e9e, cela ne veut pas dire que ce n\u2019est plus populaire. Le cyclocross aussi est payant, et il n\u2019y a rien de plus populaire\u00a0\u00bb, insiste-t-il dans une prise de position assum\u00e9e.<\/p>\n<p>Un \u00e9cart grandissant entre les \u00e9quipes<\/p>\n<p>Le constat de van Aert d\u00e9passe la simple r\u00e9flexion sur la billetterie. Le Belge pointe du doigt un foss\u00e9 qui se creuse dangereusement entre les g\u00e9ants du World Tour et les \u00e9quipes en survie permanente. \u00ab\u00a0Il y a des sponsors qui peuvent dire: voici 100 millions, faites-en ce que vous voulez. Mais nous continuerons alors \u00e0 faire les choses de la m\u00eame mani\u00e8re qu\u2019aujourd\u2019hui. Et les \u00e9quipes en difficult\u00e9 n\u2019en profiteront toujours pas et le foss\u00e9 ne fera que se creuser. C\u2019est tout le mod\u00e8le de revenus qui est en cause.\u00a0\u00bb<\/p>\n<p>Dans un sport o\u00f9 la redistribution des droits t\u00e9l\u00e9 n\u2019existe quasiment pas, o\u00f9 les budgets peuvent varier du simple au d\u00e9cuple, l\u2019\u00e9mergence de mastodontes comme <a href=\"https:\/\/rmcsport.bfmtv.com\/cyclisme\/uci-world-tour\/la-direction-est-devenue-tres-agressive-ayuso-regle-ses-comptes-apres-son-depart-houleux-de-l-equipe-uae-team-emirates-xrg_AV-202510090559.html\" title=\"&quot;La direction est devenue tr\u00e8s agressive&quot;: Ayuso r\u00e8gle ses comptes apr\u00e8s son d\u00e9part houleux de l&#039;\u00e9quipe UAE Team Emirates-XRG\" class=\"internal_link\" target=\"_blank\" rel=\"noopener\">UAE Team Emirates-XRG<\/a>, boost\u00e9s par des ressources illimit\u00e9es, accentue les d\u00e9s\u00e9quilibres. Pour les formations les plus modestes, conserver leur place en World Tour rel\u00e8ve d\u2019un tour de force annuel. Cette fracture structurelle alimente les inqui\u00e9tudes d\u2019un peloton qui voit son avenir s\u2019assombrir de plus en plus.<\/p>\n<p>Une mutation in\u00e9vitable\u2026 mais des r\u00e9sistances fortes<\/p>\n<p>La prise de parole de van Aert s\u2019inscrit dans un mouvement plus large. Des voix comme celle de J\u00e9r\u00f4me Pineau d\u00e9noncent depuis des mois un syst\u00e8me au bord du pr\u00e9cipice.<\/p>\n<p>\u00ab\u00a0Aujourd&rsquo;hui on est dans un syst\u00e8me d&rsquo;ultra-riches, mais il n&rsquo;y a pas d&rsquo;oseille\u00a0\u00bb, d\u00e9plorait le consultant RMC dans le podcast Grand Plateau. \u00ab\u00a0Le v\u00e9lo est en train de se tuer \u00e0 cause de \u00e7a. Je suis tr\u00e8s inquiet pour mon sport.\u00a0\u00bb Pineau n\u2019avait d\u2019ailleurs pas h\u00e9sit\u00e9 \u00e0 proposer des solutions radicales: \u00ab\u00a0Je vais choquer du monde mais aujourd&rsquo;hui on a cr\u00e9\u00e9 une \u00e9tape qui va faire deux fois l&rsquo;Alpe d&rsquo;Huez, privatisons les cinq derniers kilom\u00e8tres de l&rsquo;Alpe d&rsquo;Huez, faisons payer l&rsquo;entr\u00e9e, faisons des VIP, cr\u00e9ons quelque chose pour faire gagner de l&rsquo;argent!\u00a0\u00bb<\/p>\n<p><img decoding=\"async\" src=\"https:\/\/www.europesays.com\/fr\/wp-content\/uploads\/2025\/08\/principale-11_1.png\"  alt=\"Le mod\u00e8le du cyclisme fran\u00e7ais est-il vou\u00e9 \u00e0 dispara\u00eetre ? \" title=\"Le mod\u00e8le du cyclisme fran\u00e7ais est-il vou\u00e9 \u00e0 dispara\u00eetre ? \"\/>Le mod\u00e8le du cyclisme fran\u00e7ais est-il vou\u00e9 \u00e0 dispara\u00eetre ?<\/p>\n<p>Cependant, malgr\u00e9 l\u2019urgence, les organisateurs restent prudents, voire fermement oppos\u00e9s \u00e0 l\u2019id\u00e9e de faire payer le public. ASO, qui refuse cat\u00e9goriquement d\u2019instaurer une billetterie, le rappelle: \u00ab\u00a0Par essence, le sport cycliste est gratuit et instaurer une billetterie n&rsquo;est absolument pas d&rsquo;actualit\u00e9\u00a0\u00bb, expliquait r\u00e9cemment Pierre-Yves Thouault, directeur adjoint du d\u00e9partement cyclisme aupr\u00e8s du journal <strong><a href=\"https:\/\/www.dhnet.be\/sports\/cyclisme\/2025\/11\/16\/faut-il-rendre-payant-lacces-aux-cols-du-tour-de-france-voici-la-reponse-daso-55DITUFG3VHIFEWNH47C6CRA2Q\/\" target=\"_blank\" class=\"external_link\" rel=\"noopener\">DH Les Sports+<\/a><\/strong><\/p>\n<p>Entre un mod\u00e8le historique fond\u00e9 sur la gratuit\u00e9 et un peloton qui r\u00e9clame de nouvelles ressources pour survivre, le d\u00e9bat semble d\u00e9sormais in\u00e9vitable. Et la sortie de Wout van Aert pourrait bien marquer un tournant dans une r\u00e9flexion devenue urgente. Comment sauver un sport populaire\u2026 sans renoncer \u00e0 ce qui fait justement sa popularit\u00e9?<\/p>\n","protected":false},"excerpt":{"rendered":"Alors que le cyclisme traverse une zone de turbulences \u00e9conomiques sans pr\u00e9c\u00e9dent, Wout van Aert brise un tabou.&hellip;\n","protected":false},"author":2,"featured_media":568867,"comment_status":"","ping_status":"","sticky":false,"template":"","format":"standard","meta":{"footnotes":""},"categories":[1411],"tags":[1154,207,1011,27,60],"class_list":{"0":"post-568866","1":"post","2":"type-post","3":"status-publish","4":"format-standard","5":"has-post-thumbnail","7":"category-cyclisme","8":"tag-cycling","9":"tag-cyclisme","10":"tag-fr","11":"tag-france","12":"tag-sports"},"share_on_mastodon":{"url":"https:\/\/pubeurope.com\/@fr\/115638759671203519","error":""},"_links":{"self":[{"href":"https:\/\/www.europesays.com\/fr\/wp-json\/wp\/v2\/posts\/568866","targetHints":{"allow":["GET"]}}],"collection":[{"href":"https:\/\/www.europesays.com\/fr\/wp-json\/wp\/v2\/posts"}],"about":[{"href":"https:\/\/www.europesays.com\/fr\/wp-json\/wp\/v2\/types\/post"}],"author":[{"embeddable":true,"href":"https:\/\/www.europesays.com\/fr\/wp-json\/wp\/v2\/users\/2"}],"replies":[{"embeddable":true,"href":"https:\/\/www.europesays.com\/fr\/wp-json\/wp\/v2\/comments?post=568866"}],"version-history":[{"count":0,"href":"https:\/\/www.europesays.com\/fr\/wp-json\/wp\/v2\/posts\/568866\/revisions"}],"wp:featuredmedia":[{"embeddable":true,"href":"https:\/\/www.europesays.com\/fr\/wp-json\/wp\/v2\/media\/568867"}],"wp:attachment":[{"href":"https:\/\/www.europesays.com\/fr\/wp-json\/wp\/v2\/media?parent=568866"}],"wp:term":[{"taxonomy":"category","embeddable":true,"href":"https:\/\/www.europesays.com\/fr\/wp-json\/wp\/v2\/categories?post=568866"},{"taxonomy":"post_tag","embeddable":true,"href":"https:\/\/www.europesays.com\/fr\/wp-json\/wp\/v2\/tags?post=568866"}],"curies":[{"name":"wp","href":"https:\/\/api.w.org\/{rel}","templated":true}]}}