{"id":568868,"date":"2025-11-30T12:56:12","date_gmt":"2025-11-30T12:56:12","guid":{"rendered":"https:\/\/www.europesays.com\/fr\/568868\/"},"modified":"2025-11-30T12:56:12","modified_gmt":"2025-11-30T12:56:12","slug":"fc-nantes-un-jeune-titulaire-ecarte-pour-mauvais-comportement-en-interne","status":"publish","type":"post","link":"https:\/\/www.europesays.com\/fr\/568868\/","title":{"rendered":"FC Nantes : un jeune titulaire \u00e9cart\u00e9 pour mauvais comportement en interne ?"},"content":{"rendered":"<p><strong>Absent du groupe du FC Nantes pour le p\u00e9rilleux d\u00e9placement \u00e0 Lyon (20h45), Dehmaine Tabibou (20 ans) interpelle les supporters des Canaris.<\/strong><\/p>\n<p>Qu\u2019arrive-t-il donc \u00e0 Dehmaine Tabibou ? Apr\u00e8s avoir disput\u00e9 13 matches depuis le d\u00e9but de la saison, le milieu de terrain du <a href=\"https:\/\/www.butfootballclub.fr\/1631510-fc-nantes-mercato-deja-un-point-de-chute-pour-benhattab\/\" target=\"_blank\" rel=\"noopener\">FC Nantes<\/a> ne figure pas dans le groupe concoct\u00e9 par luis Castro pour affronter l\u2019OL ce dimanche en cl\u00f4ture de la 14e journ\u00e9e de Ligue 1 (20h45).\u00a0<\/p>\n<p>O\u00f9 est pass\u00e9 Tabibou ?<\/p>\n<p>Si, num\u00e9riquement, le retour de Johann Lepenant peut expliquer son absence dans le onze du <a href=\"https:\/\/www.butfootballclub.fr\/1631481-fc-nantes-mercato-castro-sauve-par-4-recrues-estampillees-l1-cet-hiver\/\" target=\"_blank\" rel=\"noopener\">FC Nantes<\/a>, sa non pr\u00e9sence dans le squat des Canaris laisse songeur certains supporters du club. <strong>\u00ab\u00a0<\/strong>J\u2019avais pas percut\u00e9 que Tabibou \u00e9tait pas l\u00e0. Il devait sortir du 11 apr\u00e8s sa prestation foir\u00e9e de Lorient, mais \u00e9cart\u00e9 carr\u00e9ment ?\u00a0 Il est bless\u00e9 ?\u00a0\u00bb, s\u2019interroge Emmanuel Merceron sur X. Il n\u2019est pas le seul Nantais \u00e0 faire la remarque tant le joueur de 20 ans ne m\u00e9rite pas un tel sort s\u2019il est \u00e0 100% de ses moyens.\u00a0<\/p>\n<p>\u00ab\u00a0Sil est pas bless\u00e9\u2026 \u00bb<\/p>\n<p>Lanc\u00e9 sur ses mauvaises prestations des derni\u00e8res semaines, l\u2019insider du <a href=\"https:\/\/www.butfootballclub.fr\/1631513-fc-nantes-avant-le-mercato-castro-envoie-un-message-cash-aux-kita-sur-son-avenir\/\" target=\"_blank\" rel=\"noopener\">FC Nantes<\/a> ne comprend pas : \u00ab\u00a0Et donc passe du 11 8 matchs de suite \u00e0 \u00e9cart\u00e9 ?\u00a0\u00bb M\u00eame chose sur l\u2019hypoth\u00e8se que Tabibou ait pu faire quelque chose de r\u00e9pr\u00e9hensible \u00e0 La Joneli\u00e8re : \u00ab\u00a0Sil est pas bless\u00e9, tr\u00e8s probablement\u00a0\u00bb, a-t-il r\u00e9pondu \u00e0 Ablinho, autre twittos influent au FC Nantes avec cette phrase : \u00ab\u00a0C\u2019est vrai que c\u2019est bizarre, apr\u00e8s il a peut-\u00eatre pas eu l\u2019attitude ad\u00e9quate \u00e0 l\u2019entrainement.\u00a0\u00bb Luis Castro en d\u00e9voilera peut-\u00eatre plus autour du match.\u00a0<\/p>\n","protected":false},"excerpt":{"rendered":"Absent du groupe du FC Nantes pour le p\u00e9rilleux d\u00e9placement \u00e0 Lyon (20h45), Dehmaine Tabibou (20 ans) interpelle&hellip;\n","protected":false},"author":2,"featured_media":568869,"comment_status":"","ping_status":"","sticky":false,"template":"","format":"standard","meta":{"footnotes":""},"categories":[1410],"tags":[11,448,63,1011,27,66,3388,12,60,10662],"class_list":{"0":"post-568868","1":"post","2":"type-post","3":"status-publish","4":"format-standard","5":"has-post-thumbnail","7":"category-football","8":"tag-actualites","9":"tag-champions-league","10":"tag-football","11":"tag-fr","12":"tag-france","13":"tag-ligue-1","14":"tag-matchs","15":"tag-news","16":"tag-sports","17":"tag-transferts"},"share_on_mastodon":{"url":"https:\/\/pubeurope.com\/@fr\/115638762773981320","error":""},"_links":{"self":[{"href":"https:\/\/www.europesays.com\/fr\/wp-json\/wp\/v2\/posts\/568868","targetHints":{"allow":["GET"]}}],"collection":[{"href":"https:\/\/www.europesays.com\/fr\/wp-json\/wp\/v2\/posts"}],"about":[{"href":"https:\/\/www.europesays.com\/fr\/wp-json\/wp\/v2\/types\/post"}],"author":[{"embeddable":true,"href":"https:\/\/www.europesays.com\/fr\/wp-json\/wp\/v2\/users\/2"}],"replies":[{"embeddable":true,"href":"https:\/\/www.europesays.com\/fr\/wp-json\/wp\/v2\/comments?post=568868"}],"version-history":[{"count":0,"href":"https:\/\/www.europesays.com\/fr\/wp-json\/wp\/v2\/posts\/568868\/revisions"}],"wp:featuredmedia":[{"embeddable":true,"href":"https:\/\/www.europesays.com\/fr\/wp-json\/wp\/v2\/media\/568869"}],"wp:attachment":[{"href":"https:\/\/www.europesays.com\/fr\/wp-json\/wp\/v2\/media?parent=568868"}],"wp:term":[{"taxonomy":"category","embeddable":true,"href":"https:\/\/www.europesays.com\/fr\/wp-json\/wp\/v2\/categories?post=568868"},{"taxonomy":"post_tag","embeddable":true,"href":"https:\/\/www.europesays.com\/fr\/wp-json\/wp\/v2\/tags?post=568868"}],"curies":[{"name":"wp","href":"https:\/\/api.w.org\/{rel}","templated":true}]}}