{"id":568874,"date":"2025-11-30T13:00:19","date_gmt":"2025-11-30T13:00:19","guid":{"rendered":"https:\/\/www.europesays.com\/fr\/568874\/"},"modified":"2025-11-30T13:00:19","modified_gmt":"2025-11-30T13:00:19","slug":"3-films-a-regarder-ce-dimanche-22","status":"publish","type":"post","link":"https:\/\/www.europesays.com\/fr\/568874\/","title":{"rendered":"3 films \u00e0 regarder ce dimanche"},"content":{"rendered":"<p>Vous \u00eates devant votre t\u00e9l\u00e9 et vous zappez \u00e0 la recherche d\u2019un film \u00e0 regarder seul, en famille ou entre amis\u00a0? Inutile de vous \u00e9puiser, on a \u00e9pluch\u00e9 le programme pour d\u00e9nicher 3 films sympas \u00e0 savourer pour terminer la semaine en beaut\u00e9.<\/p>\n<p> Dune (France 2, 21h10)<br \/>\n    <a href=\"https:\/\/www.youtube.com\/@PressecitronHD?sub_confirmation=1\" target=\"_blank\" rel=\"nofollow noopener\"><br \/>\n        S&rsquo;abonner \u00e0 Presse-citron<br \/>\n    <\/a> <\/p>\n<p>D\u2019apr\u00e8s le synopsis d\u2019Allocin\u00e9\u00a0:<\/p>\n<blockquote>\n<p>L\u2019histoire de Paul Atreides, jeune homme aussi dou\u00e9 que brillant, vou\u00e9 \u00e0 conna\u00eetre un destin hors du commun qui le d\u00e9passe totalement. Car s\u2019il veut pr\u00e9server l\u2019avenir de sa famille et de son peuple, il devra se rendre sur la plan\u00e8te la plus dangereuse de l\u2019univers \u2013 la seule \u00e0 m\u00eame de fournir la ressource la plus pr\u00e9cieuse au monde, capable de d\u00e9cupler la puissance de l\u2019humanit\u00e9. Tandis que des forces mal\u00e9fiques se disputent le contr\u00f4le de cette plan\u00e8te, seuls ceux qui parviennent \u00e0 dominer leur peur pourront survivre\u2026<\/p>\n<\/blockquote>\n<p>Denis Villeneuve r\u00e9ussit \u00e0 donner vie au r\u00e9cit captivant de Frank Herbert dans ce premier volet tr\u00e8s r\u00e9ussi. Un grand moment de cin\u00e9ma \u00e0 voir et \u00e0 revoir.<\/p>\n<p> Rio Grande (Arte, 21h)  <\/p>\n<p>Selon le pitch propos\u00e9 par Letterboxd\u00a0:<\/p>\n<blockquote>\n<p>Le lieutenant-colonel Kirby Yorke est affect\u00e9 \u00e0 la fronti\u00e8re texane pour d\u00e9fendre les colons contre les ravages caus\u00e9s par les Apaches. Le colonel Yorke subit un stress consid\u00e9rable en raison d\u2019une grave p\u00e9nurie d\u2019effectifs sous son commandement. La tension monte d\u2019un cran lorsque le fils de Yorke (qu\u2019il n\u2019a pas vu depuis quinze ans), le soldat Jeff Yorke, fait partie des 18 recrues envoy\u00e9es au r\u00e9giment.<\/p>\n<\/blockquote>\n<p>Ce western de John Ford est un tr\u00e8s grand classique du septi\u00e8me art. L\u2019occasion est donc toute trouv\u00e9e pour parfaire votre culture cin\u00e9matographique.<\/p>\n<p> Les Tuche 4 (TF1, 21h10)  <\/p>\n<p>Jeff Tuche a finalement d\u00e9missionn\u00e9 de son poste de pr\u00e9sident de la R\u00e9publique. De retour \u00e0 Bouzolles, la famille attend avec impatience les f\u00eates de fin d\u2019ann\u00e9e. Et quel plus beau cadeau de No\u00ebl pour Cathy que de renouer avec sa belle famille\u00a0: Maguy sa s\u0153ur et Jean-Yves son beau-fr\u00e8re. C\u2019\u00e9tait sans compter sur la rivalit\u00e9 historique entre ce dernier et Jeff.<\/p>\n<p>Cette saga cin\u00e9matographique passionne autant qu\u2019elle divise les spectateurs. Personne ne vous force \u00e0 regarder, mais si vous aimez les Tuche, vous y trouverez votre compte.<\/p>\n<p>C\u2019est tout pour cette semaine. Notez, si ces trois films ne sont pas \u00e0 votre go\u00fbt, qu\u2019il y aura d\u2019autres longs-m\u00e9trages ce dimanche soir sur la TNT, et notamment Air Force One (W9, 21h10), ou encore Kung Fu Zohra (TMC, 21h10). Vous pouvez aussi rattraper les p\u00e9pites de la semaine derni\u00e8re en replay <a href=\"https:\/\/www.presse-citron.net\/a-la-tv-ce-soir-3-films-a-regarder-ce-dimanche-96\/\" target=\"_blank\" rel=\"false noopener\">en relisant notre pr\u00e9c\u00e9dent article ici<\/a>.<\/p>\n<blockquote>\n<p class=\"text-base text-neutral-700 dark:text-neutral-300\">\ud83d\udccd Pour ne manquer aucune actualit\u00e9 de Presse-citron, suivez-nous sur <a href=\"https:\/\/news.google.com\/publications\/CAAqBggKMIPiNTC70wU?hl=fr&amp;gl=FR&amp;ceid=FR%3Afr\" target=\"_blank\" rel=\"noopener\">Google Actualit\u00e9s<\/a> et <a href=\"https:\/\/whatsapp.com\/channel\/0029VaCkGuz4NViitBXbEr0b\" target=\"_blank\" rel=\"noopener\">WhatsApp<\/a>.<\/p>\n<\/blockquote>\n","protected":false},"excerpt":{"rendered":"Vous \u00eates devant votre t\u00e9l\u00e9 et vous zappez \u00e0 la recherche d\u2019un film \u00e0 regarder seul, en famille&hellip;\n","protected":false},"author":2,"featured_media":568875,"comment_status":"","ping_status":"","sticky":false,"template":"","format":"standard","meta":{"footnotes":""},"categories":[1356],"tags":[58,59,1011,27,252,1364,5523],"class_list":{"0":"post-568874","1":"post","2":"type-post","3":"status-publish","4":"format-standard","5":"has-post-thumbnail","7":"category-television","8":"tag-divertissement","9":"tag-entertainment","10":"tag-fr","11":"tag-france","12":"tag-television","13":"tag-tv","14":"tag-warner-bros"},"share_on_mastodon":{"url":"https:\/\/pubeurope.com\/@fr\/115638778200321293","error":""},"_links":{"self":[{"href":"https:\/\/www.europesays.com\/fr\/wp-json\/wp\/v2\/posts\/568874","targetHints":{"allow":["GET"]}}],"collection":[{"href":"https:\/\/www.europesays.com\/fr\/wp-json\/wp\/v2\/posts"}],"about":[{"href":"https:\/\/www.europesays.com\/fr\/wp-json\/wp\/v2\/types\/post"}],"author":[{"embeddable":true,"href":"https:\/\/www.europesays.com\/fr\/wp-json\/wp\/v2\/users\/2"}],"replies":[{"embeddable":true,"href":"https:\/\/www.europesays.com\/fr\/wp-json\/wp\/v2\/comments?post=568874"}],"version-history":[{"count":0,"href":"https:\/\/www.europesays.com\/fr\/wp-json\/wp\/v2\/posts\/568874\/revisions"}],"wp:featuredmedia":[{"embeddable":true,"href":"https:\/\/www.europesays.com\/fr\/wp-json\/wp\/v2\/media\/568875"}],"wp:attachment":[{"href":"https:\/\/www.europesays.com\/fr\/wp-json\/wp\/v2\/media?parent=568874"}],"wp:term":[{"taxonomy":"category","embeddable":true,"href":"https:\/\/www.europesays.com\/fr\/wp-json\/wp\/v2\/categories?post=568874"},{"taxonomy":"post_tag","embeddable":true,"href":"https:\/\/www.europesays.com\/fr\/wp-json\/wp\/v2\/tags?post=568874"}],"curies":[{"name":"wp","href":"https:\/\/api.w.org\/{rel}","templated":true}]}}