{"id":568876,"date":"2025-11-30T13:01:17","date_gmt":"2025-11-30T13:01:17","guid":{"rendered":"https:\/\/www.europesays.com\/fr\/568876\/"},"modified":"2025-11-30T13:01:17","modified_gmt":"2025-11-30T13:01:17","slug":"au-bord-des-larmes-matt-pokora-adresse-un-message-emouvant-a-ses-parents","status":"publish","type":"post","link":"https:\/\/www.europesays.com\/fr\/568876\/","title":{"rendered":"Au bord des larmes, Matt Pokora adresse un message \u00e9mouvant \u00e0 ses parents"},"content":{"rendered":"<p>En tourn\u00e9e promotionnelle pour son nouvel album dans \u00ab C \u00e0 vous \u00bb sur France 5, le chanteur a rendu un hommage poignant \u00e0 ses parents ce samedi 29 novembre.<\/p>\n<p>Il fend l&rsquo;armure. Invit\u00e9 ce samedi 29 novembre 2025 dans \u00ab C \u00e0 vous \u00bb pr\u00e9sent\u00e9 par Mohamed Bouhafsi sur France 5, pour la promotion de <a href=\"https:\/\/www.parismatch.com\/People\/m-pokora-se-confie-sur-son-role-de-beau-pere-aupres-de-violet-15-ans-260867\" target=\"_blank\" rel=\"noopener\">la r\u00e9\u00e9dition de son album \u00ab Adr\u00e9naline<\/a> \u00bb, Matt Pokora a profit\u00e9 de la s\u00e9quence du \u00ab R\u00e9pondeur \u00bb pour adresser un message poignant \u00e0 ses parents. Le concept de ce format est de laisser quelques mots \u00e0 une personne qui tient beaucoup \u00e0 l&rsquo;invit\u00e9 et que ce dernier n&rsquo;a jamais remerci\u00e9e publiquement.<\/p>\n<p>\u00ab \u00c7a peut surprendre, mais je n&rsquo;ai jamais remerci\u00e9 mes parents\u2026 \u00bb, a commenc\u00e9 le chanteur, retenant d\u00e9j\u00e0 son \u00e9motion en cherchant ses mots. Et de se lancer : \u00ab Papa, maman\u2026 Je ne vous l&rsquo;ai jamais dit. On parle beaucoup des gens du m\u00e9tier que je croise sur ma route mais si j&rsquo;en suis l\u00e0, c&rsquo;est gr\u00e2ce \u00e0 votre \u00e9ducation \u00bb.<\/p>\n<p>    La suite apr\u00e8s cette publicit\u00e9<\/p>\n<p>\u00ab On se rend compte \u00e0 quel point vous avez fait beaucoup de sacrifices \u00bb<\/p>\n<p>Au bord des larmes, Matt Pokora a remerci\u00e9 ses parents avec qui il n&rsquo;a \u00ab jamais manqu\u00e9 de rien \u00bb. \u00ab Vous avez toujours travaill\u00e9 dur pour nous. Vous nous avez toujours pr\u00e9serv\u00e9s, mon fr\u00e8re Julien et moi. Je ne vous l&rsquo;ai jamais dit, mais si je suis arriv\u00e9 l\u00e0 o\u00f9 je suis arriv\u00e9 aujourd&rsquo;hui, c&rsquo;est aussi gr\u00e2ce \u00e0 vous \u00bb, a d\u00e9clar\u00e9 l&rsquo;invit\u00e9, la voix tremblante.<\/p>\n<p>    La suite apr\u00e8s cette publicit\u00e9<\/p>\n<p>Il leur a promis de r\u00e9p\u00e9ter prochainement ces mots \u00ab les yeux dans les yeux \u00bb maintenant qu&rsquo;il les a dits \u00ab devant la France enti\u00e8re \u00bb. \u00ab C&rsquo;est quand on devient parent qu&rsquo;on se rend compte \u00e0 quel point vous avez fait beaucoup de sacrifices. Vous avez fait beaucoup de choses pour nous. Vous avez toujours \u00e9t\u00e9 l\u00e0 \u00bb, a poursuivi Matt Pokora. Et d&rsquo;encha\u00eener : \u00ab Je m&rsquo;en rends compte maintenant que je suis papa. Je suis extr\u00eamement reconnaissant d&rsquo;avoir eu des parents comme vous. Merci \u00bb.<\/p>\n<p>Matt Pokora bient\u00f4t acteur sur TF1<\/p>\n<p>Cette s\u00e9quence \u00e9motion \u00e9tait diffus\u00e9e dans \u00ab C \u00e0 vous \u00bb qui a rassembl\u00e9 988 000 t\u00e9l\u00e9spectateurs ce samedi sur France 5, selon M\u00e9diam\u00e9trie, soit 7,4 % du public. La premi\u00e8re partie de \u00ab C \u00e0 vous, la suite \u00bb a quant \u00e0 elle attir\u00e9 502 000 personnes en moyenne, pour une PDA de 3 % des individus de quatre ans et plus. La derni\u00e8re partie de \u00ab C \u00e0 vous, la suite \u00bb a int\u00e9ress\u00e9 815 000 curieux jusqu&rsquo;\u00e0 21h, soit une part de march\u00e9 s&rsquo;\u00e9levant \u00e0 4,8 %. Des scores dans la moyenne de saison pour Mohamed Bouhafsi.<\/p>\n<p>    La suite apr\u00e8s cette publicit\u00e9<\/p>\n<p>    La suite apr\u00e8s cette publicit\u00e9<\/p>\n<p>\u00c0 noter que Matt Pokora cumule les projets \u00e0 la t\u00e9l\u00e9vision. Apr\u00e8s son retour en tant que coach dans la saison 11 de \u00ab The Voice Kids \u00bb et sa participation \u00e0 \u00ab Stars \u00e0 domicile \u00bb sur TF1, l&rsquo;interpr\u00e8te sera prochainement dans un t\u00e9l\u00e9film de la premi\u00e8re cha\u00eene, intitul\u00e9 \u00ab Oradour, ne m&rsquo;oublie pas \u00bb. Dans cette fiction historique, il campera un officier des Forces fran\u00e7aises libres, parachut\u00e9 en mission pour la R\u00e9sistance. Si la date de diffusion n&rsquo;a pas encore \u00e9t\u00e9 d\u00e9voil\u00e9e, cet unitaire \u00e9v\u00e9nementiel est attendu sur TF1 en 2026.<\/p>\n<p>\u00a0<\/p>\n","protected":false},"excerpt":{"rendered":"En tourn\u00e9e promotionnelle pour son nouvel album dans \u00ab C \u00e0 vous \u00bb sur France 5, le chanteur&hellip;\n","protected":false},"author":2,"featured_media":568877,"comment_status":"","ping_status":"","sticky":false,"template":"","format":"standard","meta":{"footnotes":""},"categories":[1355],"tags":[58,59,1011,27,1361,873],"class_list":{"0":"post-568876","1":"post","2":"type-post","3":"status-publish","4":"format-standard","5":"has-post-thumbnail","7":"category-musique","8":"tag-divertissement","9":"tag-entertainment","10":"tag-fr","11":"tag-france","12":"tag-music","13":"tag-musique"},"share_on_mastodon":{"url":"https:\/\/pubeurope.com\/@fr\/115638782143060436","error":""},"_links":{"self":[{"href":"https:\/\/www.europesays.com\/fr\/wp-json\/wp\/v2\/posts\/568876","targetHints":{"allow":["GET"]}}],"collection":[{"href":"https:\/\/www.europesays.com\/fr\/wp-json\/wp\/v2\/posts"}],"about":[{"href":"https:\/\/www.europesays.com\/fr\/wp-json\/wp\/v2\/types\/post"}],"author":[{"embeddable":true,"href":"https:\/\/www.europesays.com\/fr\/wp-json\/wp\/v2\/users\/2"}],"replies":[{"embeddable":true,"href":"https:\/\/www.europesays.com\/fr\/wp-json\/wp\/v2\/comments?post=568876"}],"version-history":[{"count":0,"href":"https:\/\/www.europesays.com\/fr\/wp-json\/wp\/v2\/posts\/568876\/revisions"}],"wp:featuredmedia":[{"embeddable":true,"href":"https:\/\/www.europesays.com\/fr\/wp-json\/wp\/v2\/media\/568877"}],"wp:attachment":[{"href":"https:\/\/www.europesays.com\/fr\/wp-json\/wp\/v2\/media?parent=568876"}],"wp:term":[{"taxonomy":"category","embeddable":true,"href":"https:\/\/www.europesays.com\/fr\/wp-json\/wp\/v2\/categories?post=568876"},{"taxonomy":"post_tag","embeddable":true,"href":"https:\/\/www.europesays.com\/fr\/wp-json\/wp\/v2\/tags?post=568876"}],"curies":[{"name":"wp","href":"https:\/\/api.w.org\/{rel}","templated":true}]}}