{"id":568878,"date":"2025-11-30T13:02:11","date_gmt":"2025-11-30T13:02:11","guid":{"rendered":"https:\/\/www.europesays.com\/fr\/568878\/"},"modified":"2025-11-30T13:02:11","modified_gmt":"2025-11-30T13:02:11","slug":"rupert-grint-a-ecrit-une-lettre-au-nouvel-interprete-de-ron-weasley-pour-lui-passer-le-relais","status":"publish","type":"post","link":"https:\/\/www.europesays.com\/fr\/568878\/","title":{"rendered":"Rupert Grint a \u00e9crit une lettre au nouvel interpr\u00e8te de Ron Weasley pour lui \u00ab\u00a0passer le relais\u00a0\u00bb"},"content":{"rendered":"<p>Rupert Grint a \u00e9crit une lettre au nouvel interpr\u00e8te de Ron Weasley. L\u2019<a href=\"https:\/\/www.20minutes.fr\/people\/4021598-20230204-rupert-grint-fini-etouffer-jouant-si-longtemps-ron-harry-potter\" target=\"_blank\" class=\"c-link c-link--is-underlined\" rel=\"noopener\">acteur britannique de 37 ans<\/a>, qui a incarn\u00e9 le meilleur ami d\u2019Harry Potter dans les huit films de la saga entre\u00a02001 et\u00a02011, a tenu \u00e0 \u00ab\u00a0passer le relais\u00a0\u00bb \u00e0 Alastair Stout, 11 ans, choisi pour reprendre le r\u00f4le dans <a href=\"https:\/\/www.20minutes.fr\/diaporama\/diaporama-4163717-harry-potter-hermione-drago-rogue-hagrid-devinez-jouera-nouvelle-serie-hbo\" target=\"_blank\" class=\"c-link c-link--is-underlined\" rel=\"noopener\">la s\u00e9rie HBO<\/a> pr\u00e9vue pour\u00a02027.<\/p>\n<p>\u00ab\u00a0Je lui ai \u00e9crit une lettre avant le d\u00e9but du tournage, pour lui passer le relais en quelque sorte. C\u2019\u00e9tait juste pour lui souhaiter bonne chance\u00a0\u00bb, a confi\u00e9 Rupert Grint \u00e0 <a href=\"https:\/\/www.bbc.com\/news\/articles\/ckgydn88edno\" rel=\"nofollow noopener\" target=\"_blank\" class=\"c-link c-link--is-underlined\">BBC News<\/a>.<\/p>\n<p>\u00ab\u00a0C\u2019est assez \u00e9trange de voir le cycle se r\u00e9p\u00e9ter\u00a0\u00bb<\/p>\n<p>Rupert Grint a avou\u00e9 \u00eatre \u00ab\u00a0tr\u00e8s intrigu\u00e9\u00a0\u00bb par cette nouvelle adaptation, tout en reconnaissant ressentir une certaine nostalgie. \u00ab\u00a0J\u2019ai ador\u00e9 d\u00e9couvrir cet univers et j\u2019esp\u00e8re qu\u2019il vivra la m\u00eame exp\u00e9rience. C\u2019est assez \u00e9trange de voir le cycle se r\u00e9p\u00e9ter\u00a0\u00bb, a ajout\u00e9 l\u2019acteur de Servant.<\/p>\n<p>Rupert Grint n\u2019est pas le seul \u00e0 avoir fait ce geste\u00a0: Daniel Radcliffe a lui aussi <a href=\"https:\/\/www.20minutes.fr\/arts-stars\/people\/4186638-20251119-daniel-radcliffe-envoye-lettre-successeur-serie-harry-potter\" target=\"_blank\" class=\"c-link c-link--is-underlined\" rel=\"noopener\">envoy\u00e9 une lettre<\/a> \u00e0 Dominic McLaughlin, 11 ans, qui incarnera Harry Potter.<\/p>\n<p>\u00ab\u00a0Je vois ces photos de lui et des autres enfants et j\u2019ai envie de les serrer dans mes bras. Ils ont l\u2019air si jeunes\u00a0\u00bb, a r\u00e9cemment confi\u00e9 Daniel Radcliffe alors qu\u2019il \u00e9tait de passage sur le plateau de Good Morning America.<\/p>\n","protected":false},"excerpt":{"rendered":"Rupert Grint a \u00e9crit une lettre au nouvel interpr\u00e8te de Ron Weasley. L\u2019acteur britannique de 37 ans, qui&hellip;\n","protected":false},"author":2,"featured_media":568879,"comment_status":"","ping_status":"","sticky":false,"template":"","format":"standard","meta":{"footnotes":""},"categories":[1354],"tags":[22137,58,59,1346,1011,27,6610,5547,1360,973,521,133],"class_list":{"0":"post-568878","1":"post","2":"type-post","3":"status-publish","4":"format-standard","5":"has-post-thumbnail","7":"category-films","8":"tag-daniel-radcliffe","9":"tag-divertissement","10":"tag-entertainment","11":"tag-films","12":"tag-fr","13":"tag-france","14":"tag-harry-potter","15":"tag-hbo","16":"tag-movies","17":"tag-people","18":"tag-serie","19":"tag-video"},"share_on_mastodon":{"url":"https:\/\/pubeurope.com\/@fr\/115638786074707352","error":""},"_links":{"self":[{"href":"https:\/\/www.europesays.com\/fr\/wp-json\/wp\/v2\/posts\/568878","targetHints":{"allow":["GET"]}}],"collection":[{"href":"https:\/\/www.europesays.com\/fr\/wp-json\/wp\/v2\/posts"}],"about":[{"href":"https:\/\/www.europesays.com\/fr\/wp-json\/wp\/v2\/types\/post"}],"author":[{"embeddable":true,"href":"https:\/\/www.europesays.com\/fr\/wp-json\/wp\/v2\/users\/2"}],"replies":[{"embeddable":true,"href":"https:\/\/www.europesays.com\/fr\/wp-json\/wp\/v2\/comments?post=568878"}],"version-history":[{"count":0,"href":"https:\/\/www.europesays.com\/fr\/wp-json\/wp\/v2\/posts\/568878\/revisions"}],"wp:featuredmedia":[{"embeddable":true,"href":"https:\/\/www.europesays.com\/fr\/wp-json\/wp\/v2\/media\/568879"}],"wp:attachment":[{"href":"https:\/\/www.europesays.com\/fr\/wp-json\/wp\/v2\/media?parent=568878"}],"wp:term":[{"taxonomy":"category","embeddable":true,"href":"https:\/\/www.europesays.com\/fr\/wp-json\/wp\/v2\/categories?post=568878"},{"taxonomy":"post_tag","embeddable":true,"href":"https:\/\/www.europesays.com\/fr\/wp-json\/wp\/v2\/tags?post=568878"}],"curies":[{"name":"wp","href":"https:\/\/api.w.org\/{rel}","templated":true}]}}