{"id":568880,"date":"2025-11-30T13:03:10","date_gmt":"2025-11-30T13:03:10","guid":{"rendered":"https:\/\/www.europesays.com\/fr\/568880\/"},"modified":"2025-11-30T13:03:10","modified_gmt":"2025-11-30T13:03:10","slug":"dans-le-lit-de-guillaume-debride-par-la-prep-injectable-je-nai-plus-a-caler-ma-sexualite-sur-la-prise-de-comprimes","status":"publish","type":"post","link":"https:\/\/www.europesays.com\/fr\/568880\/","title":{"rendered":"Dans le lit de Guillaume, d\u00e9brid\u00e9 par la PrEP injectable\u00a0: \u00ab\u00a0Je n\u2019ai plus \u00e0 caler ma sexualit\u00e9 sur la prise de comprim\u00e9s\u00a0\u00bb"},"content":{"rendered":"<p class=\"paragraph text_align_left lp-f-body-02\">Une piq\u00fbre dans la fesse, et Guillaume a entam\u00e9 sa \u00ab deuxi\u00e8me r\u00e9volution \u00bb sexuelle. Depuis le printemps, cet architecte parisien participe \u00e0 un essai clinique ouvert \u00e0 160 personnes en \u00cele-de-France pour tester <a href=\"https:\/\/www.leparisien.fr\/intime\/vih-la-prep-ou-la-promesse-dune-vie-sans-capote-05-02-2021-QIQHHDQYSZC33B4DIEBVZGQ47U.php\" target=\"_self\" rel=\"noopener\">la PrEP<\/a>, m\u00e9thode de pr\u00e9vention contre le VIH, sous la forme d\u2019injections. Un test charg\u00e9 d\u2019espoir dont il nous parle \u00e0 l\u2019aube de<a href=\"https:\/\/www.leparisien.fr\/societe\/sante\/40-ans-de-la-decouverte-du-sida-daniel-un-survivant-raconte-les-progres-medicaux-20-05-2023-BNH3QDIMBZDDZMMSY5SPIMAEBI.php\" target=\"_self\" rel=\"noopener\"> la journ\u00e9e mondiale de lutte contre le VIH,<\/a> ce lundi 1er d\u00e9cembre.<\/p>\n<p class=\"paragraph text_align_left lp-f-body-02\">Tous les deux mois, Guillaume pousse la porte d\u2019un centre de d\u00e9pistage pour recevoir sa <a href=\"https:\/\/www.leparisien.fr\/societe\/sante\/sida-les-nations-unies-saluent-la-performance-d-un-antiretroviral-injectable-pour-les-femmes-10-11-2020-8407505.php\" target=\"_self\" rel=\"noopener\">dose de cabot\u00e9gravir<\/a>, un antir\u00e9troviral qui an\u00e9antit le risque d\u2019infection lors d\u2019un rapport sans pr\u00e9servatif. \u00ab J\u2019ai franchi un nouveau palier dans l\u2019accession \u00e0 la libert\u00e9, s\u2019enthousiasme le trentenaire svelte \u00e0 lunettes, engag\u00e9 dans ce protocole de deux ans. Je n\u2019ai plus \u00e0 caler ma sexualit\u00e9 sur la prise de comprim\u00e9s. \u00bb<\/p>\n","protected":false},"excerpt":{"rendered":"Une piq\u00fbre dans la fesse, et Guillaume a entam\u00e9 sa \u00ab deuxi\u00e8me r\u00e9volution \u00bb sexuelle. Depuis le printemps,&hellip;\n","protected":false},"author":2,"featured_media":568881,"comment_status":"","ping_status":"","sticky":false,"template":"","format":"standard","meta":{"footnotes":""},"categories":[10],"tags":[1011,27,72,22291,71,104],"class_list":{"0":"post-568880","1":"post","2":"type-post","3":"status-publish","4":"format-standard","5":"has-post-thumbnail","7":"category-sante","8":"tag-fr","9":"tag-france","10":"tag-health","11":"tag-intime","12":"tag-sante","13":"tag-societe"},"share_on_mastodon":{"url":"https:\/\/pubeurope.com\/@fr\/115638790041928174","error":""},"_links":{"self":[{"href":"https:\/\/www.europesays.com\/fr\/wp-json\/wp\/v2\/posts\/568880","targetHints":{"allow":["GET"]}}],"collection":[{"href":"https:\/\/www.europesays.com\/fr\/wp-json\/wp\/v2\/posts"}],"about":[{"href":"https:\/\/www.europesays.com\/fr\/wp-json\/wp\/v2\/types\/post"}],"author":[{"embeddable":true,"href":"https:\/\/www.europesays.com\/fr\/wp-json\/wp\/v2\/users\/2"}],"replies":[{"embeddable":true,"href":"https:\/\/www.europesays.com\/fr\/wp-json\/wp\/v2\/comments?post=568880"}],"version-history":[{"count":0,"href":"https:\/\/www.europesays.com\/fr\/wp-json\/wp\/v2\/posts\/568880\/revisions"}],"wp:featuredmedia":[{"embeddable":true,"href":"https:\/\/www.europesays.com\/fr\/wp-json\/wp\/v2\/media\/568881"}],"wp:attachment":[{"href":"https:\/\/www.europesays.com\/fr\/wp-json\/wp\/v2\/media?parent=568880"}],"wp:term":[{"taxonomy":"category","embeddable":true,"href":"https:\/\/www.europesays.com\/fr\/wp-json\/wp\/v2\/categories?post=568880"},{"taxonomy":"post_tag","embeddable":true,"href":"https:\/\/www.europesays.com\/fr\/wp-json\/wp\/v2\/tags?post=568880"}],"curies":[{"name":"wp","href":"https:\/\/api.w.org\/{rel}","templated":true}]}}