{"id":568882,"date":"2025-11-30T13:04:12","date_gmt":"2025-11-30T13:04:12","guid":{"rendered":"https:\/\/www.europesays.com\/fr\/568882\/"},"modified":"2025-11-30T13:04:12","modified_gmt":"2025-11-30T13:04:12","slug":"un-coureur-de-59-ans-meurt-a-2-kilometres-de-la-ligne-darrivee","status":"publish","type":"post","link":"https:\/\/www.europesays.com\/fr\/568882\/","title":{"rendered":"un coureur de 59 ans\u00a0meurt \u00e0 2 kilom\u00e8tres de la ligne d&rsquo;arriv\u00e9e"},"content":{"rendered":"<p>L&rsquo;homme \u00e2g\u00e9 de 59 ans n&rsquo;a pu \u00eatre\u00a0ranim\u00e9 par les secours\u00a0: il est d\u00e9c\u00e9d\u00e9 quai de la Mulati\u00e8re, \u00e0 Lyon, \u00e0 seulement deux kilom\u00e8tres de l&rsquo;arriv\u00e9e, rapporte <a href=\"https:\/\/www.leprogres.fr\/faits-divers-justice\/2025\/12\/01\/la-saintelyon-endeuillee-par-le-deces-d-un-coureur-de-59-ans-a-2-km-de-l-arrivee\" target=\"_blank\" rel=\"noopener\">Le Progr\u00e8s<\/a>.<\/p>\n<p>Il participait \u00e0 la Saint\u00e9Sprint,\u00a0sur 24 km,\u00a0dans le cadre de la mythique Saint\u00e9Lyon,\u00a0qui relie la cit\u00e9 st\u00e9phanoise \u00e0 la capitale des Gaules.<\/p>\n<p>Un coureur endurci\u00a0<\/p>\n<p>La victime, d&rsquo;origine alsacienne,\u00a0a \u00e9t\u00e9 prise d&rsquo;un malaise aux alentours de 2 heures du matin. Sportif r\u00e9gulier et coureur endurci, il s&rsquo;est effondr\u00e9 quai de La Mulati\u00e8re.<\/p>\n<p>L\u2019intervention a suscit\u00e9 des r\u00e9actions sur les r\u00e9seaux sociaux de la part de plusieurs coureurs engag\u00e9s, qui se sont inqui\u00e9t\u00e9s au vu du dispositif de secours d\u00e9ploy\u00e9 au c\u0153ur de la nuit.<\/p>\n<p>Il faisait partie des\u00a020\u00a0000 participants\u00a0engag\u00e9s cette ann\u00e9e sur la Saint\u00e9Lyon et ses diff\u00e9rents formats. Il avait opt\u00e9 pour la Saint\u00e9Sprint, une course qui se court sur 24 kilom\u00e8tres.\u00a0Malgr\u00e9 l&rsquo;intervention d&rsquo;un coureur, infirmier, qui lui a prodigu\u00e9 les premiers soins, et l&rsquo;arriv\u00e9e des secours, l&rsquo;homme est d\u00e9c\u00e9d\u00e9 sur place.\u00a0<\/p>\n<p>C\u2019est la premi\u00e8re fois que la Saint\u00e9Lyon est frapp\u00e9e par le d\u00e9c\u00e8s d\u2019un participant. Une enqu\u00eate d\u00e9c\u00e8s a \u00e9t\u00e9 ouverte par les services de police.<\/p>\n<p class=\"note\"><strong>&gt; Lire <a href=\"https:\/\/www.leprogres.fr\/faits-divers-justice\/2025\/12\/01\/la-saintelyon-endeuillee-par-le-deces-d-un-coureur-de-59-ans-a-2-km-de-l-arrivee\" target=\"_blank\" rel=\"noopener\">l&rsquo;article complet sur Le Progr\u00e8s<\/a><\/strong><\/p>\n","protected":false},"excerpt":{"rendered":"L&rsquo;homme \u00e2g\u00e9 de 59 ans n&rsquo;a pu \u00eatre\u00a0ranim\u00e9 par les secours\u00a0: il est d\u00e9c\u00e9d\u00e9 quai de la Mulati\u00e8re,&hellip;\n","protected":false},"author":2,"featured_media":568883,"comment_status":"","ping_status":"","sticky":false,"template":"","format":"standard","meta":{"footnotes":""},"categories":[9],"tags":[274,107,1011,27,329,7135,517,1947,60,6187],"class_list":{"0":"post-568882","1":"post","2":"type-post","3":"status-publish","4":"format-standard","5":"has-post-thumbnail","7":"category-sports","8":"tag-faits-divers-justice","9":"tag-fil-info","10":"tag-fr","11":"tag-france","12":"tag-france-monde","13":"tag-running","14":"tag-sport","15":"tag-sport-national","16":"tag-sports","17":"tag-trail"},"share_on_mastodon":{"url":"https:\/\/pubeurope.com\/@fr\/115638793990811323","error":""},"_links":{"self":[{"href":"https:\/\/www.europesays.com\/fr\/wp-json\/wp\/v2\/posts\/568882","targetHints":{"allow":["GET"]}}],"collection":[{"href":"https:\/\/www.europesays.com\/fr\/wp-json\/wp\/v2\/posts"}],"about":[{"href":"https:\/\/www.europesays.com\/fr\/wp-json\/wp\/v2\/types\/post"}],"author":[{"embeddable":true,"href":"https:\/\/www.europesays.com\/fr\/wp-json\/wp\/v2\/users\/2"}],"replies":[{"embeddable":true,"href":"https:\/\/www.europesays.com\/fr\/wp-json\/wp\/v2\/comments?post=568882"}],"version-history":[{"count":0,"href":"https:\/\/www.europesays.com\/fr\/wp-json\/wp\/v2\/posts\/568882\/revisions"}],"wp:featuredmedia":[{"embeddable":true,"href":"https:\/\/www.europesays.com\/fr\/wp-json\/wp\/v2\/media\/568883"}],"wp:attachment":[{"href":"https:\/\/www.europesays.com\/fr\/wp-json\/wp\/v2\/media?parent=568882"}],"wp:term":[{"taxonomy":"category","embeddable":true,"href":"https:\/\/www.europesays.com\/fr\/wp-json\/wp\/v2\/categories?post=568882"},{"taxonomy":"post_tag","embeddable":true,"href":"https:\/\/www.europesays.com\/fr\/wp-json\/wp\/v2\/tags?post=568882"}],"curies":[{"name":"wp","href":"https:\/\/api.w.org\/{rel}","templated":true}]}}