{"id":568884,"date":"2025-11-30T13:05:13","date_gmt":"2025-11-30T13:05:13","guid":{"rendered":"https:\/\/www.europesays.com\/fr\/568884\/"},"modified":"2025-11-30T13:05:13","modified_gmt":"2025-11-30T13:05:13","slug":"cest-ridicule-stephane-bern-cash-sur-un-eventuel-recours-a-la-chirurgie-esthetique","status":"publish","type":"post","link":"https:\/\/www.europesays.com\/fr\/568884\/","title":{"rendered":"\u00ab\u00a0C\u2019est ridicule !\u00a0\u00bb : St\u00e9phane Bern cash sur un \u00e9ventuel recours \u00e0 la chirurgie esth\u00e9tique"},"content":{"rendered":"<p data-start=\"89\" data-end=\"766\">Depuis des ann\u00e9es,<br \/>\n<strong>St\u00e9phane Bern<\/strong> fait d\u00e9couvrir au grand public sa<br \/>\npassion pour l\u2019histoire et le patrimoine fran\u00e7ais, notamment \u00e0<br \/>\ntravers son programme Secrets<br \/>\nd\u2019histoire. Mais l\u2019animateur ne se limite pas aux plateaux<br \/>\nt\u00e9l\u00e9 : il est aussi pr\u00e9sent lors d\u2019\u00e9v\u00e9nements majeurs, comme les<br \/>\nmariages royaux ou l\u2019Eurovision.<\/p>\n<p data-start=\"89\" data-end=\"766\">Hors cam\u00e9ra, il s\u2019implique<br \/>\nactivement pour la pr\u00e9servation du patrimoine, avec des initiatives<br \/>\ntelles que la Journ\u00e9e du patrimoine ou la Mission Bern. Sur le plan<br \/>\npersonnel, St\u00e9phane Bern vit une belle histoire d\u2019amour avec son<br \/>\ncompagnon <a href=\"https:\/\/www.closermag.fr\/people\/vous-lavez-pas-vu-au-stephane-bern-evoque-avec-tendresse-son-compagnon-yori-bailleres-3600021\" target=\"_blank\" rel=\"noopener\"><br \/>\nYori<\/a>. Cela fait plus de cinq ans qu\u2019ils partagent une relation<br \/>\nfusionnelle, malgr\u00e9 la diff\u00e9rence d\u2019\u00e2ge qui les s\u00e9pare.<\/p>\n<p>St\u00e9phane Bern et l\u2019\u00e9nergie<br \/>\ncontagieuse de son compagnon<\/p>\n<p data-start=\"260\" data-end=\"1229\">Ce samedi 29 novembre 2025,<br \/>\nSt\u00e9phane Bern s\u2019est ouvert dans <a href=\"https:\/\/www.closermag.fr\/people\/elsa-bois-dans-50-inside-elle-raconte-son-cauchemar-depuis-son-rapprochement-avec-florent-manaudou-3536459\" target=\"_blank\" rel=\"noopener\"><br \/>\n50\u2019 Inside<\/a> sur TF1 sur l\u2019influence stimulante de son<br \/>\ncompagnon dans sa vie quotidienne et professionnelle. Avec humour,<br \/>\nil explique : \u201cL\u00e0 maintenant, <strong>j\u2019ai un miroir qui<br \/>\ns\u2019appelle Yori<\/strong>, qui est mon compagnon, et qui me voit au<br \/>\nquotidien, et qui se dit : \u2018Mais c\u2019est idiot, on a un geyser, on a<br \/>\nune mine, il faut l\u2019exploiter davantage\u2019\u201d. Pour le<br \/>\npr\u00e9sentateur, ce soutien est un moteur pr\u00e9cieux qui le pousse \u00e0<br \/>\nrester actif et \u00e0 encha\u00eener les projets.<\/p>\n<p data-start=\"260\" data-end=\"1229\">Conscient du passage du temps,<br \/>\nil tient toutefois \u00e0 rester naturel : \u201dJe suis une pile<br \/>\n\u00e9lectrique en fait j\u2019ai toujours envie de me mettre de nouveaux<br \/>\nd\u00e9fis, de ne pas voir les ann\u00e9es pass\u00e9es sur vous&#8230; J\u2019ai rien fait<br \/>\nencore, <strong>j\u2019ai pas fait de chirurgie<\/strong>, pas encore, je<br \/>\nne ferai rien. Parce que la premi\u00e8re chose qu\u2019un homme est tent\u00e9 de<br \/>\nfaire c\u2019est les poches sous les yeux, c\u2019est la premi\u00e8re chose que<br \/>\ntout le monde voit et donc <strong>c\u2019est ridicule<\/strong>\u201d,<br \/>\nconfie-t-il.<\/p>\n<p>L\u2019\u00e2ge, une question de philosophie<\/p>\n<p data-start=\"1271\" data-end=\"1860\"><a href=\"https:\/\/www.closermag.fr\/people\/au-moins-je-suis-vivant-cette-douleur-physique-quotidienne-que-ressent-stephane-bern-3600000\" target=\"_blank\" rel=\"noopener\"><br \/>\nLe sp\u00e9cialiste de la royaut\u00e9 n\u2019a aucune difficult\u00e9 \u00e0 accepter les<br \/>\nmarques du temps<\/a>. \u201c<strong>J\u2019assume mes rides<\/strong>,<br \/>\nc\u2019est des marques de la vie qui passent sur moi\u201d,<br \/>\ncommence-t-il, avant de partager avec l\u00e9g\u00e8ret\u00e9 les petits<br \/>\nd\u00e9sagr\u00e9ments de l\u2019\u00e2ge : \u201cTous les matins quand je me l\u00e8ve j\u2019ai<br \/>\nmal au dos mais au moins je suis vivant\u00a0\u00bb.<\/p>\n<p data-start=\"1271\" data-end=\"1860\">\u00ab\u00a0Et, le jour o\u00f9 je n&rsquo;aurai<br \/>\nplus mal au dos, c\u2019est que je serai mort. <strong>Le logement<br \/>\nvieillit mais le locataire \u00e0 l\u2019int\u00e9rieur est toujours aussi<br \/>\njeune<\/strong>\u201d, ironise St\u00e9phane Bern. Une belle mani\u00e8re de<br \/>\nrappeler que, finalement, l\u2019\u00e2ge est surtout une question d\u2019\u00e9tat<br \/>\nd\u2019esprit.<\/p>\n","protected":false},"excerpt":{"rendered":"Depuis des ann\u00e9es, St\u00e9phane Bern fait d\u00e9couvrir au grand public sa passion pour l\u2019histoire et le patrimoine fran\u00e7ais,&hellip;\n","protected":false},"author":2,"featured_media":568885,"comment_status":"","ping_status":"","sticky":false,"template":"","format":"standard","meta":{"footnotes":""},"categories":[8],"tags":[58,59,1011,27,18875],"class_list":{"0":"post-568884","1":"post","2":"type-post","3":"status-publish","4":"format-standard","5":"has-post-thumbnail","7":"category-divertissement","8":"tag-divertissement","9":"tag-entertainment","10":"tag-fr","11":"tag-france","12":"tag-stephane-bern"},"share_on_mastodon":{"url":"https:\/\/pubeurope.com\/@fr\/115638797871813265","error":""},"_links":{"self":[{"href":"https:\/\/www.europesays.com\/fr\/wp-json\/wp\/v2\/posts\/568884","targetHints":{"allow":["GET"]}}],"collection":[{"href":"https:\/\/www.europesays.com\/fr\/wp-json\/wp\/v2\/posts"}],"about":[{"href":"https:\/\/www.europesays.com\/fr\/wp-json\/wp\/v2\/types\/post"}],"author":[{"embeddable":true,"href":"https:\/\/www.europesays.com\/fr\/wp-json\/wp\/v2\/users\/2"}],"replies":[{"embeddable":true,"href":"https:\/\/www.europesays.com\/fr\/wp-json\/wp\/v2\/comments?post=568884"}],"version-history":[{"count":0,"href":"https:\/\/www.europesays.com\/fr\/wp-json\/wp\/v2\/posts\/568884\/revisions"}],"wp:featuredmedia":[{"embeddable":true,"href":"https:\/\/www.europesays.com\/fr\/wp-json\/wp\/v2\/media\/568885"}],"wp:attachment":[{"href":"https:\/\/www.europesays.com\/fr\/wp-json\/wp\/v2\/media?parent=568884"}],"wp:term":[{"taxonomy":"category","embeddable":true,"href":"https:\/\/www.europesays.com\/fr\/wp-json\/wp\/v2\/categories?post=568884"},{"taxonomy":"post_tag","embeddable":true,"href":"https:\/\/www.europesays.com\/fr\/wp-json\/wp\/v2\/tags?post=568884"}],"curies":[{"name":"wp","href":"https:\/\/api.w.org\/{rel}","templated":true}]}}