{"id":568886,"date":"2025-11-30T13:06:14","date_gmt":"2025-11-30T13:06:14","guid":{"rendered":"https:\/\/www.europesays.com\/fr\/568886\/"},"modified":"2025-11-30T13:06:14","modified_gmt":"2025-11-30T13:06:14","slug":"lipad-pro-13-pouces-m4-coute-dhabitude-le-prix-dun-macbook-pro-sauf-avec-cette-promo-frandroid","status":"publish","type":"post","link":"https:\/\/www.europesays.com\/fr\/568886\/","title":{"rendered":"L&rsquo;iPad Pro 13 pouces M4 co\u00fbte d&rsquo;habitude le prix d&rsquo;un MacBook Pro, sauf avec cette promo \u2014 Frandroid"},"content":{"rendered":"<p>L\u2019immense <strong>iPad Pro 13 M4<\/strong>, avec son \u00e9cran OLED, passe \u00e0 <strong>1 069 \u20ac<\/strong> chez Rakuten. Pour une machine lanc\u00e9e bien au-dessus des 1500 \u20ac, c\u2019est le moment de s\u2019offrir le luxe absolu.<\/p>\n<p>L\u2019iPad Pro 13 pouces M4 co\u00fbte d\u2019habitude le prix d\u2019un MacBook Pro. Mais l\u00e0, les plan\u00e8tes s\u2019alignent. Affich\u00e9 \u00e0 1 088,99 \u20ac, <a target=\"_blank\" href=\"https:\/\/shop.frandroid.com\/up66turx\" rel=\"noopener\">il tombe \u00e0 <strong>1 068,99 \u20ac<\/strong><\/a> une fois le code <strong>BLACK20<\/strong> appliqu\u00e9. <\/p>\n<p>C\u2019est une remise colossale par rapport \u00e0 son prix de lancement. Si vous r\u00eaviez de dessiner, de monter des vid\u00e9os ou simplement de consommer du contenu sur la plus belle dalle du march\u00e9, la barri\u00e8re du prix vient de sauter.<\/p>\n<p>Ce n\u2019est pas juste une tablette, c\u2019est une d\u00e9monstration de force. La puce <strong>M4<\/strong> est plus puissante que celle de 90% des PC portables actuels. Mais la vraie star, c\u2019est l\u2019\u00e9cran <strong>Tandem OLED<\/strong>. Apple a empil\u00e9 deux dalles OLED pour obtenir une luminosit\u00e9 aveuglante (1000 nits) et des noirs parfaits. Le tout dans un ch\u00e2ssis de <strong>5,1 mm<\/strong> d\u2019\u00e9paisseur. C\u2019est tellement fin que \u00e7a en devient troublant \u00e0 tenir en main.<\/p>\n<p>Le v\u00e9ritable Black Friday commence enfin ce 28 novembre. Pour l\u2019occasion, les e-commer\u00e7ants partagent leurs meilleures offres pendant toute la dur\u00e9e du week-end. Une aubaine si vous voulez anticiper vos achats de fin d\u2019ann\u00e9e.<\/p>\n<p>Si vous n\u2019avez pas trouv\u00e9 votre bonheur dans les s\u00e9lections pr\u00e9c\u00e9demment cit\u00e9es, voici ce qu\u2019il vous reste \u00e0 faire : <\/p>\n","protected":false},"excerpt":{"rendered":"L\u2019immense iPad Pro 13 M4, avec son \u00e9cran OLED, passe \u00e0 1 069 \u20ac chez Rakuten. Pour une&hellip;\n","protected":false},"author":2,"featured_media":568887,"comment_status":"","ping_status":"","sticky":false,"template":"","format":"standard","meta":{"footnotes":""},"categories":[7],"tags":[62374,13052,1011,27,43,40,41,39,42,44],"class_list":{"0":"post-568886","1":"post","2":"type-post","3":"status-publish","4":"format-standard","5":"has-post-thumbnail","7":"category-sciences-et-technologies","8":"tag-black-friday-2025","9":"tag-bons-plans-rakuten","10":"tag-fr","11":"tag-france","12":"tag-science","13":"tag-science-and-technology","14":"tag-sciences","15":"tag-sciences-et-technologies","16":"tag-technologies","17":"tag-technology"},"share_on_mastodon":{"url":"https:\/\/pubeurope.com\/@fr\/115638801956653558","error":""},"_links":{"self":[{"href":"https:\/\/www.europesays.com\/fr\/wp-json\/wp\/v2\/posts\/568886","targetHints":{"allow":["GET"]}}],"collection":[{"href":"https:\/\/www.europesays.com\/fr\/wp-json\/wp\/v2\/posts"}],"about":[{"href":"https:\/\/www.europesays.com\/fr\/wp-json\/wp\/v2\/types\/post"}],"author":[{"embeddable":true,"href":"https:\/\/www.europesays.com\/fr\/wp-json\/wp\/v2\/users\/2"}],"replies":[{"embeddable":true,"href":"https:\/\/www.europesays.com\/fr\/wp-json\/wp\/v2\/comments?post=568886"}],"version-history":[{"count":0,"href":"https:\/\/www.europesays.com\/fr\/wp-json\/wp\/v2\/posts\/568886\/revisions"}],"wp:featuredmedia":[{"embeddable":true,"href":"https:\/\/www.europesays.com\/fr\/wp-json\/wp\/v2\/media\/568887"}],"wp:attachment":[{"href":"https:\/\/www.europesays.com\/fr\/wp-json\/wp\/v2\/media?parent=568886"}],"wp:term":[{"taxonomy":"category","embeddable":true,"href":"https:\/\/www.europesays.com\/fr\/wp-json\/wp\/v2\/categories?post=568886"},{"taxonomy":"post_tag","embeddable":true,"href":"https:\/\/www.europesays.com\/fr\/wp-json\/wp\/v2\/tags?post=568886"}],"curies":[{"name":"wp","href":"https:\/\/api.w.org\/{rel}","templated":true}]}}