{"id":568888,"date":"2025-11-30T13:07:22","date_gmt":"2025-11-30T13:07:22","guid":{"rendered":"https:\/\/www.europesays.com\/fr\/568888\/"},"modified":"2025-11-30T13:07:22","modified_gmt":"2025-11-30T13:07:22","slug":"hausse-du-bonus-electrique-les-apprentis-sorciers-du-gouvernement-ont-encore-frappe","status":"publish","type":"post","link":"https:\/\/www.europesays.com\/fr\/568888\/","title":{"rendered":"Hausse du bonus \u00e9lectrique, les apprentis sorciers du gouvernement ont encore frapp\u00e9"},"content":{"rendered":"<p>Nouvelle annonce, m\u00eame confusion : le gouvernement finit par embrouiller tout le monde sur les aides pour les voitures \u00e9lectriques. La derni\u00e8re intervention publique du Ministre de l\u2019\u00c9conomie nous a inspir\u00e9 cet \u00e9ditorial Watt Else du 27 novembre. <\/p>\n<p>Le ministre de l\u2019\u00c9conomie et des Finances, Roland Lescure, a annonc\u00e9 le 26 novembre <a href=\"https:\/\/www.radiofrance.fr\/franceinter\/podcasts\/l-invite-de-8h20-le-grand-entretien\/l-invite-de-8h20-le-grand-entretien-du-mercredi-26-novembre-2025-9176692\" target=\"_blank\" rel=\"noreferrer noopener\">sur France Inter<\/a> que\u00a0le \u00ab bonus \u00bb allait <a href=\"https:\/\/www.numerama.com\/vroom\/2128211-les-futurs-acheteurs-de-voitures-electriques-vont-etre-ravis-par-la-decision-du-gouvernement.html\" target=\"_blank\" rel=\"noopener\">augmenter en 2026\u00a0jusqu\u2019\u00e0 atteindre 5 700 \u20ac<\/a>. Pour qui ? Quand ? Le ministre n\u2019a rien dit de plus sur le moment, pas m\u00eame une date \u00e0 laquelle se raccrocher pour conna\u00eetre la suite de ce teaser. Et puis, rien que de continuer \u00e0 appeler cela \u00ab bonus \u00bb en direct \u00e0 la radio, alors que l\u2019appellation a chang\u00e9 depuis le mois de juin, m\u00e9rite bien le bonnet d\u2019\u00e2ne.<\/p>\n<p>Vous allez probablement dire que l\u2019on n\u2019est jamais content, mais ma r\u00e9action a \u00e9t\u00e9 de\u00a0lever les yeux au ciel\u00a0en \u00e9coutant le ministre : les apprentis sorciers du gouvernement ont-ils encore frapp\u00e9 ? Ils ont r\u00e9ussi \u00e0 transformer une apparente bonne nouvelle pour les ventes de voitures \u00e9lectriques en exasp\u00e9ration. Heureusement, l\u2019explication est tomb\u00e9e quelques heures plus tard <a href=\"https:\/\/www.ecologie.gouv.fr\/presse\/bonus-ecologique-gouvernement-poursuit-soutien-lachat-voitures-particulieres-100-electriques\" target=\"_blank\" rel=\"noreferrer noopener\">par un communiqu\u00e9 du minist\u00e8re<\/a>, et cela permet d\u2019y voir un peu plus clair dans ce dispositif au fonctionnement opaque.<\/p>\n<p>On n\u2019y comprend plus rien (\u00e9pisode 53)<\/p>\n<p>Cette d\u00e9claration va certainement faire bondir ceux qui s\u2019opposent au subventionnement de la voiture \u00e9lectrique \u00e0 travers <a href=\"https:\/\/www.numerama.com\/vroom\/974563-achat-dune-voiture-electrique-de-quelles-aides-financieres-pouvez-vous-beneficier.html\" data-type=\"post\" data-id=\"974563\" target=\"_blank\" rel=\"noopener\">des aides \u00e0 l\u2019achat<\/a>, et pour une fois, ils n\u2019auraient pas tort. Depuis que l\u2019argent des aides ne sort plus des poches du gouvernement, l\u2019\u00c9tat s\u2019est montr\u00e9 particuli\u00e8rement g\u00e9n\u00e9reux. N\u00e9anmoins, dans le cas pr\u00e9sent, il s\u2019agit\u00a0juste d\u2019une illusion. C\u2019est la valeur des certificats d\u2019\u00e9conomie d\u2019\u00e9nergie (CEE) qui augmente m\u00e9caniquement celle des subventions jusqu\u2019\u00e0 5 700 \u20ac. Si cette bulle \u00e9clate, les aides retomberont aussit\u00f4t.\u00a0<\/p>\n<\/p>\n<p>            Ce contenu est bloqu\u00e9 car vous n\u2019avez pas accept\u00e9 les cookies et autres traceurs. Ce contenu est fourni par YouTube.<br \/>Pour pouvoir le visualiser, vous devez accepter l\u2019usage \u00e9tant op\u00e9r\u00e9 par YouTube avec vos donn\u00e9es qui pourront \u00eatre utilis\u00e9es pour les finalit\u00e9s suivantes : vous permettre de visualiser et de partager des contenus avec des m\u00e9dias sociaux, favoriser le d\u00e9veloppement et l\u2019am\u00e9lioration des produits d\u2019Humanoid et de ses partenaires, vous afficher des publicit\u00e9s personnalis\u00e9es par rapport \u00e0 votre profil et activit\u00e9, vous d\u00e9finir un profil publicitaire personnalis\u00e9, mesurer la performance des publicit\u00e9s et du contenu de ce site et mesurer l\u2019audience de ce site <a href=\"#\" class=\"js-privacy\" target=\"_blank\">(en savoir plus)<\/a>        <\/p>\n<p>            En cliquant sur \u00ab J\u2019accepte tout \u00bb, vous consentez aux finalit\u00e9s susmentionn\u00e9es pour l\u2019ensemble des cookies et autres traceurs d\u00e9pos\u00e9s par Humanoid et <a class=\"embed-consent-overlay-vendors-link\" href=\"#preferences-vendeurs\">ses partenaires<\/a>.        <\/p>\n<p>            Vous gardez la possibilit\u00e9 de retirer votre consentement \u00e0 tout moment. Pour plus d\u2019informations, nous vous invitons \u00e0 prendre connaissance de notre <a href=\"https:\/\/www.numerama.com\/politique-cookies\" target=\"_blank\" rel=\"noopener\">Politique cookies<\/a>.        <\/p>\n<p>        J\u2019accepte tout    <\/p>\n<p class=\"embed-consent-overlay-manage-choices\">        <a href=\"#preferences-publicitaires\">G\u00e9rer mes choix<\/a>    <\/p>\n<p>Au moins, il ne s\u2019agit pas de cr\u00e9er une nouvelle niche destin\u00e9e \u00e0 0,05 % de la population fran\u00e7aise pour trois mod\u00e8les et demi \u00e9ligibles. C\u2019est un peu ce que le gouvernement a invent\u00e9 avec<a href=\"https:\/\/www.numerama.com\/vroom\/2068439-jusqua-5-200-e-daide-a-lachat-pour-une-voiture-electrique-oui-mais-pour-qui.html\" target=\"_blank\" rel=\"noopener\"> sa surprime de 1 000 \u20ac annonc\u00e9e en septembre dernier<\/a> pour les voitures \u00e9lectriques dont la batterie est europ\u00e9enne. Les diff\u00e9rentes cat\u00e9gories d\u2019acheteurs ne changent pas, mais tous b\u00e9n\u00e9ficieront\u00a0d\u2019une aide gonfl\u00e9e de quelques centaines d\u2019euros\u00a0(par exemple, 3 500 \u20ac au lieu de 3 100 \u20ac pour les m\u00e9nages les plus ais\u00e9s). \u00a0<\/p>\n<p>Malgr\u00e9 tout, cela fait des ann\u00e9es que la fili\u00e8re automobile r\u00e9clame un peu de visibilit\u00e9 \u00e0 long terme et surtout un message clair \u00e0 destination du grand public. Plus les constructeurs automobiles le r\u00e9clament, plus les aides changent rapidement et se compliquent. \u00c0 croire que tout est fait pour cr\u00e9er la potion la plus indigeste. Et le ministre ose, en plus, reprocher aux industriels leur manque de gratitude envers le gouvernement. Comme si l\u2019\u00c9tat n\u2019\u00e9tait pas lui-m\u00eame l\u2019un des premiers artisans du\u00a0d\u00e9crochage de comp\u00e9titivit\u00e9.\u00a0<\/p>\n<p><a href=\"https:\/\/www.numerama.com\/wp-content\/uploads\/2025\/11\/roland-lescure-a-la-journee-de-la-filiere-automobile-2025.jpg\" target=\"_blank\" rel=\"noopener\"><img decoding=\"async\" width=\"1024\" height=\"576\" loading=\"lazy\" alt=\"Roland Lescure \u00e0 la journ\u00e9e de la fili\u00e8re automobile 2025 demande de la gratiude \/\/ Source : Raphaelle Baut pour Numerama\" title=\"Roland Lescure \u00e0 la journ\u00e9e de la fili\u00e8re automobile 2025 demande de la gratiude \/\/ Source : Raphaelle Baut pour Numerama\" class=\"wp-image-2130685 placeholder-default wp-image\" src=\"https:\/\/www.europesays.com\/fr\/wp-content\/uploads\/2025\/11\/roland-lescure-a-la-journee-de-la-filiere-automobile-2025-1024x576.jpg\" \/><\/a>Roland Lescure \u00e0 la journ\u00e9e de la fili\u00e8re automobile 2025 demande de la gratitude \/\/ Source : Raphaelle Baut pour Numerama<\/p>\n<p><strong>Les pr\u00e9mices d\u2019un remplacement du leasing social ?\u00a0<\/strong><\/p>\n<p>Avec un coup de pouce CEE revu \u00e0 la hausse, j\u2019en viens \u00e0 me demander si le <a href=\"https:\/\/www.numerama.com\/vroom\/1048900-quelles-sont-les-meilleures-voitures-electriques-a-louer-a-partir-de-100-e-par-mois.html\" target=\"_blank\" rel=\"noopener\">leasing<\/a> social a encore du sens. <a href=\"https:\/\/www.numerama.com\/vroom\/2105937-succes-en-demi-teinte-pour-le-leasing-social-2025-mais-quest-ce-qui-cloche.html\" target=\"_blank\" rel=\"noopener\">Ce dispositif semble\u00a0dans une impasse<\/a>. M\u00eame si certains acheteurs se sont ru\u00e9s d\u00e8s les deux premiers jours sur l\u2019offre, <a href=\"https:\/\/www.numerama.com\/vroom\/2033301-on-vous-dit-tout-sur-la-voiture-electrique-a-moins-de-100-e-mois-edition-2025.html\" target=\"_blank\" rel=\"noopener\">la voiture \u00e0 100 \u20ac par mois (et plus, cette ann\u00e9e)<\/a> n\u2019a pas atteint son quota de dossiers. Le dernier chiffre officiel faisait \u00e9tat de 44 000 demandes apr\u00e8s plus d\u2019un mois et demi. Le leasing social n\u2019est valable que jusqu\u2019au 31 d\u00e9cembre (ou l\u2019atteinte des 50 000 dossiers).<\/p>\n<p><a href=\"https:\/\/www.numerama.com\/wp-content\/uploads\/2025\/10\/stellantis-leasingsocial2025.jpg\" target=\"_blank\" rel=\"noopener\"><img decoding=\"async\" width=\"1024\" height=\"576\" loading=\"lazy\" alt=\"Offres Stellantis du leasing social 2025 \/\/ Source : Stellantis\" title=\"Offres Stellantis du leasing social 2025 \/\/ Source : Stellantis\" class=\"wp-image-2087857 placeholder-default wp-image\" src=\"https:\/\/www.europesays.com\/fr\/wp-content\/uploads\/2025\/11\/stellantis-leasingsocial2025-1024x576.jpg\" \/><\/a>Offres Stellantis du leasing social 2025 \/\/ Source : Stellantis<\/p>\n<p>Dans ce contexte, augmenter le \u00ab bonus \u00bb \u2014 pardon, le coup de pouce CEE \u2014 pourrait attirer davantage d\u2019acheteurs vers des mod\u00e8les moins contraints et plus vari\u00e9s. Dans tous les cas, on sait que cela ne concernera toujours que les voitures \u00e9lectriques ayant obtenu l\u2019\u00e9co-score, donc des mod\u00e8les produits en France ou en Europe. S\u2019il y a un point sur lequel le gouvernement\u00a0refuse de r\u00e9trop\u00e9daler, c\u2019est bien celui-l\u00e0. Pour le reste, c\u2019est au gr\u00e9 des explosions des potions bancales que le gouvernement adapte la recette en esp\u00e9rant trouver la bonne. Dommage qu\u2019il ne prenne pas forc\u00e9ment le probl\u00e8me par le bon bout : faire baisser les co\u00fbts en amont (\u00e9lectricit\u00e9 et taxes) et pas seulement arroser en aval.\u00a0<\/p>\n<p><strong>Si vous aimez nos \u00e9ditos sans langue de bois sur l\u2019univers de la voiture \u00e9lectrique, n\u2019h\u00e9sitez pas \u00e0 vous abonner gratuitement \u00e0 notre newsletter Watt Else :<\/strong><\/p>\n<p class=\"newsletter-headline\">Newsletter <strong style=\"color: #00d195\">Watt Else<\/strong>\n                    <\/p>\n<p class=\"newsletter-title js-newsletter-title\">Vous souhaitez recevoir la newsletter<br \/>\n                        <strong>Watt Else<\/strong> dans votre bo\u00eete mail ?<\/p>\n<p>\n                    Les donn\u00e9es transmises par le biais de ce formulaire sont destin\u00e9es<br \/>\n                    \u00e0 PressTiC Numerama, en sa qualit\u00e9 de responsable de traitement. Ces donn\u00e9es<br \/>\n                    sont trait\u00e9es avec votre consentement aux fins de vous envoyer par e-mail des actualit\u00e9s et<br \/>\n                    informations relatives aux contenus \u00e9ditoriaux publi\u00e9s sur ce site. Vous pouvez vous opposer \u00e0 tout<br \/>\n                    moment \u00e0 ces e-mails en cliquant sur les liens de d\u00e9sinscriptions pr\u00e9sents dans chacun d\u2019eux. Pour<br \/>\n                    plus d\u2019informations, vous pouvez consulter l\u2019int\u00e9gralit\u00e9 de notre <a href=\"https:\/\/www.numerama.com\/politique-donnees-personnelles\" target=\"_blank\" rel=\"noopener\">politique de traitement de vos<br \/>\n                        donn\u00e9es<br \/>\n                        personnelles<\/a>.\n                <\/p>\n<p>\n                    Vous disposez d\u2019un droit d\u2019acc\u00e8s, de rectification, d\u2019effacement, de limitation, de portabilit\u00e9 et<br \/>\n                    d\u2019opposition pour motif l\u00e9gitime aux donn\u00e9es personnelles vous concernant. Pour exercer l\u2019un de ces<br \/>\n                    droits, merci d\u2019effectuer votre demande via notre <a href=\"http:\/\/www.numerama.com\/contact#rgpd\" target=\"_blank\" rel=\"noopener\">formulaire de demandes d\u2019exercices de<br \/>\n                        droits<br \/>\n                        d\u00e9di\u00e9<\/a>.\n                <\/p>\n<p>            <img decoding=\"async\" src=\"https:\/\/www.europesays.com\/fr\/wp-content\/uploads\/2025\/04\/iPhone-16-pro.png\" alt=\"Toute l'actu tech en un clien d'oeil\"\/><\/p>\n<p class=\"card-install-pwa__title\">Toute l&rsquo;actu tech en un clin d&rsquo;\u0153il<\/p>\n<p class=\"card-install-pwa__description\">Ajoutez Numerama \u00e0 votre \u00e9cran d&rsquo;accueil et restez connect\u00e9s au futur !<\/p>\n<p>            <img decoding=\"async\" src=\"https:\/\/www.numerama.com\/wp-content\/themes\/numerama-next\/assets\/images\/premium\/logo-card-pwa-coupe.svg\" alt=\"Logo PWA\"\/><\/p>\n<p>       Installer Numerama<\/p>\n","protected":false},"excerpt":{"rendered":"Nouvelle annonce, m\u00eame confusion : le gouvernement finit par embrouiller tout le monde sur les aides pour les&hellip;\n","protected":false},"author":2,"featured_media":568889,"comment_status":"","ping_status":"","sticky":false,"template":"","format":"standard","meta":{"footnotes":""},"categories":[6],"tags":[1008,28688,35,33,34,1011,27,8433],"class_list":{"0":"post-568888","1":"post","2":"type-post","3":"status-publish","4":"format-standard","5":"has-post-thumbnail","7":"category-economie","8":"tag-aides","9":"tag-bonus-ecologique","10":"tag-business","11":"tag-economie","12":"tag-economy","13":"tag-fr","14":"tag-france","15":"tag-watt-else"},"share_on_mastodon":{"url":"https:\/\/pubeurope.com\/@fr\/115638807029818725","error":""},"_links":{"self":[{"href":"https:\/\/www.europesays.com\/fr\/wp-json\/wp\/v2\/posts\/568888","targetHints":{"allow":["GET"]}}],"collection":[{"href":"https:\/\/www.europesays.com\/fr\/wp-json\/wp\/v2\/posts"}],"about":[{"href":"https:\/\/www.europesays.com\/fr\/wp-json\/wp\/v2\/types\/post"}],"author":[{"embeddable":true,"href":"https:\/\/www.europesays.com\/fr\/wp-json\/wp\/v2\/users\/2"}],"replies":[{"embeddable":true,"href":"https:\/\/www.europesays.com\/fr\/wp-json\/wp\/v2\/comments?post=568888"}],"version-history":[{"count":0,"href":"https:\/\/www.europesays.com\/fr\/wp-json\/wp\/v2\/posts\/568888\/revisions"}],"wp:featuredmedia":[{"embeddable":true,"href":"https:\/\/www.europesays.com\/fr\/wp-json\/wp\/v2\/media\/568889"}],"wp:attachment":[{"href":"https:\/\/www.europesays.com\/fr\/wp-json\/wp\/v2\/media?parent=568888"}],"wp:term":[{"taxonomy":"category","embeddable":true,"href":"https:\/\/www.europesays.com\/fr\/wp-json\/wp\/v2\/categories?post=568888"},{"taxonomy":"post_tag","embeddable":true,"href":"https:\/\/www.europesays.com\/fr\/wp-json\/wp\/v2\/tags?post=568888"}],"curies":[{"name":"wp","href":"https:\/\/api.w.org\/{rel}","templated":true}]}}