{"id":568890,"date":"2025-11-30T13:08:09","date_gmt":"2025-11-30T13:08:09","guid":{"rendered":"https:\/\/www.europesays.com\/fr\/568890\/"},"modified":"2025-11-30T13:08:09","modified_gmt":"2025-11-30T13:08:09","slug":"des-drones-pour-traquer-les-loups-tueurs-denfants-dans-la-ville-de-bahraich-minee-par-la-peur","status":"publish","type":"post","link":"https:\/\/www.europesays.com\/fr\/568890\/","title":{"rendered":"des drones pour traquer les loups tueurs d\u2019enfants dans la ville de Bahraich, min\u00e9e par la peur"},"content":{"rendered":"<p>\n    Les gardes forestiers observent un changement dans le comportement des loups, anormalement actifs en pleine journ\u00e9e. Neuf personnes sont mortes, principalement des enfants, attaqu\u00e9es par des loups ces derni\u00e8res semaines.<\/p>\n<p class=\"fig-paragraph\">Les gardes forestiers utilisent des drones pour traquer des\u00a0<a href=\"http:\/\/www.lefigaro.fr\/actualite-france\/le-nombre-de-loups-en-france-reste-relativement-stable-en-2025-estime-a-1082-20251128\" target=\"_blank\" data-fig-type=\"NewsFlash\" rel=\"noopener\" data-gtm-custom-categorie=\"navigation\" data-gtm-custom-action=\"crossclick\" data-gtm-custom-label=\"Contextuel\" data-gtm-event=\"customEventSPE\" data-fig-domain=\"LEFIGARO\">loups\u00a0<\/a>tueurs d&rsquo;hommes en\u00a0<a href=\"http:\/\/www.lefigaro.fr\/conjoncture\/l-inde-depoussiere-son-code-du-travail-pour-doper-la-croissance-et-l-emploi-20251127\" target=\"_blank\" data-fig-type=\"Article\" rel=\"noopener\" data-gtm-custom-categorie=\"navigation\" data-gtm-custom-action=\"crossclick\" data-gtm-custom-label=\"Contextuel\" data-gtm-event=\"customEventSPE\" data-fig-domain=\"LEFIGARO\">Inde\u00a0<\/a>apr\u00e8s que neuf personnes, principalement des enfants, ont \u00e9t\u00e9 mortellement bless\u00e9es ces derni\u00e8res semaines, ont indiqu\u00e9 dimanche des responsables. \u00abLe comportement des loups semble avoir chang\u00e9. R\u00e9cemment, on les voit actifs en pleine journ\u00e9e, ce qui est \u00e9trange\u00bb, a expliqu\u00e9 \u00e0 l&rsquo;AFP l&rsquo;un d&rsquo;eux, Ram Singh Yadav. Outre des drones, des pi\u00e8ges photographiques et des tireurs dans la zone ont \u00e9t\u00e9 d\u00e9ploy\u00e9s, a-t-il indiqu\u00e9.<\/p>\n<p class=\"fig-paragraph\">La derni\u00e8re victime est une fillette de 10 mois qui a \u00e9t\u00e9 attrap\u00e9e par un loup dans la ville de Bahraich, dans l&rsquo;\u00c9tat septentrional de l&rsquo;Uttar Pradesh samedi, alors qu&rsquo;elle dormait \u00e0 c\u00f4t\u00e9 de sa m\u00e8re. L&rsquo;enfant a ensuite \u00e9t\u00e9 retrouv\u00e9e morte dans un champ. La veille, un gar\u00e7on de cinq ans avait \u00e9t\u00e9 enlev\u00e9 sous les yeux de sa m\u00e8re devant leur maison. Retrouv\u00e9 gri\u00e8vement bless\u00e9 dans un champ de canne \u00e0 sucre, il est mort lors de son transport vers l&rsquo;h\u00f4pital.<\/p>\n<p>                                            <a class=\"fig-a11y-skip\" href=\"#fig-a11y-skip-main-inarticle\" data-module=\"a11y-skip\" data-context=\"was @visible\"><br \/>\n    Passer la publicit\u00e9<br \/>\n<\/a>            <\/p>\n<p class=\"fig-paragraph\">Les responsables ont indiqu\u00e9 que l&rsquo;attaque suivait le sch\u00e9ma observ\u00e9 dans un groupe de villages qui ont signal\u00e9 des incidents similaires depuis septembre. Les derniers d\u00e9c\u00e8s portent \u00e0 au moins neuf le nombre de victimes d&rsquo;attaques suspect\u00e9es de loups \u00e0 Bahraich en trois mois, selon la police, les responsables forestiers et les m\u00e9dias. Parmi les victimes figure \u00e9galement un couple \u00e2g\u00e9.<\/p>\n<p>                                            Peur mortelle<\/p>\n<p class=\"fig-paragraph\">Bahraich a connu une vague d&rsquo;attaques similaire l&rsquo;an dernier, un groupe de loups ayant tu\u00e9 au moins neuf personnes et bless\u00e9 plusieurs autres. Les plaines herbeuses du district de Bahraich se situent \u00e0 environ 50 kilom\u00e8tres au sud de la fronti\u00e8re avec le N\u00e9pal, o\u00f9 de vastes for\u00eats couvrent les contreforts de l&rsquo;<a href=\"http:\/\/www.lefigaro.fr\/flash-actu\/la-meurtriere-de-lola-ne-fait-pas-appel-avalanche-meurtriere-dans-l-himalaya-mise-en-garde-de-la-france-sur-le-climat-avant-la-cop-les-3-infos-a-retenir-a-la-mi-journee-20251104\" target=\"_blank\" data-fig-type=\"NewsFlash\" rel=\"noopener\" data-gtm-custom-categorie=\"navigation\" data-gtm-custom-action=\"crossclick\" data-gtm-custom-label=\"Contextuel\" data-gtm-event=\"customEventSPE\" data-fig-domain=\"LEFIGARO\">Himalaya<\/a>.<\/p>\n<p class=\"fig-paragraph\">Les experts affirment que les loups n&rsquo;attaquent les humains ou le b\u00e9tail qu&rsquo;en dernier recours, lorsqu&rsquo;ils sont affam\u00e9s, pr\u00e9f\u00e9rant des proies moins dangereuses comme les petites antilopes. La majorit\u00e9 des quelque 3000 loups d&rsquo;Inde vivent en dehors des zones prot\u00e9g\u00e9es, souvent \u00e0 proximit\u00e9 des populations.<\/p>\n<p class=\"fig-paragraph\">Les villageois de Bahraich affirment vivre d\u00e9sormais dans une peur mortelle des loups r\u00f4dant pr\u00e8s de leurs habitations. \u00abNos enfants ne sont m\u00eame plus en s\u00e9curit\u00e9 \u00e0 l&rsquo;int\u00e9rieur de la maison\u00bb, a d\u00e9clar\u00e9 un habitant. \u00abNous voulons simplement que les attaques cessent\u00bb, a-t-il dit.<\/p>\n","protected":false},"excerpt":{"rendered":"Les gardes forestiers observent un changement dans le comportement des loups, anormalement actifs en pleine journ\u00e9e. Neuf personnes&hellip;\n","protected":false},"author":2,"featured_media":568891,"comment_status":"","ping_status":"","sticky":false,"template":"","format":"standard","meta":{"footnotes":""},"categories":[5],"tags":[11,1011,27,5595,14,9772,12,28],"class_list":{"0":"post-568890","1":"post","2":"type-post","3":"status-publish","4":"format-standard","5":"has-post-thumbnail","7":"category-international","8":"tag-actualites","9":"tag-fr","10":"tag-france","11":"tag-inde","12":"tag-international","13":"tag-loup","14":"tag-news","15":"tag-world"},"share_on_mastodon":{"url":"https:\/\/pubeurope.com\/@fr\/115638809878912475","error":""},"_links":{"self":[{"href":"https:\/\/www.europesays.com\/fr\/wp-json\/wp\/v2\/posts\/568890","targetHints":{"allow":["GET"]}}],"collection":[{"href":"https:\/\/www.europesays.com\/fr\/wp-json\/wp\/v2\/posts"}],"about":[{"href":"https:\/\/www.europesays.com\/fr\/wp-json\/wp\/v2\/types\/post"}],"author":[{"embeddable":true,"href":"https:\/\/www.europesays.com\/fr\/wp-json\/wp\/v2\/users\/2"}],"replies":[{"embeddable":true,"href":"https:\/\/www.europesays.com\/fr\/wp-json\/wp\/v2\/comments?post=568890"}],"version-history":[{"count":0,"href":"https:\/\/www.europesays.com\/fr\/wp-json\/wp\/v2\/posts\/568890\/revisions"}],"wp:featuredmedia":[{"embeddable":true,"href":"https:\/\/www.europesays.com\/fr\/wp-json\/wp\/v2\/media\/568891"}],"wp:attachment":[{"href":"https:\/\/www.europesays.com\/fr\/wp-json\/wp\/v2\/media?parent=568890"}],"wp:term":[{"taxonomy":"category","embeddable":true,"href":"https:\/\/www.europesays.com\/fr\/wp-json\/wp\/v2\/categories?post=568890"},{"taxonomy":"post_tag","embeddable":true,"href":"https:\/\/www.europesays.com\/fr\/wp-json\/wp\/v2\/tags?post=568890"}],"curies":[{"name":"wp","href":"https:\/\/api.w.org\/{rel}","templated":true}]}}