{"id":568892,"date":"2025-11-30T13:09:15","date_gmt":"2025-11-30T13:09:15","guid":{"rendered":"https:\/\/www.europesays.com\/fr\/568892\/"},"modified":"2025-11-30T13:09:15","modified_gmt":"2025-11-30T13:09:15","slug":"des-vetements-a-tiktok-la-mode-est-influencee-par-lere-de-trump-et-ca-naugure-rien-de-bon","status":"publish","type":"post","link":"https:\/\/www.europesays.com\/fr\/568892\/","title":{"rendered":"Des v\u00eatements \u00e0 TikTok, la mode est influenc\u00e9e par \u00ab\u00a0l\u2019\u00e8re de Trump\u00a0\u00bb et \u00e7a n\u2019augure rien de bon"},"content":{"rendered":"<p>        <img decoding=\"async\" loading=\"lazy\" src=\"https:\/\/www.europesays.com\/fr\/wp-content\/uploads\/2025\/11\/a4fcfef_upload-1-b5qcisxeraa8-sydney-sweeney.png\"  width=\"728\" height=\"410\" alt=\"L\u2019actrice am\u00e9ricaine Sydney Sweeney dans le spot publicitaire controvers\u00e9 de la marque de jeans American Eagle.\"\/>  <\/p>\n<p>Capture d\u2019\u00e9cran &#8211; American Eagle<\/p>\n<p>L\u2019actrice am\u00e9ricaine Sydney Sweeney dans le spot publicitaire controvers\u00e9 de la marque de jeans American Eagle.<\/p>\n<p class=\"asset asset-text\">Quelques mois avant que <a href=\"https:\/\/www.huffingtonpost.fr\/international\/article\/donald-trump-prend-une-mesure-anti-migrants-apres-l-attaque-a-washington-qui-a-tue-une-militaire_257626.html\" target=\"_blank\" rel=\"noopener\">Donald Trump ne soit r\u00e9\u00e9lu<\/a> pour un second mandat aux \u00c9tats-Unis, <a href=\"https:\/\/www.huffingtonpost.fr\/divertissement\/article\/lena-situations-a-refuse-de-travailler-avec-shein-malgre-les-nombreux-zeros-du-contrat_257229.html\" target=\"_blank\" rel=\"noopener\">les influenceurs mode<\/a> sur TikTok affirmaient d\u00e9j\u00e0 pouvoir facilement deviner sa victoire. Ils \u00e9taient nombreux \u00e0 pr\u00e9dire l\u2019avenir dans les tendances de mode am\u00e9ricaines, qui s\u2019orientaient tr\u00e8s visiblement vers le conservatisme.<\/p>\n<p class=\"asset asset-text\">Il y a un peu plus d\u2019un an en effet, <a href=\"https:\/\/www.huffingtonpost.fr\/international\/article\/ces-nouveaux-mots-du-dictionnaire-de-cambridge-en-disent-long-sur-l-influence-des-reseaux-sociaux_253713.html\" target=\"_blank\" rel=\"noopener\">les \u00ab\u00a0tradwifes\u00a0\u00bb<\/a> avaient le vent en poupe sur les r\u00e9seaux sociaux et leur uniforme \u00e0 base de robes longues et \u00e9vas\u00e9es se retrouvait d\u00e9j\u00e0 dans tous les magasins de v\u00eatements. Les esth\u00e9tiques minimalistes et tir\u00e9es \u00e0 quatre \u00e9pingles comme celle de la \u00ab\u00a0clean girl\u00a0\u00bb (litt\u00e9ralement \u00ab\u00a0fille propre\u00a0\u00bb en fran\u00e7ais) \u00e9taient virales, et la minceur \u00e9tait \u00e0 nouveau \u00e0 l\u2019honneur, <a href=\"https:\/\/www.huffingtonpost.fr\/life\/video\/mon-corps-n-est-pas-une-trend-cette-mannequin-grande-taille-deplore-le-declin-du-body-positive-dans-la-mode_253800.html\" target=\"_blank\" rel=\"noopener\">apr\u00e8s plusieurs ann\u00e9es de volont\u00e9 \u00ab\u00a0body positive\u00a0\u00bb<\/a>.<\/p>\n<p class=\"asset asset-text\">Si les r\u00e9sultats de la pr\u00e9sidentielle ont donn\u00e9 raison aux fashionistas, c\u2019est parce qu\u2019en r\u00e9alit\u00e9, la mode est sans cesse en dialogue avec la politique\u00a0: elle refl\u00e8te et fa\u00e7onne simultan\u00e9ment la soci\u00e9t\u00e9, explique Einav Rabinovitch-Fox, historienne et autrice sp\u00e9cialiste de la mode et la politique. \u00ab\u00a0Ce qui est int\u00e9ressant, c\u2019est que pendant le premier mandat de Trump, nous avons constat\u00e9 une plus grande r\u00e9sistance et une plus forte r\u00e9action de la part de l\u2019industrie de la mode. Aujourd\u2019hui, on observe plut\u00f4t du conformisme\u00a0\u00bb, analyse l\u2019experte.<\/p>\n<p class=\"asset asset-text\"><strong>[Note\u00a0: Cet article est une traduction r\u00e9alis\u00e9e par la r\u00e9daction du\u00a0HuffPost\u00a0France, \u00e0 partir d\u2019un article paru en novembre\u00a02025 sur le\u00a0HuffPost\u00a0am\u00e9ricain.\u00a0<a href=\"https:\/\/www.huffpost.com\/entry\/trump-era-fashion-trends_l_691f70cee4b047290e294c3a?origin=life-featured\" target=\"_blank\" rel=\"noopener\" title=\"Nouvelle fen\u00eatre\">L\u2019article original est \u00e0 lire ici<\/a>. Il a \u00e9t\u00e9 traduit, raccourci et \u00e9dit\u00e9 dans un souci de compr\u00e9hension pour un lectorat francophone.]<\/strong><\/p>\n<p class=\"asset asset-text\">Si la mode comme r\u00e9sistance m\u00e9rite qu\u2019on lui consacre un article \u00e0 part enti\u00e8re, pour l\u2019instant, examinons toutes les fa\u00e7ons dont la mode, tant la haute couture que la mode grand public, semble s\u2019aligner sur le conservatisme de l\u2019\u00e9poque.<\/p>\n<p>    <strong>Les marques prennent parti<\/strong>    <\/p>\n<p class=\"asset asset-text\">Les marques de mode ne refusent plus d\u2019habiller la Premi\u00e8re dame Melania Trump. American Eagle n\u2019h\u00e9site pas \u00e0 <a href=\"https:\/\/www.huffingtonpost.fr\/culture\/article\/pourquoi-sydney-sweeney-se-retrouve-embourbee-dans-une-polemique-apres-cette-pub-pour-des-jeans_253046.html\" target=\"_blank\" rel=\"noopener\">diffuser une publicit\u00e9 pour ses \u00ab\u00a0bons jeans\u00a0\u00bb avec un jeu de mots sur les \u00ab\u00a0bons g\u00e8nes\u00a0\u00bb<\/a>. Ce, en mettant en sc\u00e8ne la blonde aux yeux bleus Sydney Sweeney, \u00e0 une \u00e9poque o\u00f9 les inqui\u00e9tudes concernant la supr\u00e9matie blanche et le retour du discours eug\u00e9niste sont vives. \u00ab\u00a0Ce qui se passe actuellement, c\u2019est que les gens dans la rue et les cr\u00e9ateurs de mode font des choix de style plus calcul\u00e9s\u00a0\u00bb, souligne Henry Navarro Delgado, professeur de mode \u00e0 l\u2019Universit\u00e9 m\u00e9tropolitaine de Toronto.<\/p>\n<p class=\"asset asset-text\">\u00ab\u00a0Les vendeurs peuvent tenter d\u2019\u00e9viter les affiliations politiques, ou ils peuvent faire des choix controvers\u00e9s en mati\u00e8re de style et de marketing afin de tirer parti des r\u00e9actions dans un environnement id\u00e9ologiquement charg\u00e9\u00a0\u00bb, a-t-il d\u00e9clar\u00e9. \u00ab\u00a0C\u2019est ce que nous avons vu avec la publicit\u00e9 virale d\u2019American Eagle.\u00a0\u00bb Une pol\u00e9mique qui a r\u00e9sonn\u00e9 bien au-del\u00e0 des fronti\u00e8res \u00e9tasuniennes tout comme <a href=\"https:\/\/www.huffingtonpost.fr\/culture\/video\/cette-pub-gap-cartonne-et-le-backlash-d-american-eagle-avec-sydney-sweeney-n-y-est-pas-pour-rien_254167.html\" target=\"_blank\" rel=\"noopener\">l<\/a><a href=\"https:\/\/www.huffingtonpost.fr\/culture\/video\/cette-pub-gap-cartonne-et-le-backlash-d-american-eagle-avec-sydney-sweeney-n-y-est-pas-pour-rien_254167.html\" target=\"_blank\" rel=\"noopener\">a r\u00e9ponse de la marque Gap<\/a>, cr\u00e9ant une \u00ab\u00a0guerre des jeans\u00a0\u00bb.<\/p>\n<p>                     <strong>La haute couture semble \u00e0 nouveau d\u00e9tester le corps des femmes<\/strong>    <\/p>\n<p class=\"asset asset-text\">Lors de la derni\u00e8re fashion week de New York, la mode f\u00e9minine a encore renforc\u00e9 ses accents \u00ab\u00a0tradi\u00a0\u00bb\u00a0: ourlets longs ou sous le genou, d\u00e9collet\u00e9s modestes et les motifs simples en vichy ou floraux\u2026 Sur les podiums, de nombreux travaux \u00e9voquaient une f\u00e9minit\u00e9 modeste, tourn\u00e9e vers la vie domestique et peu audacieuse.<\/p>\n<p class=\"asset asset-text\">\u00ab\u00a0Je pense que nous pouvons clairement observer une \u00e9volution vers des modes plus conservatrices ces derni\u00e8res ann\u00e9es\u00a0\u00bb, souligne Rabinovitch-Fox, pointant \u00e9galement le retour de la silhouette en sablier, et donc des v\u00eatements sculptants, corset\u00e9s ou gainants comme ceux de Skims, marque pl\u00e9biscit\u00e9e de Kim Kardashian, qui modifient le contour des corps des femmes au prix de leur confort.<\/p>\n<p class=\"asset asset-text\">Une fois encore, la tendance s\u2019\u00e9tend bien au-del\u00e0 des \u00c9tats-Unis\u00a0: l\u2019un des retours les plus troublants des fashion weeks internationales cette ann\u00e9e\u00a0? Des looks qui semblaient sugg\u00e9rer que les femmes doivent \u00eatre vues mais pas entendues. Pendant la fashion week de Paris, Stella Bugbee, r\u00e9dactrice en chef de la rubrique Styles du New York Times, <a href=\"https:\/\/www.blackbirdspyplane.com\/p\/hostile-architecture\" target=\"_blank\" rel=\"noopener\" title=\"Nouvelle fen\u00eatre\">soulignait dans sa newsletter<\/a> que m\u00eame s\u2019ils n\u2019\u00e9taient pas ouvertement conservateurs ou autoritaires sur le plan esth\u00e9tique, certains visuels pr\u00e9sent\u00e9s sur les podiums sugg\u00e9raient une misogynie subtile.<\/p>\n<p class=\"asset asset-text\">C\u2019est ce qu\u2019a \u00e9galement remarqu\u00e9 Peggy Heffington, professeure d\u2019histoire \u00e0 l\u2019universit\u00e9 de Chicago. \u00ab\u00a0Par exemple, les mannequins de Margiela avaient les l\u00e8vres <a href=\"https:\/\/www.instagram.com\/reel\/DPY52d-DkJY\/\" target=\"_blank\" rel=\"noopener\" title=\"Nouvelle fen\u00eatre\">cousues<\/a>, tandis que celles d\u2019Ala\u00efa portaient des <a href=\"https:\/\/www.businessoffashion.com\/briefings\/this-week-in-fashion\/does-fashion-know-what-women-want\/\" target=\"_blank\" rel=\"noopener\" title=\"Nouvelle fen\u00eatre\">camisoles de force sans manches<\/a>\u00a0\u00bb, pointe-t-elle aupr\u00e8s du HuffPost. \u00ab\u00a0Ces images ne sont pas particuli\u00e8rement subtiles quant \u00e0 la place des femmes dans la soci\u00e9t\u00e9 et la politique.\u00bb<\/p>\n<p class=\"asset asset-text\">Peggy Heffington note par ailleurs que les efforts d\u00e9ploy\u00e9s ces derni\u00e8res ann\u00e9es pour diversifier les morphologies semblaient avoir disparu. \u00ab\u00a0M\u00eame la tendance des ann\u00e9es 2010 vers des silhouettes sveltes et muscl\u00e9es semble de moins en moins r\u00e9pandue\u00a0\u00bb, d\u00e9plore-t-elle. Le sternum apparent est \u00e0 nouveau, malheureusement, l\u2019accessoire de mode le plus en vogue. \u00ab\u00a0C\u2019est probablement d\u00fb en grande partie aux effets de l\u2019Ozempic, mais visuellement, nous sommes revenus aux ann\u00e9es 1990 et au d\u00e9but des ann\u00e9es 2000, o\u00f9 les normes de beaut\u00e9 f\u00e9minine exigeaient que les femmes soient extr\u00eamement minces\u00a0\u00bb, souligne Heffington.<\/p>\n<p>    <strong>Les d\u00e9fil\u00e9s de mode Victoria\u2019s Secret sont de retour<\/strong>    <\/p>\n<p class=\"asset asset-text\">La renaissance du d\u00e9fil\u00e9 Victoria\u2019s Secret en octobre m\u00e9rite certainement d\u2019\u00eatre mentionn\u00e9e ici. \u00ab\u00a0C\u2019est peut-\u00eatre une tradition ancestrale et je m\u2019y attarde peut-\u00eatre trop, mais il semble remarquable qu\u2019apr\u00e8s plusieurs ann\u00e9es d\u2019interruption en raison de la r\u00e9action n\u00e9gative du public, la marque ait estim\u00e9 que 2025 \u00e9tait un moment s\u00fbr, voire propice, pour la relancer\u00a0\u00bb, soutient Peggy Huffington.<\/p>\n<p class=\"asset asset-text\">Malgr\u00e9 une tentative de se pr\u00e9senter comme une \u00ab\u00a0c\u00e9l\u00e9bration des femmes\u00a0\u00bb <a href=\"https:\/\/www.huffingtonpost.fr\/divertissement\/article\/le-defile-victoria-s-secret-2025-tente-de-rattraper-les-erreurs-du-passe-et-cette-mannequin-le-prouve_256096.html\" target=\"_blank\" rel=\"noopener\" title=\"Nouvelle fen\u00eatre\">et de rattraper ses erreurs du pass\u00e9, <\/a>pour l\u2019experte, le d\u00e9fil\u00e9 est \u00ab\u00a0moins une occasion de c\u00e9l\u00e9brer les femmes que de les reluquer en dentelle.\u00a0\u00bb Dans le monde politique \u00e9galement, la mode a chang\u00e9. Heffington pense que la combinaison entre <a href=\"https:\/\/www.huffingtonpost.fr\/life\/video\/les-proches-de-donald-trump-ont-tous-la-meme-tete-et-ce-n-est-pas-un-hasard-clx1_245186.html\" target=\"_blank\" rel=\"noopener\" title=\"Nouvelle fen\u00eatre\">les visages \u00ab\u00a0Mar-a-Lago\u00a0\u00bb<\/a> retouch\u00e9s par la chirurgie esth\u00e9tique pour \u00eatre similaires et les maquillages et coiffures tr\u00e8s lourdes, presque <a href=\"https:\/\/www.huffpost.com\/entry\/is-bad-conservative-girl-makeup-exclusively-a-republican-problem-makeup-artists-have-thoughts-ano_l_67c9e97ee4b07a45b4c35b68\" target=\"_blank\" rel=\"noopener\" title=\"Nouvelle fen\u00eatre\">exag\u00e9r\u00e9s<\/a>, chez les femmes conservatrices en politique et au sein de l\u2019administration Trump est l\u2019une des choses les plus int\u00e9ressantes qui se passent actuellement dans le domaine de la mode.<\/p>\n<p class=\"asset asset-text\">Car, selon Heffington, \u00ab\u00a0cela ressemble presque \u00e0 une d\u00e9claration selon laquelle les femmes ont leur place dans les cercles conservateurs, mais uniquement quand elles performent tr\u00e8s visiblement la f\u00e9minit\u00e9 \u2015 c\u2019est un rejet esth\u00e9tique et vestimentaire des efforts de la gauche en faveur de l\u2019\u00e9galit\u00e9 des sexes, voire de la neutralit\u00e9 de genre\u00a0\u00bb.<\/p>\n<p>      <script async src=\"\/\/www.instagram.com\/embed.js\"><\/script><\/p>\n","protected":false},"excerpt":{"rendered":"Capture d\u2019\u00e9cran &#8211; American Eagle L\u2019actrice am\u00e9ricaine Sydney Sweeney dans le spot publicitaire controvers\u00e9 de la marque de&hellip;\n","protected":false},"author":2,"featured_media":568893,"comment_status":"","ping_status":"","sticky":false,"template":"","format":"standard","meta":{"footnotes":""},"categories":[4],"tags":[11,73,1011,27,5656,985,12,25],"class_list":{"0":"post-568892","1":"post","2":"type-post","3":"status-publish","4":"format-standard","5":"has-post-thumbnail","7":"category-france","8":"tag-actualites","9":"tag-etats-unis","10":"tag-fr","11":"tag-france","12":"tag-life","13":"tag-mode","14":"tag-news","15":"tag-republique-francaise"},"share_on_mastodon":{"url":"https:\/\/pubeurope.com\/@fr\/115638814357275638","error":""},"_links":{"self":[{"href":"https:\/\/www.europesays.com\/fr\/wp-json\/wp\/v2\/posts\/568892","targetHints":{"allow":["GET"]}}],"collection":[{"href":"https:\/\/www.europesays.com\/fr\/wp-json\/wp\/v2\/posts"}],"about":[{"href":"https:\/\/www.europesays.com\/fr\/wp-json\/wp\/v2\/types\/post"}],"author":[{"embeddable":true,"href":"https:\/\/www.europesays.com\/fr\/wp-json\/wp\/v2\/users\/2"}],"replies":[{"embeddable":true,"href":"https:\/\/www.europesays.com\/fr\/wp-json\/wp\/v2\/comments?post=568892"}],"version-history":[{"count":0,"href":"https:\/\/www.europesays.com\/fr\/wp-json\/wp\/v2\/posts\/568892\/revisions"}],"wp:featuredmedia":[{"embeddable":true,"href":"https:\/\/www.europesays.com\/fr\/wp-json\/wp\/v2\/media\/568893"}],"wp:attachment":[{"href":"https:\/\/www.europesays.com\/fr\/wp-json\/wp\/v2\/media?parent=568892"}],"wp:term":[{"taxonomy":"category","embeddable":true,"href":"https:\/\/www.europesays.com\/fr\/wp-json\/wp\/v2\/categories?post=568892"},{"taxonomy":"post_tag","embeddable":true,"href":"https:\/\/www.europesays.com\/fr\/wp-json\/wp\/v2\/tags?post=568892"}],"curies":[{"name":"wp","href":"https:\/\/api.w.org\/{rel}","templated":true}]}}