{"id":568896,"date":"2025-11-30T13:11:11","date_gmt":"2025-11-30T13:11:11","guid":{"rendered":"https:\/\/www.europesays.com\/fr\/568896\/"},"modified":"2025-11-30T13:11:11","modified_gmt":"2025-11-30T13:11:11","slug":"un-pompiste-engage-a-la-station-service-rue-de-la-montat","status":"publish","type":"post","link":"https:\/\/www.europesays.com\/fr\/568896\/","title":{"rendered":"un pompiste engag\u00e9 \u00e0 la station-service rue de la Montat"},"content":{"rendered":"<p>M\u00e9tier disparu des stations essence dans les ann\u00e9es 80, les pompistes font progressivement leur retour dans plusieurs points de distribution de TotalEnergies. Dans la station de la rue de la Montat, ce service pr\u00e9sente de nombreux avantages en mati\u00e8re de s\u00e9curit\u00e9, de relation client, d\u2019organisation et de logistique. Wessam, 58 ans, qui tient la station avec sa femme, Clarisse, depuis 2005, s\u2019en f\u00e9licite\u00a0: \u00ab\u00a0Le pompiste m\u2019aide \u00e0 fluidifier le trafic, \u00e0 indiquer aux gens o\u00f9 se placer, \u00e0 faire respecter les r\u00e8gles de s\u00e9curit\u00e9, et \u00e0 donner un coup de main pour la manutention. C\u2019est une aubaine.\u00a0\u00bb<\/p>\n<p>  \u00ab\u00a0Les automobilistes appr\u00e9cient de parler \u00e0 quelqu\u2019un\u00a0\u00bb<\/p>\n<p>Le pompiste, c\u2019est St\u00e9phane, un ancien comptable reconverti. \u00ab\u00a0Au d\u00e9but, les gens sont \u00e9tonn\u00e9s de voir quelqu\u2019un les aborder pour les servir, mais ensuite il y a de la nostalgie et cela les fait sourire. Les automobilistes appr\u00e9cient de parler \u00e0 quelqu\u2019un dans la station. Et franchement, j\u2019aime bien ce que je fais\u00a0\u00bb, explique-t-il. St\u00e9phane incarne un m\u00e9tier avant tout d\u00e9di\u00e9 au contact et au service\u00a0: \u00ab\u00a0Je suis multiservice\u00a0: j\u2019aide mes patrons, mais aussi les clients. Je les conseille, ou autre. Je commence \u00e0 bien conna\u00eetre les gens du quartier, ils m\u2019aiment bien\u00a0\u00bb, confie-t-il.<\/p>\n<p>  Un service de proximit\u00e9<\/p>\n<p>Dot\u00e9e de cinq bornes de recharge \u00e9lectrique depuis 2023, la station envisage d\u00e9sormais de <a href=\"https:\/\/www.leprogres.fr\/economie\/2025\/08\/01\/voitures-electriques-je-suis-souvent-le-premier-borniste-que-les-gens-voient-de-leur-vie\" target=\"_blank\" rel=\"noopener\">cr\u00e9er des postes de \u00ab\u00a0bornistes\u00a0\u00bb<\/a> , version 2.0 du m\u00e9tier de pompiste. Le groupe TotalEnergies a cr\u00e9\u00e9 environ 300 postes de pompistes , r\u00e9partis sur diff\u00e9rents points de distribution \u00e0 l\u2019\u00e9chelle nationale.<\/p>\n<p>Pour <a href=\"https:\/\/www.leprogres.fr\/economie\/2024\/03\/18\/total-energies-on-ne-va-pas-arreter-nos-activites-de-raffinerie-du-jour-au-lendemain\" target=\"_blank\" rel=\"noopener\">Thierry Dutilloy<\/a> , directeur r\u00e9gional de TotalEnergies, la r\u00e9novation du magasin et l\u2019embauche d\u2019un pompiste r\u00e9pondent \u00e0 un enjeu clair\u00a0: recr\u00e9er du lien avec les riverains. Les locaux sont pass\u00e9s de 25 \u00e0 65\u00a0m\u00b2 et int\u00e8grent un espace d\u2019accueil \u00e9quip\u00e9 d\u2019assises, de prises \u00e9lectriques pour recharger son t\u00e9l\u00e9phone et d\u2019une machine \u00e0 caf\u00e9. L\u2019achalandage a \u00e9galement \u00e9t\u00e9 revu, avec un \u00e9largissement de l\u2019offre\u00a0: davantage d\u2019\u00e9quipements automobiles, mais aussi de nouveaux rayons de produits du quotidien.<\/p>\n<p>\u00ab\u00a0La boutique est plus confortable pour accueillir les clients pendant qu\u2019ils rechargent leur voiture. L\u2019\u00e9picerie d\u00e9panne bien les habitants des alentours\u00a0\u00bb, pr\u00e9cise le directeur r\u00e9gional. \u00ab\u00a0On veut vraiment cr\u00e9er un lien et offrir un service de proximit\u00e9\u00a0\u00bb, conclut Thierry Dutilloy.<\/p>\n","protected":false},"excerpt":{"rendered":"M\u00e9tier disparu des stations essence dans les ann\u00e9es 80, les pompistes font progressivement leur retour dans plusieurs points&hellip;\n","protected":false},"author":2,"featured_media":568897,"comment_status":"","ping_status":"","sticky":false,"template":"","format":"standard","meta":{"footnotes":""},"categories":[9653],"tags":[1111,11,646,2430,4406,33,7539,893,1777,674,1011,27,12,25,4001,7538],"class_list":{"0":"post-568896","1":"post","2":"type-post","3":"status-publish","4":"format-standard","5":"has-post-thumbnail","7":"category-saint-etienne","8":"tag-actu","9":"tag-actualites","10":"tag-automobile","11":"tag-auvergne-rhone-alpes","12":"tag-commerce-et-services","13":"tag-economie","14":"tag-edition-loire-sud","15":"tag-energie","16":"tag-eu","17":"tag-europe","18":"tag-fr","19":"tag-france","20":"tag-news","21":"tag-republique-francaise","22":"tag-saint-etienne","23":"tag-saint-etienne-ville"},"share_on_mastodon":{"url":"https:\/\/pubeurope.com\/@fr\/115638821484891639","error":""},"_links":{"self":[{"href":"https:\/\/www.europesays.com\/fr\/wp-json\/wp\/v2\/posts\/568896","targetHints":{"allow":["GET"]}}],"collection":[{"href":"https:\/\/www.europesays.com\/fr\/wp-json\/wp\/v2\/posts"}],"about":[{"href":"https:\/\/www.europesays.com\/fr\/wp-json\/wp\/v2\/types\/post"}],"author":[{"embeddable":true,"href":"https:\/\/www.europesays.com\/fr\/wp-json\/wp\/v2\/users\/2"}],"replies":[{"embeddable":true,"href":"https:\/\/www.europesays.com\/fr\/wp-json\/wp\/v2\/comments?post=568896"}],"version-history":[{"count":0,"href":"https:\/\/www.europesays.com\/fr\/wp-json\/wp\/v2\/posts\/568896\/revisions"}],"wp:featuredmedia":[{"embeddable":true,"href":"https:\/\/www.europesays.com\/fr\/wp-json\/wp\/v2\/media\/568897"}],"wp:attachment":[{"href":"https:\/\/www.europesays.com\/fr\/wp-json\/wp\/v2\/media?parent=568896"}],"wp:term":[{"taxonomy":"category","embeddable":true,"href":"https:\/\/www.europesays.com\/fr\/wp-json\/wp\/v2\/categories?post=568896"},{"taxonomy":"post_tag","embeddable":true,"href":"https:\/\/www.europesays.com\/fr\/wp-json\/wp\/v2\/tags?post=568896"}],"curies":[{"name":"wp","href":"https:\/\/api.w.org\/{rel}","templated":true}]}}