{"id":56890,"date":"2025-04-27T13:19:05","date_gmt":"2025-04-27T13:19:05","guid":{"rendered":"https:\/\/www.europesays.com\/fr\/56890\/"},"modified":"2025-04-27T13:19:05","modified_gmt":"2025-04-27T13:19:05","slug":"le-pr-peyrin-biroulet-ponte-des-mici-a-demissionne","status":"publish","type":"post","link":"https:\/\/www.europesays.com\/fr\/56890\/","title":{"rendered":"le Pr Peyrin-Biroulet, ponte des MICI, a d\u00e9missionn\u00e9"},"content":{"rendered":"<p>Il a remis sa d\u00e9mission en janvier. Ponte des maladies inflammatoires chroniques de l\u2019intestin (MICI), le Pr  Laurent Peyrin-Biroulet a quitt\u00e9 le navire en pleine travers\u00e9e. Sommit\u00e9 dans sa sp\u00e9cialit\u00e9 et auteur d\u2019innombrables publications scientifiques, le praticien a l\u00e2ch\u00e9 la barre de l\u2019Institut hospitalo-universitaire (IHU) Infiny MICI de Nancy qu\u2019il dirigeait depuis sa cr\u00e9ation et dont il fut l\u2019un des p\u00e8res fondateurs. Porteur de cette structure depuis ses d\u00e9buts, Laurent Peyrin-Biroulet souffrirait d\u2019une forme de lassitude li\u00e9e \u00e0 une accumulation de dissensions professionnelles. Au fil du temps, des frictions et des d\u00e9saccords seraient, notamment, apparus sur le mode de gouvernance de l\u2019IHU et certaines lourdeurs administratives pesantes. Quoi qu\u2019il en soit, c\u2019est un coup dur pour cet institut dont l\u2019ossature reposait sur les \u00e9paules du m\u00e9decin chercheur et avait presque \u00e9t\u00e9 b\u00e2tie sur mesure autour de sa r\u00e9putation de travailleur acharn\u00e9 et de&#8230;<\/p>\n","protected":false},"excerpt":{"rendered":"Il a remis sa d\u00e9mission en janvier. Ponte des maladies inflammatoires chroniques de l\u2019intestin (MICI), le Pr Laurent&hellip;\n","protected":false},"author":2,"featured_media":56891,"comment_status":"","ping_status":"","sticky":false,"template":"","format":"standard","meta":{"footnotes":""},"categories":[9635],"tags":[1111,11,1777,674,107,1011,27,775,5362,224,1702,12,3456,25,71,767],"class_list":{"0":"post-56890","1":"post","2":"type-post","3":"status-publish","4":"format-standard","5":"has-post-thumbnail","7":"category-nancy","8":"tag-actu","9":"tag-actualites","10":"tag-eu","11":"tag-europe","12":"tag-fil-info","13":"tag-fr","14":"tag-france","15":"tag-grand-est","16":"tag-magazine-sante","17":"tag-medecine","18":"tag-nancy","19":"tag-news","20":"tag-region-lorraine","21":"tag-republique-francaise","22":"tag-sante","23":"tag-science-et-technologie"},"share_on_mastodon":{"url":"https:\/\/pubeurope.com\/@fr\/114410131462494529","error":""},"_links":{"self":[{"href":"https:\/\/www.europesays.com\/fr\/wp-json\/wp\/v2\/posts\/56890","targetHints":{"allow":["GET"]}}],"collection":[{"href":"https:\/\/www.europesays.com\/fr\/wp-json\/wp\/v2\/posts"}],"about":[{"href":"https:\/\/www.europesays.com\/fr\/wp-json\/wp\/v2\/types\/post"}],"author":[{"embeddable":true,"href":"https:\/\/www.europesays.com\/fr\/wp-json\/wp\/v2\/users\/2"}],"replies":[{"embeddable":true,"href":"https:\/\/www.europesays.com\/fr\/wp-json\/wp\/v2\/comments?post=56890"}],"version-history":[{"count":0,"href":"https:\/\/www.europesays.com\/fr\/wp-json\/wp\/v2\/posts\/56890\/revisions"}],"wp:featuredmedia":[{"embeddable":true,"href":"https:\/\/www.europesays.com\/fr\/wp-json\/wp\/v2\/media\/56891"}],"wp:attachment":[{"href":"https:\/\/www.europesays.com\/fr\/wp-json\/wp\/v2\/media?parent=56890"}],"wp:term":[{"taxonomy":"category","embeddable":true,"href":"https:\/\/www.europesays.com\/fr\/wp-json\/wp\/v2\/categories?post=56890"},{"taxonomy":"post_tag","embeddable":true,"href":"https:\/\/www.europesays.com\/fr\/wp-json\/wp\/v2\/tags?post=56890"}],"curies":[{"name":"wp","href":"https:\/\/api.w.org\/{rel}","templated":true}]}}