{"id":568903,"date":"2025-11-30T13:15:46","date_gmt":"2025-11-30T13:15:46","guid":{"rendered":"https:\/\/www.europesays.com\/fr\/568903\/"},"modified":"2025-11-30T13:15:46","modified_gmt":"2025-11-30T13:15:46","slug":"il-avait-commandite-une-expedition-punitive-depuis-sa-cellule-un-detenu-condamne-a-7-ans-de","status":"publish","type":"post","link":"https:\/\/www.europesays.com\/fr\/568903\/","title":{"rendered":"Il avait commandit\u00e9 une exp\u00e9dition punitive depuis sa cellule, un d\u00e9tenu condamn\u00e9 \u00e0 7\u00a0ans de"},"content":{"rendered":"<p>Un homme de 29\u00a0ans, d\u00e9j\u00e0 en d\u00e9tention,\u00a0a \u00e9t\u00e9 condamn\u00e9 par le tribunal correctionnel de Toulon (Var), mercredi 26\u00a0novembre 2025. Il \u00e9tait poursuivi pour \u00ab\u00a0participation \u00e0 une association de malfaiteurs\u00a0\u00bb. En janvier\u00a02024, il avait commandit\u00e9 depuis sa cellule une exp\u00e9dition punitive en janvier\u00a02024, rapporte  <a href=\"https:\/\/www.nicematin.com\/faits-divers\/un-membre-presume-de-la-dz-mafia-condamne-a-7-ans-de-prison-a-toulon-10658469\" target=\"_blank\" rel=\"noopener\">Nice-Matin<\/a> .\u00a0<\/p>\n<p>Le pr\u00e9venu,\u00a0pr\u00e9sum\u00e9 membre de la <a href=\"https:\/\/rennes.maville.com\/actu\/actudet_--dz-mafia-vs-yoda-.-trois-choses-a-savoir-sur-ces-deux-gangs-de-trafiquants-en-guerre-a-marseille-_53546-5900647_actu.Htm\" target=\"_self\" rel=\"noopener\">DZ Mafia<\/a>, avait appris qu\u2019un habitant de La Seyne-sur-Mer avait d\u00e9rob\u00e9 trois\u00a0valises remplies de stup\u00e9fiants. <strong>\u00ab\u00a0Vu que la somme \u00e9tait importante, j\u2019ai d\u00e9cid\u00e9 d\u2019agir en cons\u00e9quence, de mettre le plus de pression possible\u00a0\u00bb<\/strong>, a expliqu\u00e9 le jeune homme. Messages mena\u00e7ants, tirs \u00e0 l\u2019arme \u00e0 feu, op\u00e9ration commando\u2026\u00a0La victime et ses proches ont v\u00e9cu un v\u00e9ritable enfer.\u00a0<\/p>\n<p>Des mineurs impliqu\u00e9s<\/p>\n<p>Devant le tribunal, le trentenaire reconna\u00eet les faits. Gr\u00e2ce \u00e0 des applications de messagerie crypt\u00e9es, il est parvenu \u00e0 monter une \u00e9quipe. Cette derni\u00e8re \u00e9tait compos\u00e9e de quatre personnes, dont deux mineurs. Si les membres expliquent avoir juste cherch\u00e9 \u00e0 faire peur aux victimes, le commanditaire leur avait donn\u00e9 l\u2019autorisation de <strong>\u00ab\u00a0crosser\u00a0\u00bb<\/strong> toute la famille, sauf les enfants.\u00a0<\/p>\n<p>Reconnu coupable, le pr\u00e9venu a\u00a0\u00e9t\u00e9 condamn\u00e9 \u00e0 7\u00a0ans de prison. R\u00e9cemment, il avait \u00e9t\u00e9 transf\u00e9r\u00e9 \u00e0 <a href=\"https:\/\/lens.maville.com\/actu\/actudet_-apres-sa-permission-un-detenu-narcotrafiquant-rentre-a-la-prison-de-vendin-_12248-7078638_actu.Htm\" target=\"_self\" rel=\"noopener\">la prison de haute s\u00e9curit\u00e9 de\u00a0Vendin-le-Vieil<\/a> (Pas-de-Calais).<\/p>\n<p>Pour en savoir plus, lire l\u2019article de\u00a0 <a href=\"https:\/\/www.nicematin.com\/faits-divers\/un-membre-presume-de-la-dz-mafia-condamne-a-7-ans-de-prison-a-toulon-10658469\" target=\"_blank\" rel=\"noopener\">Nice-Matin<\/a>.<\/p>\n<p>\u00a0<\/p>\n","protected":false},"excerpt":{"rendered":"Un homme de 29\u00a0ans, d\u00e9j\u00e0 en d\u00e9tention,\u00a0a \u00e9t\u00e9 condamn\u00e9 par le tribunal correctionnel de Toulon (Var), mercredi 26\u00a0novembre&hellip;\n","protected":false},"author":2,"featured_media":568904,"comment_status":"","ping_status":"","sticky":false,"template":"","format":"standard","meta":{"footnotes":""},"categories":[9619],"tags":[3691,1111,11,1764,10979,68394,8652,9625,1777,674,51072,1011,27,12,806,882,68395,25,2310],"class_list":{"0":"post-568903","1":"post","2":"type-post","3":"status-publish","4":"format-standard","5":"has-post-thumbnail","7":"category-toulon","8":"tag-3691","9":"tag-actu","10":"tag-actualites","11":"tag-ans","12":"tag-cellule","13":"tag-commandite","14":"tag-condamne","15":"tag-detenu","16":"tag-eu","17":"tag-europe","18":"tag-expedition","19":"tag-fr","20":"tag-france","21":"tag-news","22":"tag-prison","23":"tag-provence-alpes-cote-dazur","24":"tag-punitive","25":"tag-republique-francaise","26":"tag-toulon"},"share_on_mastodon":{"url":"https:\/\/pubeurope.com\/@fr\/115638837152245521","error":""},"_links":{"self":[{"href":"https:\/\/www.europesays.com\/fr\/wp-json\/wp\/v2\/posts\/568903","targetHints":{"allow":["GET"]}}],"collection":[{"href":"https:\/\/www.europesays.com\/fr\/wp-json\/wp\/v2\/posts"}],"about":[{"href":"https:\/\/www.europesays.com\/fr\/wp-json\/wp\/v2\/types\/post"}],"author":[{"embeddable":true,"href":"https:\/\/www.europesays.com\/fr\/wp-json\/wp\/v2\/users\/2"}],"replies":[{"embeddable":true,"href":"https:\/\/www.europesays.com\/fr\/wp-json\/wp\/v2\/comments?post=568903"}],"version-history":[{"count":0,"href":"https:\/\/www.europesays.com\/fr\/wp-json\/wp\/v2\/posts\/568903\/revisions"}],"wp:featuredmedia":[{"embeddable":true,"href":"https:\/\/www.europesays.com\/fr\/wp-json\/wp\/v2\/media\/568904"}],"wp:attachment":[{"href":"https:\/\/www.europesays.com\/fr\/wp-json\/wp\/v2\/media?parent=568903"}],"wp:term":[{"taxonomy":"category","embeddable":true,"href":"https:\/\/www.europesays.com\/fr\/wp-json\/wp\/v2\/categories?post=568903"},{"taxonomy":"post_tag","embeddable":true,"href":"https:\/\/www.europesays.com\/fr\/wp-json\/wp\/v2\/tags?post=568903"}],"curies":[{"name":"wp","href":"https:\/\/api.w.org\/{rel}","templated":true}]}}