{"id":568905,"date":"2025-11-30T13:17:14","date_gmt":"2025-11-30T13:17:14","guid":{"rendered":"https:\/\/www.europesays.com\/fr\/568905\/"},"modified":"2025-11-30T13:17:14","modified_gmt":"2025-11-30T13:17:14","slug":"toulon-6eme-edition-du-barometre-suez-et-odoxa-les-francais-et-la-reduction-des-dechets-dans-le-var","status":"publish","type":"post","link":"https:\/\/www.europesays.com\/fr\/568905\/","title":{"rendered":"TOULON : 6\u00e8me \u00e9dition du barom\u00e8tre SUEZ et Odoxa &#8211; \u00ab Les Fran\u00e7ais et la r\u00e9duction des d\u00e9chets \u00bb dans le Var"},"content":{"rendered":"<p><b>Ils sont les\u202fchampions r\u00e9gionaux du recyclage des D\u00e9chets d\u2019\u00c9quipements \u00c9lectriques et \u00c9lectroniques (DEEE).<\/b><\/p>\n<p>En Provence-Alpes-C\u00f4te d\u2019Azur, les \u00e9cogestes d\u00e9chets s\u2019ancrent dans les pratiques malgr\u00e9 un recul de l\u2019engagement individuel. L\u2019action des collectivit\u00e9s sur les d\u00e9chets est appr\u00e9ci\u00e9e par 8 habitants sur 10, mais un tiers souhaite \u00eatre accompagn\u00e9 pour mieux comprendre les consignes<\/p>\n<p>\u00c0 l\u2019occasion de la 16\u00e8me Semaine europ\u00e9enne de la R\u00e9duction des D\u00e9chets (SERD) du 22 au 30 novembre 2025, SUEZ publie la 6\u00e8me \u00e9dition de son barom\u00e8tre annuel \u00ab Les Fran\u00e7ais et la r\u00e9duction des d\u00e9chets \u00bb en partenariat avec l\u2019institut de sondage Odoxa. R\u00e9alis\u00e9e aupr\u00e8s d\u2019un \u00e9chantillon de plus de\u00a0 \u00a0 \u00a0 12 000 personnes r\u00e9parties dans toutes les r\u00e9gions m\u00e9tropolitaines (dont 1000 en Provence-Alpes-C\u00f4te d\u2019Azur), repr\u00e9sentatif de la population nationale, cette enqu\u00eate dresse un \u00e9tat des lieux approfondi des pratiques et opinions des Fran\u00e7ais sur la r\u00e9duction des d\u00e9chets.<\/p>\n<p>\u2022 En Provence-Alpes-C\u00f4te d\u2019Azur, 78 % des personnes interrog\u00e9es estiment que la collecte des d\u00e9chets fonctionne efficacement dans leur commune<br \/>\u2022 Si 77 % des habitants interrog\u00e9s pensent qu\u2019il est facile de trier ses d\u00e9chets, ils ne sont que 60 % \u00e0 consid\u00e9rer qu\u2019il est facile d\u2019en r\u00e9duire la quantit\u00e9 produite.<\/p>\n<p>Lanc\u00e9 en 2020, le barom\u00e8tre SUEZ x Odoxa fait d\u00e9sormais r\u00e9f\u00e9rence dans l\u2019analyse des perceptions, des comportements et des attentes des Fran\u00e7ais en mati\u00e8re de gestion des d\u00e9chets, de par l\u2019amplitude de son \u00e9chantillon, sa repr\u00e9sentativit\u00e9 ainsi que la continuit\u00e9 des mesures ann\u00e9e apr\u00e8s ann\u00e9e.<\/p>\n<p>Cette \u00e9dition 2025 met l\u2019accent sur le tri et le recyclage des DEEE (d\u00e9chets d\u2019\u00e9quipements \u00e9lectriques et \u00e9lectroniques), en \u00e9cho \u00e0 la th\u00e9matique annuelle de la SERD. Si 31 % des proven\u00e7aux, alpins et azur\u00e9ens interrog\u00e9s consid\u00e8rent que les DEEE sont les d\u00e9chets les plus complexes \u00e0 g\u00e9rer, ils semblent maitriser les gestes appropri\u00e9s \u00e0 leur recyclage : 56 % d\u00e9clarent avoir d\u00e9pos\u00e9 leur \u00e9quipement \u00e9lectrom\u00e9nager en collecte solidaire, d\u00e9ch\u00e8terie ou dans un magasin \u00e9quip\u00e9 d\u2019un bac de collecte.<\/p>\n<p><strong>Les habitants de Provence-Alpes-C\u00f4te d\u2019Azur saluent l\u2019action des collectivit\u00e9s locales pour faciliter le tri des d\u00e9chets.<\/strong><\/p>\n<p>Les r\u00e9sultats r\u00e9gionaux de cette \u00e9dition mettent en lumi\u00e8re une satisfaction globale vis-\u00e0-vis de l\u2019action des collectivit\u00e9s locales en mati\u00e8re de gestion des d\u00e9chets. En effet, 78 % des habitants jugent efficace la collecte des d\u00e9chets dans leur commune et 66 % se d\u00e9clarent satisfaits de la propret\u00e9 de leur ville.<br \/>C\u2019est dans les Hautes-Alpes, les Alpes-Maritimes et Var que les niveaux de satisfaction sont les plus \u00e9lev\u00e9s, au-del\u00e0 de 80 %.<\/p>\n<p>Par ailleurs, 55 % des habitants interrog\u00e9s consid\u00e8rent que les collectivit\u00e9s locales mettent \u00e0 leur disposition des moyens suffisants pour les aider \u00e0 limiter leur production de d\u00e9chets.<\/p>\n<p>Les \u00e9cogestes s\u2019ancrent dans les pratiques m\u00eame si l\u2019engagement individuel dans la r\u00e9duction des d\u00e9chets recule (mais moins que la moyenne nationale).<\/p>\n<p>Le barom\u00e8tre met en \u00e9vidence en r\u00e9gion Sud une diminution de l\u2019implication dans la r\u00e9duction des d\u00e9chets. Seuls 36 % des personnes interrog\u00e9es jugent qu\u2019autour d\u2019eux les habitants veillent \u00e0 limiter leurs d\u00e9chets, soit une baisse de 4 points en un an.<\/p>\n<p>Le recul significatif de la pratique de certains \u00e9cogestes par rapport \u00e0 2024 est cependant moindre qu\u2019\u00e0 l\u2019\u00e9chelle nationale sur les produits jetables, tandis que le tri des biod\u00e9chets se maintient et que la revente de seconde main progresse.<\/p>\n<p>\u2022 74 % des habitants interrog\u00e9s en r\u00e9gion Sud veillent au moins occasionnellement \u00e0 \u00e9viter le plastique (- 5 points en Paca, \u2013 5 points en France).<br \/>\u2022 69 % pratiquent la revente de seconde main, (+ 2 points en Paca, \u2013 3 points en France).<br \/>\u2022 61,5 % \u00e9vitent les produits jetables, (- 6,5 points en Paca, \u2013 8 points en France).<br \/>\u2022 31 % recyclent syst\u00e9matiquement leurs biod\u00e9chets (= 2024).<\/p>\n<p><strong>Remobiliser les citoyens pour accroitre la r\u00e9duction des d\u00e9chets.<\/strong><\/p>\n<p>Si 77 % des proven\u00e7aux, alpins et azur\u00e9ens interrog\u00e9s jugent le tri de d\u00e9chets facile, ils ne sont que 60 % \u00e0 consid\u00e9rer qu\u2019il est simple de r\u00e9duire leur production de d\u00e9chets, soit une baisse de 4 points en un an.<br \/>Plusieurs obstacles persistent : une m\u00e9connaissance des consignes pour 24 %, une difficult\u00e9 \u00e0 s\u2019impliquer au quotidien pour 29 %, et la r\u00e9ticence \u00e0 renoncer \u00e0 certains conforts ou plaisirs pour 24 %.<\/p>\n<p>Trois cat\u00e9gories de d\u00e9chets restent particuli\u00e8rement complexes \u00e0 g\u00e9rer pour les habitants de ProvenceAlpes-C\u00f4te d\u2019Azur :<\/p>\n<p>\u2022 Les biod\u00e9chets, pour 37 % des habitants interrog\u00e9s.<br \/>\u2022 Les d\u00e9chets d\u2019\u00e9quipements \u00e9lectriques et \u00e9lectroniques (DEEE), pour 31 %.<br \/>\u2022 Les \u00e9quipements de la maison, cit\u00e9s par 31 %.<\/p>\n<p>Ces r\u00e9sultats soulignent la n\u00e9cessit\u00e9 de renforcer l\u2019information et l\u2019accompagnement pour aider les citoyens \u00e0 adopter des gestes de r\u00e9duction des d\u00e9chets au quotidien. D\u2019autant que 36 % des habitants de la r\u00e9gion Sud interrog\u00e9s disent n\u2019\u00eatre pas s\u00fbrs de bien conna\u00eetre les consignes pour bien g\u00e9rer leurs d\u00e9chets et n\u2019avoir pas suffisamment d\u2019accompagnements et de conseils.<\/p>\n<p>La remobilisation des citoyens passe donc par r\u00e9pondre \u00e0 leur besoin de p\u00e9dagogie. Et pour cela innover comme le fait SUEZ en Provence-Alpes-C\u00f4te d\u2019Azur avec ses clients et partenaires, via par exemple le d\u00e9veloppement des d\u00e9ch\u00e8teries du futur, les op\u00e9rations de sensibilisation en partenariat avec l\u2019\u00e9conomie sociale et solidaire, ou l\u2019am\u00e9lioration de la qualit\u00e9 du tri par les nouvelles technologies utilisant l\u2019IA.<\/p>\n<p><strong>M\u00e9thodologie.<\/strong><\/p>\n<p>\u2022 Enqu\u00eate r\u00e9alis\u00e9e par Internet du 18 septembre au 1er octobre 2025.<br \/>\u2022 \u00c9chantillon de 12 183 Fran\u00e7ais (dont 1000 en Provence-Alpes-C\u00f4te d\u2019Azur) repr\u00e9sentatif de la population fran\u00e7aise \u00e2g\u00e9e de 18 ans et plus en termes de sexe, d\u2019\u00e2ge, de cat\u00e9gorie socioprofessionnelle, de r\u00e9gion, de d\u00e9partement et de cat\u00e9gorie d\u2019agglom\u00e9ration.<br \/>\u2022 Dans chaque r\u00e9gion, la repr\u00e9sentativit\u00e9 de l\u2019\u00e9chantillon a \u00e9t\u00e9 assur\u00e9e par la m\u00e9thode des quotas, appliqu\u00e9e selon le sexe, l\u2019\u00e2ge et la profession des personnes interrog\u00e9es, apr\u00e8s stratification par d\u00e9partement et cat\u00e9gorie d\u2019agglom\u00e9ration<br \/>\u2022 Afin de pouvoir obtenir des r\u00e9sultats pr\u00e9cis \u00e0 l\u2019\u00e9chelle de chaque territoire, un \u00e9chantillon de 1000 personnes environ, repr\u00e9sentatif de la population r\u00e9gionale \u00e2g\u00e9e de 18 ans et plus, a \u00e9t\u00e9 interrog\u00e9 dans chacune des 12 r\u00e9gions m\u00e9tropolitaines fran\u00e7aises.<\/p>\n<p><strong>\u00c0 propos de SUEZ :<\/strong><\/p>\n<p>Depuis plus de 160 ans, SUEZ apporte des services essentiels pour prot\u00e9ger et am\u00e9liorer la qualit\u00e9 de vie, face \u00e0 des d\u00e9fis environnementaux grandissants. SUEZ permet \u00e0 ses clients de fournir l\u2019acc\u00e8s \u00e0 des services d\u2019eau et de d\u00e9chets, par des solutions innovantes et r\u00e9silientes. Pr\u00e9sent dans 40 pays avec 40 000 collaborateurs, le Groupe permet \u00e9galement \u00e0 ses clients de cr\u00e9er de la valeur sur l\u2019ensemble du cycle de vie de leurs infrastructures et de leurs services, et de conduire leur transition \u00e9cologique en y associant leurs usagers. En 2024, SUEZ a fourni de l\u2019eau potable \u00e0 68 millions de personnes dans le monde et<br \/>des services d\u2019assainissement \u00e0 44 millions de personnes. Le Groupe a produit 8 TWh d\u2019\u00e9nergie \u00e0 partir des d\u00e9chets et eaux us\u00e9es. En 2024, SUEZ a r\u00e9alis\u00e9 un chiffre d\u2019affaires de 9,2 milliards d\u2019euros.<br \/>Pour en savoir plus : www.suez.com \/ Twitter @suez<\/p>\n","protected":false},"excerpt":{"rendered":"Ils sont les\u202fchampions r\u00e9gionaux du recyclage des D\u00e9chets d\u2019\u00c9quipements \u00c9lectriques et \u00c9lectroniques (DEEE). En Provence-Alpes-C\u00f4te d\u2019Azur, les \u00e9cogestes&hellip;\n","protected":false},"author":2,"featured_media":568906,"comment_status":"","ping_status":"","sticky":false,"template":"","format":"standard","meta":{"footnotes":""},"categories":[9619],"tags":[1111,11,1777,674,1011,27,12,882,25,2310],"class_list":{"0":"post-568905","1":"post","2":"type-post","3":"status-publish","4":"format-standard","5":"has-post-thumbnail","7":"category-toulon","8":"tag-actu","9":"tag-actualites","10":"tag-eu","11":"tag-europe","12":"tag-fr","13":"tag-france","14":"tag-news","15":"tag-provence-alpes-cote-dazur","16":"tag-republique-francaise","17":"tag-toulon"},"share_on_mastodon":{"url":"https:\/\/pubeurope.com\/@fr\/115638845084303988","error":""},"_links":{"self":[{"href":"https:\/\/www.europesays.com\/fr\/wp-json\/wp\/v2\/posts\/568905","targetHints":{"allow":["GET"]}}],"collection":[{"href":"https:\/\/www.europesays.com\/fr\/wp-json\/wp\/v2\/posts"}],"about":[{"href":"https:\/\/www.europesays.com\/fr\/wp-json\/wp\/v2\/types\/post"}],"author":[{"embeddable":true,"href":"https:\/\/www.europesays.com\/fr\/wp-json\/wp\/v2\/users\/2"}],"replies":[{"embeddable":true,"href":"https:\/\/www.europesays.com\/fr\/wp-json\/wp\/v2\/comments?post=568905"}],"version-history":[{"count":0,"href":"https:\/\/www.europesays.com\/fr\/wp-json\/wp\/v2\/posts\/568905\/revisions"}],"wp:featuredmedia":[{"embeddable":true,"href":"https:\/\/www.europesays.com\/fr\/wp-json\/wp\/v2\/media\/568906"}],"wp:attachment":[{"href":"https:\/\/www.europesays.com\/fr\/wp-json\/wp\/v2\/media?parent=568905"}],"wp:term":[{"taxonomy":"category","embeddable":true,"href":"https:\/\/www.europesays.com\/fr\/wp-json\/wp\/v2\/categories?post=568905"},{"taxonomy":"post_tag","embeddable":true,"href":"https:\/\/www.europesays.com\/fr\/wp-json\/wp\/v2\/tags?post=568905"}],"curies":[{"name":"wp","href":"https:\/\/api.w.org\/{rel}","templated":true}]}}