{"id":568913,"date":"2025-11-30T13:25:14","date_gmt":"2025-11-30T13:25:14","guid":{"rendered":"https:\/\/www.europesays.com\/fr\/568913\/"},"modified":"2025-11-30T13:25:14","modified_gmt":"2025-11-30T13:25:14","slug":"pro-d2-fcg-thibaut-martel-va-prendre-le-meme-chemin-que-romain-trouilloud-en-2026","status":"publish","type":"post","link":"https:\/\/www.europesays.com\/fr\/568913\/","title":{"rendered":"Pro D2. FCG\u00a0: Thibaut Martel va prendre le m\u00eame chemin que Romain Trouilloud en 2026"},"content":{"rendered":"<p>Une page va certainement se tourner en fin de saison 2025-2026 au FC Grenoble. Quelques joueurs form\u00e9s au club et pr\u00e9sents lors des trois derni\u00e8res finales de Pro D2 prendront un autre chemin. Ainsi, apr\u00e8s le d\u00e9part \u00e0 la prochaine intersaison de Romain Trouilloud vers Provence Rugby, <a title=\"rugby mercato FCG Trouilloud \u00e0 Provence\" href=\"https:\/\/www.ledauphine.com\/sport\/2025\/11\/20\/romain-trouilloud-va-quitter-le-fcg-pour-rejoindre-provence-rugby\" target=\"_blank\" rel=\"nofollow noopener\">que nous vous annoncions il y a dix jours<\/a>, un autre enfant du club s\u2019appr\u00eate \u00e0 quitter le FCG.<\/p>\n<p>Selon plusieurs sources concordantes, Thibaut Martel rejoindra lui aussi Provence Rugby \u00e0 l\u2019intersaison 2026.<\/p>\n<p>Le joueur de 27 ans, originaire de Voiron et form\u00e9 au FCG, a fait tout son d\u00e9but de carri\u00e8re avec les Rouge et Bleu, qu\u2019il avait rejoint en 2012.<\/p>\n<p>En l\u2019espace de huit saisons professionnelles, il a engrang\u00e9 une exp\u00e9rience tr\u00e8s importante, <a title=\"rugby Pro D2 FCG Martel centurion\" href=\"https:\/\/www.ledauphine.com\/sport\/2024\/09\/07\/j-ai-essaye-vraiment-de-mettre-ca-de-cote-thibaut-martel-dans-le-club-des-100-du-fcg\" target=\"_blank\" rel=\"nofollow noopener\">devenant centurion avec le FCG au d\u00e9but du championnat 2024-2025<\/a>. Aujourd\u2019hui, il compte 124 feuilles de match sous les couleurs grenobloises.<\/p>\n<p>  Pas d\u2019accord entre les deux parties pour continuer l\u2019aventure commune<\/p>\n<p>Alors qu\u2019on aurait pu imaginer le club et le joueur se mettre d\u2019accord sur une prolongation de contrat, il n\u2019en a rien \u00e9t\u00e9.<\/p>\n<p>Selon nos informations, les souhaits de l\u2019entourage du jour ne concordaient pas avec ceux des dirigeants grenoblois.<\/p>\n<p>Provence Rugby a su s\u2019engouffrer dans la br\u00e8che pour attirer un 3e ligne de qualit\u00e9\u00a0: \u00e0 l\u2019aise dans le jeu a\u00e9rien et redoutable d\u00e9fenseur, sp\u00e9cialiste du poste de flanker mais capable aussi d\u2019\u00e9voluer en n\u00b08, <a href=\"https:\/\/www.ledauphine.com\/sport\/2025\/06\/06\/une-troisieme-ligne-chamboulee-la-charniere-reconduite-la-compo-du-fcg-pour-la-finale-face-a-montauban\" target=\"_blank\" title=\"rugby Pro D2 24-25 F FCG vs Montauban compo\" rel=\"nofollow noopener\">comme en finale de Pro D2 contre Montauban<\/a> (19-24).<\/p>\n<p>Son d\u00e9part, comme celui de Romain Trouilloud, laissera un grand vide dans le vestiaire grenoblois. Sportif et humain. Il faudra le compenser.<\/p>\n","protected":false},"excerpt":{"rendered":"Une page va certainement se tourner en fin de saison 2025-2026 au FC Grenoble. Quelques joueurs form\u00e9s au&hellip;\n","protected":false},"author":2,"featured_media":568914,"comment_status":"","ping_status":"","sticky":false,"template":"","format":"standard","meta":{"footnotes":""},"categories":[9566],"tags":[1111,11,2430,112,1777,674,2727,1701,1011,27,2731,2732,108,12,2308,25,479,517,1947],"class_list":{"0":"post-568913","1":"post","2":"type-post","3":"status-publish","4":"format-standard","5":"has-post-thumbnail","7":"category-grenoble","8":"tag-actu","9":"tag-actualites","10":"tag-auvergne-rhone-alpes","11":"tag-edition-grenoble-agglomeration","12":"tag-eu","13":"tag-europe","14":"tag-fcg-fc-grenoble-rugby","15":"tag-fil-info-sport","16":"tag-fr","17":"tag-france","18":"tag-grenoble","19":"tag-grenoble-bassin","20":"tag-isere","21":"tag-news","22":"tag-pro-d2","23":"tag-republique-francaise","24":"tag-rugby","25":"tag-sport","26":"tag-sport-national"},"share_on_mastodon":{"url":"https:\/\/pubeurope.com\/@fr\/115638876549424251","error":""},"_links":{"self":[{"href":"https:\/\/www.europesays.com\/fr\/wp-json\/wp\/v2\/posts\/568913","targetHints":{"allow":["GET"]}}],"collection":[{"href":"https:\/\/www.europesays.com\/fr\/wp-json\/wp\/v2\/posts"}],"about":[{"href":"https:\/\/www.europesays.com\/fr\/wp-json\/wp\/v2\/types\/post"}],"author":[{"embeddable":true,"href":"https:\/\/www.europesays.com\/fr\/wp-json\/wp\/v2\/users\/2"}],"replies":[{"embeddable":true,"href":"https:\/\/www.europesays.com\/fr\/wp-json\/wp\/v2\/comments?post=568913"}],"version-history":[{"count":0,"href":"https:\/\/www.europesays.com\/fr\/wp-json\/wp\/v2\/posts\/568913\/revisions"}],"wp:featuredmedia":[{"embeddable":true,"href":"https:\/\/www.europesays.com\/fr\/wp-json\/wp\/v2\/media\/568914"}],"wp:attachment":[{"href":"https:\/\/www.europesays.com\/fr\/wp-json\/wp\/v2\/media?parent=568913"}],"wp:term":[{"taxonomy":"category","embeddable":true,"href":"https:\/\/www.europesays.com\/fr\/wp-json\/wp\/v2\/categories?post=568913"},{"taxonomy":"post_tag","embeddable":true,"href":"https:\/\/www.europesays.com\/fr\/wp-json\/wp\/v2\/tags?post=568913"}],"curies":[{"name":"wp","href":"https:\/\/api.w.org\/{rel}","templated":true}]}}