{"id":568916,"date":"2025-11-30T13:27:16","date_gmt":"2025-11-30T13:27:16","guid":{"rendered":"https:\/\/www.europesays.com\/fr\/568916\/"},"modified":"2025-11-30T13:27:16","modified_gmt":"2025-11-30T13:27:16","slug":"ille-et-vilaine-le-delogement-dune-rave-party-tourne-mal-pres-de-rennes-un-gendarme-et-trois-fetards-blesses","status":"publish","type":"post","link":"https:\/\/www.europesays.com\/fr\/568916\/","title":{"rendered":"Ille-et-Vilaine. Le d\u00e9logement d&rsquo;une rave-party tourne mal pr\u00e8s de Rennes, un gendarme et trois f\u00eatards bless\u00e9s"},"content":{"rendered":"<p>Trois f\u00eatards et un gendarme ont \u00e9t\u00e9 bless\u00e9s lors d&rsquo;une intervention visant \u00e0 d\u00e9loger une free party install\u00e9e t\u00f4t dimanche dans un hangar \u00e0 Corps-Nuds, pr\u00e8s de Rennes, a-t-on appris de la pr\u00e9fecture d&rsquo;Ille-et-Vilaine.\u00a0Plus de 500 personnes sont rassembl\u00e9es dans le hangar vide d&rsquo;une soci\u00e9t\u00e9 de transport depuis 2h du matin selon cette m\u00eame source, confirmant une information Ouest-France.<\/p>\n<p>\u00ab\u00a0Trouble de la vision\u00a0\u00bb pour un gendarme<\/p>\n<p>Elles sont parvenues \u00e0 repousser une tentative des gendarmes et CRS d\u00e9ploy\u00e9s durant la nuit de mettre fin \u00e0 l&rsquo;\u00e9v\u00e8nement en utilisant des mortiers et des barres de fer d&rsquo;apr\u00e8s la pr\u00e9fecture. L&rsquo;un des gendarmes souffre d&rsquo;un \u00ab trouble de la vision \u00bb suite \u00e0 un tir de mortier a indiqu\u00e9 cette source.<\/p>\n<p>Trois f\u00eatards ont \u00e9galement subi des blessures dont on ne connaissait pas la gravit\u00e9 en fin de matin\u00e9e, et ont \u00e9t\u00e9 transport\u00e9s par les pompiers au CHU de Rennes.<\/p>\n","protected":false},"excerpt":{"rendered":"Trois f\u00eatards et un gendarme ont \u00e9t\u00e9 bless\u00e9s lors d&rsquo;une intervention visant \u00e0 d\u00e9loger une free party install\u00e9e&hellip;\n","protected":false},"author":2,"featured_media":568917,"comment_status":"","ping_status":"","sticky":false,"template":"","format":"standard","meta":{"footnotes":""},"categories":[2821],"tags":[1111,11,829,1777,674,274,107,1011,27,329,12,584,25],"class_list":{"0":"post-568916","1":"post","2":"type-post","3":"status-publish","4":"format-standard","5":"has-post-thumbnail","7":"category-rennes","8":"tag-actu","9":"tag-actualites","10":"tag-bretagne","11":"tag-eu","12":"tag-europe","13":"tag-faits-divers-justice","14":"tag-fil-info","15":"tag-fr","16":"tag-france","17":"tag-france-monde","18":"tag-news","19":"tag-rennes","20":"tag-republique-francaise"},"share_on_mastodon":{"url":"https:\/\/pubeurope.com\/@fr\/115638884843191412","error":""},"_links":{"self":[{"href":"https:\/\/www.europesays.com\/fr\/wp-json\/wp\/v2\/posts\/568916","targetHints":{"allow":["GET"]}}],"collection":[{"href":"https:\/\/www.europesays.com\/fr\/wp-json\/wp\/v2\/posts"}],"about":[{"href":"https:\/\/www.europesays.com\/fr\/wp-json\/wp\/v2\/types\/post"}],"author":[{"embeddable":true,"href":"https:\/\/www.europesays.com\/fr\/wp-json\/wp\/v2\/users\/2"}],"replies":[{"embeddable":true,"href":"https:\/\/www.europesays.com\/fr\/wp-json\/wp\/v2\/comments?post=568916"}],"version-history":[{"count":0,"href":"https:\/\/www.europesays.com\/fr\/wp-json\/wp\/v2\/posts\/568916\/revisions"}],"wp:featuredmedia":[{"embeddable":true,"href":"https:\/\/www.europesays.com\/fr\/wp-json\/wp\/v2\/media\/568917"}],"wp:attachment":[{"href":"https:\/\/www.europesays.com\/fr\/wp-json\/wp\/v2\/media?parent=568916"}],"wp:term":[{"taxonomy":"category","embeddable":true,"href":"https:\/\/www.europesays.com\/fr\/wp-json\/wp\/v2\/categories?post=568916"},{"taxonomy":"post_tag","embeddable":true,"href":"https:\/\/www.europesays.com\/fr\/wp-json\/wp\/v2\/tags?post=568916"}],"curies":[{"name":"wp","href":"https:\/\/api.w.org\/{rel}","templated":true}]}}