{"id":568918,"date":"2025-11-30T13:28:50","date_gmt":"2025-11-30T13:28:50","guid":{"rendered":"https:\/\/www.europesays.com\/fr\/568918\/"},"modified":"2025-11-30T13:28:50","modified_gmt":"2025-11-30T13:28:50","slug":"15-belles-initiatives-de-commerces-strasbourgeois","status":"publish","type":"post","link":"https:\/\/www.europesays.com\/fr\/568918\/","title":{"rendered":"15 belles initiatives de commerces strasbourgeois"},"content":{"rendered":"<p><b>\u00c0 Strasbourg, de nombreux commerces traduisent leurs valeurs en actions concr\u00e8tes. Si l\u2019on peut d\u00e9j\u00e0 se tourner vers les enseignes de l\u2019ESS (\u00e9conomie sociale et solidaire), qui participent par exemple au r\u00e9emploi des objets et \u00e0 la (r\u00e9)insertion professionnelle, penchons-nous sur d\u2019autres initiatives individuelles et parfois plus confidentielles.<\/b><\/p>\n<p>Les Compotes, un \u00ab\u00a0lieu de partage et de solidarit\u00e9\u00a0\u00bb<\/p>\n<p>Au c\u0153ur du Neudorf, <b>Les Compotes veulent \u00eatre un <\/b><b>\u00ab\u00a0lieu de partage et de solidarit\u00e9\u00a0\u00bb<\/b>, tout au long de l\u2019ann\u00e9e. Outre les <b>caf\u00e9s et repas suspendus<\/b> (qui consistent \u00e0 payer d\u2019avance une conso\u2019 pour une client\u00e8le plus pr\u00e9caire) dans leur coffee shop, on y retrouve les <b>bureaux suspendus pour les \u00e9tudiant(e)s<\/b>, dans l\u2019espace de coworking.<\/p>\n<p>Elles participent \u00e9galement \u00e0 la mise en avant de cr\u00e9ateurs\/rices et d\u2019<b>associations locales<\/b>, au travers d\u2019\u00e9v\u00e9nements et de partenariats. Comme avec<b> La Cloche<\/b> qui lutte contre la pauvret\u00e9 et l\u2019exclusion \u00e0 Strasbourg et dans tout le Grand Est. Et ici, dans la collecte puis la mise \u00e0 disposition de<b> produits hygi\u00e9niques pour les personnes en situation de pr\u00e9carit\u00e9<\/b>.<\/p>\n<p>                <img width=\"667\" height=\"500\" src=\"https:\/\/www.europesays.com\/fr\/wp-content\/uploads\/2025\/11\/image00026-8.jpeg\" class=\"attachment-gallery size-gallery\" alt=\"Les Compotes coffee shop coworking\" data-full-url=\"https:\/\/www.europesays.com\/fr\/wp-content\/uploads\/2025\/11\/image00026-8.jpeg\" decoding=\"async\" loading=\"lazy\"  \/>            <\/p>\n<p>                <img width=\"667\" height=\"500\" src=\"https:\/\/www.europesays.com\/fr\/wp-content\/uploads\/2025\/11\/image00024-8.jpeg\" class=\"attachment-gallery size-gallery\" alt=\"Les Compotes coffee shop coworking\" data-full-url=\"https:\/\/www.europesays.com\/fr\/wp-content\/uploads\/2025\/11\/image00024-8.jpeg\" decoding=\"async\" loading=\"lazy\"  \/>            <\/p>\n<p>                <img width=\"753\" height=\"500\" src=\"https:\/\/www.europesays.com\/fr\/wp-content\/uploads\/2025\/11\/image00009-8.jpeg\" class=\"attachment-gallery size-gallery\" alt=\"Les Compotes coffee shop coworking\" data-full-url=\"https:\/\/www.europesays.com\/fr\/wp-content\/uploads\/2025\/11\/image00009-8.jpeg\" decoding=\"async\" loading=\"lazy\"  \/>            <\/p>\n<p>                <img width=\"667\" height=\"500\" src=\"https:\/\/www.europesays.com\/fr\/wp-content\/uploads\/2025\/11\/image00016-8.jpeg\" class=\"attachment-gallery size-gallery\" alt=\"Les Compotes coffee shop coworking\" data-full-url=\"https:\/\/www.europesays.com\/fr\/wp-content\/uploads\/2025\/11\/image00016-8.jpeg\" decoding=\"async\" loading=\"lazy\"  \/>            <\/p>\n<p>                    \u00a9 Bastien Pietronave \/ Pokaa<\/p>\n<p>Parmi les initiatives de saison, Les Compotes accueillent plusieurs<b> collectes de jouets\u00a0<\/b>! <b\/>Notamment celle de <b>La Cloche jusqu\u2019au 7 d\u00e9cembre<\/b>, \u00e0 laquelle on peut \u00ab\u00a0ramener des cadeaux comme \u00e0 vos amis\u00a0\u00bb, et qui seront <b>distribu\u00e9s lors du r\u00e9veillon solidaire du 20 d\u00e9cembre<\/b>, \u00e0 des personnes en situation de pr\u00e9carit\u00e9.<\/p>\n<p>Mais aussi <b>avec Cop1 du 10 novembre au 10 d\u00e9cembre<\/b>, pour collecter <b>des cadeaux \u00e0 destination des \u00e9tudiant(e)s en difficult\u00e9<\/b>, \u00ab\u00a0afin d\u2019apporter de la joie et de la magie durant les f\u00eates\u00a0\u00bb. On pensera aux \u00ab\u00a0douceurs sucr\u00e9es\u00a0\u00bb, aux <b>a<\/b><b>ccessoires utiles pour l\u2019hiver<\/b> comme les gants et bonnets, aux <b>produits d\u2019hygi\u00e8ne<\/b>, et aux cadeaux pour la <b>d\u00e9tente et les loisirs<\/b> (livres, jeux, d\u00e9co, etc.).<\/p>\n<p align=\"CENTER\"><b>O\u00f9\u00a0?<br \/><\/b>Les Compotes<br \/>9 rue de S\u00e9lestat, \u00e0 Strasbourg<br \/><a href=\"https:\/\/lescompotes.fr\/\" target=\"_blank\" rel=\"noopener\">Le site web<\/a><\/p>\n<p>    <img width=\"800\" height=\"600\" src=\"https:\/\/www.europesays.com\/fr\/wp-content\/uploads\/2025\/11\/carijou-caritas-jouets-seconde-main-strasbourg-bastien-pietronaveimage00009.jpeg\" class=\"attachment-image-size-L size-image-size-L\" alt=\"Carijou Caritas jouets seconde main Strasbourg Bastien Pietronaveimage00009\" decoding=\"async\" loading=\"lazy\"  \/>         \u00a9 Bastien Pietronave \/ Pokaa <\/p>\n<p>Oh My Goodness Caf\u00e9\u00a0: le c\u0153ur sur la main, le caf\u00e9 sur l&rsquo;ardoise<\/p>\n<p>Depuis 10 ans \u00e0 la Krutenau,<b> le Oh My Goodness est <\/b><b>\u00ab\u00a0bien plus qu\u2019un caf\u00e9\u00a0\u00bb, <\/b><b>alliant lui aussi chaleur et valeurs<\/b>. Du c\u00f4t\u00e9 de la client\u00e8le, il est possible de rajouter des <b>consos suspendues<\/b> \u00e0 sa commande \u2013 une d\u00e9marche encourag\u00e9e par une remise de 20% sur les consos.<\/p>\n<p><b>L\u2019\u00e9quipe s\u2019engage quant \u00e0 elle aupr\u00e8s de l\u2019association Le Carillon,<\/b>\u00a0qui met en relation les commerces et les personnes sans-abri, ainsi que dans <b>le projet Z\u00e9ro SDF \u00e0 Strasbourg<\/b> en mettant \u00e0 disposition des services (acc\u00e8s Wifi, hygi\u00e8ne, les consos suspendues, etc.).<\/p>\n<p align=\"CENTER\"><b>O\u00f9\u00a0?<br \/><\/b>Oh My Goodness Caf\u00e9<br \/>13 rue de la 1\u00e8re-Arm\u00e9e, \u00e0 Strasbourg<br \/><a href=\"https:\/\/ohmygoodnesscafe.fr\/\" target=\"_blank\" rel=\"noopener\">Le site web<\/a><\/p>\n<p>                <img width=\"757\" height=\"500\" src=\"https:\/\/www.europesays.com\/fr\/wp-content\/uploads\/2025\/11\/IMG_3492.jpg\" class=\"attachment-gallery size-gallery\" alt=\"Oh My Goodness\" data-full-url=\"https:\/\/www.europesays.com\/fr\/wp-content\/uploads\/2025\/11\/IMG_3492.jpg\" decoding=\"async\" loading=\"lazy\"  \/>            <\/p>\n<p>                <img width=\"667\" height=\"500\" src=\"https:\/\/www.europesays.com\/fr\/wp-content\/uploads\/2025\/11\/chai-oh-my-goodness.jpg\" class=\"attachment-gallery size-gallery\" alt=\"chai oh my goodness\" data-full-url=\"https:\/\/www.europesays.com\/fr\/wp-content\/uploads\/2025\/11\/chai-oh-my-goodness.jpg\" decoding=\"async\" loading=\"lazy\"  \/>            <\/p>\n<p>                    \u00a9 Coraline Lafon \/ Pokaa<\/p>\n<p>Hacienda Bernadette\u00a0: le \u00ab\u00a0Community Cocktail\u00a0\u00bb pour trinquer \u00e0 la bonne cause<\/p>\n<p>En plein c\u0153ur du centre-ville, <b>rue des Aveugles<\/b>, se dresse un nouveau <b>\u00ab\u00a0bar de quartier\u00a0\u00bb<\/b><b> <\/b>depuis cet \u00e9t\u00e9\u00a0: l\u2019<b>Hacienda Bernadette<\/b>.<\/p>\n<p>\u00c0 la carte\u00a0? Une<b> ambiance bar de potes<\/b>, du \u00ab\u00a0100% ind\u00e9pendant et fait avec passion\u00a0\u00bb, avec des soir\u00e9es quiz, blind tests, des matchs de foot, des fl\u00e9chettes et des bons produits. Mais aussi\u00a0: un <b>\u00ab\u00a0Community Cocktail\u00a0\u00bb<\/b>. Un cocktail qui change chaque mois, et <b>pour chaque commande vendue\u00a0: 1\u20ac revers\u00e9 au profit d\u2019une asso diff\u00e9rente<\/b>. De quoi te donner une bonne excuse pour ton \u00ab\u00a0verre de trop\u00a0\u00bb.<\/p>\n<p align=\"CENTER\"><b>O\u00f9\u00a0?<br \/><\/b>Hacienda Bernadette<br \/>3 rue des Aveugles, \u00e0 Strasbourg<br \/><a href=\"https:\/\/www.instagram.com\/hacienda.bernadette\/?hl=fr\" target=\"_blank\" rel=\"noopener\">Son Instagram<\/a><\/p>\n<p>                <img width=\"424\" height=\"500\" src=\"https:\/\/www.europesays.com\/fr\/wp-content\/uploads\/2025\/09\/hacienda-bernadette-bar-img-9487-424x500.jpg\" class=\"attachment-gallery size-gallery\" alt=\"Hacienda Bernadette bar IMG_9487\" data-full-url=\"https:\/\/pokaa.fr\/wp-content\/uploads\/2025\/09\/19\/hacienda-bernadette-bar-img-9487.jpg\" decoding=\"async\" loading=\"lazy\"  \/>            <\/p>\n<p>                <img width=\"389\" height=\"500\" src=\"https:\/\/www.europesays.com\/fr\/wp-content\/uploads\/2025\/09\/hacienda-bernadette-bar-img-9483-389x500.jpg\" class=\"attachment-gallery size-gallery\" alt=\"Hacienda Bernadette bar IMG_9483\" data-full-url=\"https:\/\/pokaa.fr\/wp-content\/uploads\/2025\/09\/19\/hacienda-bernadette-bar-img-9483.jpg\" decoding=\"async\" loading=\"lazy\"  \/>            <\/p>\n<p>                    \u00a9 Page Instagram de Hacienda Bernadette \/ Captures d&rsquo;\u00e9cran<\/p>\n<p>Les Petites Cantines\u00a0: cuisine participative et repas \u00e0 prix libre <\/p>\n<p>R\u00e9seau de cantines de quartier n\u00e9 \u00e0 Lyon en 2015, <b>Les Petites Cantines<\/b> sont arriv\u00e9es jusqu\u2019\u00e0 Strasbourg il y a quelques ann\u00e9es. Le concept ? \u00ab\u00a0<b>D\u00e9velopper les liens de proximit\u00e9<\/b> et promouvoir <b>l\u2019alimentation durable<\/b>\u00a0\u00bb, en s\u2019appuyant \u00ab\u00a0sur <b>l\u2019entraide et l\u2019intelligence collective<\/b>\u00a0\u00bb.<\/p>\n<p>Install\u00e9es<b> quartier Gare<\/b>, ouvertes \u00e0 tous et toutes, elles nous invitent \u00e0 <b>venir <\/b><b>\u00ab\u00a0cuisiner, manger ou les deux\u00a0\u00bb<\/b>, et \u00e0 se rencontrer autour de <b>\u00ab\u00a0repas durables, participatifs et \u00e0 prix libre\u00a0\u00bb<\/b>.<\/p>\n<p>Comment faire pour participer \u00e0 la cuisine et\/ou acheter un repas\u00a0? En \u00e9tant adh\u00e9rent(e) aux Petites Cantines, en cotisant sur place ou en ligne. <b>Une adh\u00e9sion d\u2019un an et \u00e0 prix libre<\/b>, valable dans toutes les Petites Cantines du r\u00e9seau.<\/p>\n<p align=\"CENTER\"><b>O\u00f9\u00a0?<br \/><\/b>Les Petites Cantines Strasbourg<br \/>5 rue Kuhn, \u00e0 Strasbourg<br \/><a href=\"https:\/\/strasbourg.lespetitescantines.org\/\" target=\"_blank\" rel=\"noopener\">Le site web<\/a><\/p>\n<p>                <img width=\"500\" height=\"500\" src=\"https:\/\/www.europesays.com\/fr\/wp-content\/uploads\/2025\/11\/image-pokaa-2-scaled.jpg\" class=\"attachment-gallery size-gallery\" alt=\"les petites cantines food\" data-full-url=\"https:\/\/www.europesays.com\/fr\/wp-content\/uploads\/2025\/11\/image-pokaa-2-scaled.jpg\" decoding=\"async\" loading=\"lazy\"  \/>            <\/p>\n<p>                <img width=\"500\" height=\"500\" src=\"https:\/\/www.europesays.com\/fr\/wp-content\/uploads\/2025\/11\/image-pokaa-9-scaled.jpg\" class=\"attachment-gallery size-gallery\" alt=\"les petites cantines food\" data-full-url=\"https:\/\/www.europesays.com\/fr\/wp-content\/uploads\/2025\/11\/image-pokaa-9-scaled.jpg\" decoding=\"async\" loading=\"lazy\"  \/>            <\/p>\n<p>                <img width=\"500\" height=\"500\" src=\"https:\/\/www.europesays.com\/fr\/wp-content\/uploads\/2025\/11\/image-pokaa-scaled.jpg\" class=\"attachment-gallery size-gallery\" alt=\"les petites cantines food\" data-full-url=\"https:\/\/www.europesays.com\/fr\/wp-content\/uploads\/2025\/11\/image-pokaa-scaled.jpg\" decoding=\"async\" loading=\"lazy\"  \/>            <\/p>\n<p>                <img width=\"370\" height=\"500\" src=\"https:\/\/www.europesays.com\/fr\/wp-content\/uploads\/2025\/11\/img_7073-e1569504202116.jpg\" class=\"attachment-gallery size-gallery\" alt=\"Les petites cantines ouverture Caroline Alonso\" data-full-url=\"https:\/\/www.europesays.com\/fr\/wp-content\/uploads\/2025\/11\/img_7073-e1569504202116.jpg\" decoding=\"async\" loading=\"lazy\"\/>            <\/p>\n<p>                <img width=\"750\" height=\"500\" src=\"https:\/\/www.europesays.com\/fr\/wp-content\/uploads\/2025\/11\/img_6938-e1569503819966.jpg\" class=\"attachment-gallery size-gallery\" alt=\"Les petites cantines ouverture Caroline Alonso\" data-full-url=\"https:\/\/www.europesays.com\/fr\/wp-content\/uploads\/2025\/11\/img_6938-e1569503819966.jpg\" decoding=\"async\" loading=\"lazy\"\/>            <\/p>\n<p>                    Les Petites Cantines. \u00a9 Celia Laignel \/ Pokaa<\/p>\n<p>Jabiru Caf\u00e9\u00a0: histoire(s) culinaire(s)<\/p>\n<p>On reste sur une note culinaire, et on fait un crochet par la Krutenau au<b> Jabiru Caf\u00e9<\/b>. Depuis septembre 2021, le restaurant nous ouvre <b>une nouvelle fen\u00eatre sur le monde, avec une suggestion mensuelle<\/b> (en version vegan ou carn\u00e9e) qui correspond \u00e0 un <b>th\u00e8me panafricain \/ africain \/ afro-descendant ou afrop\u00e9en<\/b>. Un th\u00e8me \u00ab choisi en fonction de dates-cl\u00e9s survenues sur le m\u00eame mois \u00e0 diff\u00e9rentes \u00e9poques \u00bb.<\/p>\n<p>                <img width=\"667\" height=\"500\" src=\"https:\/\/www.europesays.com\/fr\/wp-content\/uploads\/2025\/11\/jabiru-cafeimage00023.jpeg\" class=\"attachment-gallery size-gallery\" alt=\"Jabiru Cafe\u0301image00023\" data-full-url=\"https:\/\/www.europesays.com\/fr\/wp-content\/uploads\/2025\/11\/jabiru-cafeimage00023.jpeg\" decoding=\"async\" loading=\"lazy\"  \/>            <\/p>\n<p>                <img width=\"375\" height=\"500\" src=\"https:\/\/www.europesays.com\/fr\/wp-content\/uploads\/2025\/11\/jabiru-cafeimage00027.jpeg\" class=\"attachment-gallery size-gallery\" alt=\"Jabiru Cafe\u0301image00027\" data-full-url=\"https:\/\/www.europesays.com\/fr\/wp-content\/uploads\/2025\/11\/jabiru-cafeimage00027.jpeg\" decoding=\"async\" loading=\"lazy\"  \/>            <\/p>\n<p>                    \u00a9\u00a0Documents remis<\/p>\n<p><b>En m\u00ealant anecdotes, faits historiques et pop culture, le Jabiru Caf\u00e9 explore tout au long du mois la th\u00e9matique choisie sur leurs r\u00e9seaux \u2013 et dans l\u2019assiette<\/b>. Et les quelques jours pr\u00e9c\u00e9dant la nouvelle suggestion (de 24h \u00e0 48h avant), l\u2019\u00e9quipe poste m\u00eame <b>un jeu-concours en story <\/b>pour tenter de gagner un des plats cr\u00e9\u00e9s.<\/p>\n<p>[Pour retrouver les infos post\u00e9es, il suffit d\u2019aller voir les stories \u00e0 la Une : \u00ab Ze suggestion \u00bb pour celle du mois, ou les autres class\u00e9es par mois, ndlr].<\/p>\n<p align=\"CENTER\"><b>O\u00f9\u00a0?<br \/><\/b>Jabiru Caf\u00e9<br \/>60 rue de Zurich, \u00e0 Strasbourg<br \/><a href=\"https:\/\/jabirucafe.com\/\" target=\"_blank\" rel=\"noopener\">Le site web<\/a><br \/><a href=\"https:\/\/www.instagram.com\/jabirucafe\/\" target=\"_blank\" rel=\"noopener\">Sur Instagram<\/a><\/p>\n<p>                <img width=\"300\" height=\"500\" src=\"https:\/\/www.europesays.com\/fr\/wp-content\/uploads\/2025\/11\/screenshot-20251124-153838-300x500.png\" class=\"attachment-gallery size-gallery\" alt=\"jabiru caf\u00e9\" data-full-url=\"https:\/\/pokaa.fr\/wp-content\/uploads\/2025\/11\/24\/screenshot-20251124-153838.png\" decoding=\"async\" loading=\"lazy\"  \/>            <\/p>\n<p>                <img width=\"296\" height=\"500\" src=\"https:\/\/www.europesays.com\/fr\/wp-content\/uploads\/2025\/11\/screenshot-20251124-153852-296x500.png\" class=\"attachment-gallery size-gallery\" alt=\"jabiru caf\u00e9\" data-full-url=\"https:\/\/pokaa.fr\/wp-content\/uploads\/2025\/11\/24\/screenshot-20251124-153852.png\" decoding=\"async\" loading=\"lazy\"  \/>            <\/p>\n<p>                <img width=\"291\" height=\"500\" src=\"https:\/\/www.europesays.com\/fr\/wp-content\/uploads\/2025\/11\/screenshot-20251124-153923-291x500.png\" class=\"attachment-gallery size-gallery\" alt=\"jabiru caf\u00e9\" data-full-url=\"https:\/\/pokaa.fr\/wp-content\/uploads\/2025\/11\/24\/screenshot-20251124-153923.png\" decoding=\"async\" loading=\"lazy\"  \/>            <\/p>\n<p>                <img width=\"292\" height=\"500\" src=\"https:\/\/www.europesays.com\/fr\/wp-content\/uploads\/2025\/11\/screenshot-20251124-153949-292x500.png\" class=\"attachment-gallery size-gallery\" alt=\"jabiru caf\u00e9\" data-full-url=\"https:\/\/pokaa.fr\/wp-content\/uploads\/2025\/11\/24\/screenshot-20251124-153949.png\" decoding=\"async\" loading=\"lazy\"  \/>            <\/p>\n<p>                    \u00a9 Page Instagram du Jabiru Caf\u00e9 \/ Captures d&rsquo;\u00e9cran<\/p>\n<p>                <img width=\"294\" height=\"500\" src=\"https:\/\/www.europesays.com\/fr\/wp-content\/uploads\/2025\/11\/screenshot-20251124-154014-294x500.png\" class=\"attachment-gallery size-gallery\" alt=\"jabiru caf\u00e9\" data-full-url=\"https:\/\/pokaa.fr\/wp-content\/uploads\/2025\/11\/24\/screenshot-20251124-154014.png\" decoding=\"async\" loading=\"lazy\"  \/>            <\/p>\n<p>                <img width=\"296\" height=\"500\" src=\"https:\/\/www.europesays.com\/fr\/wp-content\/uploads\/2025\/11\/screenshot-20251124-154045-296x500.png\" class=\"attachment-gallery size-gallery\" alt=\"jabiru caf\u00e9\" data-full-url=\"https:\/\/pokaa.fr\/wp-content\/uploads\/2025\/11\/24\/screenshot-20251124-154045.png\" decoding=\"async\" loading=\"lazy\"  \/>            <\/p>\n<p>                <img width=\"287\" height=\"500\" src=\"https:\/\/www.europesays.com\/fr\/wp-content\/uploads\/2025\/11\/screenshot-20251124-154034-287x500.png\" class=\"attachment-gallery size-gallery\" alt=\"jabiru caf\u00e9\" data-full-url=\"https:\/\/pokaa.fr\/wp-content\/uploads\/2025\/11\/24\/screenshot-20251124-154034.png\" decoding=\"async\" loading=\"lazy\"  \/>            <\/p>\n<p>                    \u00a9 Page Instagram du Jabiru Caf\u00e9 \/ Captures d&rsquo;\u00e9cran<\/p>\n<p>L&rsquo;Espace Django\u00a0: salle de concert inclusive et solidaire<\/p>\n<p>Lieu culturel bouillonnant au Neuhof, <b>membre du r\u00e9seau culturel solidaire T\u00f4t ou t\u2019Art<\/b>, l\u2019Espace Django s\u2019engage tout au long de l\u2019ann\u00e9e dans <b>l\u2019accessibilit\u00e9 (financi\u00e8re ou pratique) de ses \u00e9v\u00e9nements <\/b>(concerts, projections cin\u00e9, ateliers\u2026).<\/p>\n<p>Nous te parlions plus haut des consos suspendues (en place dans de nombreux autres lieux de restauration de la ville), mais connaissais-tu les <b>billets suspendus<\/b>\u00a0? Sur le m\u00eame principe, il s\u2019agit d\u2019<b>offrir un billet de concert (pour 6\u20ac) \u00e0 des publics pr\u00e9caires<\/b>. \u00ab\u00a0Un petit effort pour vous, un petit effort pour nous, mais l\u2019assurance de belles exp\u00e9riences pour les b\u00e9n\u00e9ficiaires\u00a0\u00bb, explique Django sur son site.<\/p>\n<p>    <img width=\"800\" height=\"533\" src=\"https:\/\/www.europesays.com\/fr\/wp-content\/uploads\/2025\/07\/france-strasbourg-espace-django-wr-79-sur-140-800x533.jpg\" class=\"attachment-image-size-L size-image-size-L\" alt=\"Espace Django 2025, concert, salle, lumi\u00e8res, r\u00e9gis, techniciens sons\" decoding=\"async\" loading=\"lazy\"  \/>         \u00a9 Wilfried Rion \/ Pokaa <\/p>\n<p>L\u2019id\u00e9e\u00a0? Proposer \u00ab un moment d\u2019\u00e9vasion \u00bb\u00a0\u00e0 des publics souvent exclus du monde culturel. Cette initiative b\u00e9n\u00e9ficie aujourd\u2019hui \u00e0 une soixantaine de personnes, <b>gr\u00e2ce \u00e0 plusieurs associations partenaires (La Cloche, Caritas, Secours populaire, <\/b><b>etc<\/b><b>.)<\/b>, ainsi qu\u2019\u00e0 des personnes isol\u00e9es.<\/p>\n<p>Autre geste solidaire\u00a0: <b>l\u2019arrondi en ligne<\/b>. Au moment de l\u2019achat d\u2019un billet, il est possible de faire l\u2019arrondi <b>au profit des Restos du C\u0153ur<\/b>, ce qui \u00ab\u00a0g\u00e9n\u00e8re une centaine d\u2019euros par saison en moyenne\u00a0\u00bb, lit-on.<\/p>\n<p align=\"CENTER\"><b>O\u00f9\u00a0?<br \/><\/b>Espace Django<br \/>4 impasse Kiefer, \u00e0 Strasbourg<br \/><a href=\"https:\/\/www.espacedjango.eu\/\" target=\"_blank\" rel=\"noopener\">Le site web<\/a><\/p>\n<p>                <a href=\"https:\/\/pokaa.fr\/2025\/07\/26\/metiers-de-lombre-a-strasbourg-10h-dans-les-coulisses-dun-concert-de-lespace-django\/\" target=\"_blank\" rel=\"noopener\"><br \/>\n                    <img width=\"450\" height=\"270\" src=\"https:\/\/www.europesays.com\/fr\/wp-content\/uploads\/2025\/11\/1764509318_203_a2-450x270.png\" class=\"attachment-card-horizontal--same-subject size-card-horizontal--same-subject wp-post-image\" alt=\"\" decoding=\"async\" loading=\"lazy\"\/>                <\/a><\/p>\n<p>                <img width=\"750\" height=\"500\" src=\"https:\/\/www.europesays.com\/fr\/wp-content\/uploads\/2025\/11\/france-strasbourg-espace-django-wr-6-sur-140-750x500.jpg\" class=\"attachment-gallery size-gallery\" alt=\"Espace Django 2025, bar, ambiance, programme, focus, jour\" data-full-url=\"https:\/\/pokaa.fr\/wp-content\/uploads\/2025\/07\/15\/france-strasbourg-espace-django-wr-6-sur-140.jpg\" decoding=\"async\" loading=\"lazy\"  \/>            <\/p>\n<p>                <img width=\"750\" height=\"500\" src=\"https:\/\/www.europesays.com\/fr\/wp-content\/uploads\/2025\/07\/france-strasbourg-espace-django-wr-67-sur-140-750x500.jpg\" class=\"attachment-gallery size-gallery\" alt=\"Espace Django 2025, sc\u00e8ne, concert, salle, lumi\u00e8res, handicape, sourd, groupe, chansigne, Charg\u00e9 de m\u00e9diation, Baya Ndongui\" data-full-url=\"https:\/\/pokaa.fr\/wp-content\/uploads\/2025\/07\/15\/france-strasbourg-espace-django-wr-67-sur-140.jpg\" decoding=\"async\" loading=\"lazy\"  \/>            <\/p>\n<p>                <img width=\"333\" height=\"500\" src=\"https:\/\/www.europesays.com\/fr\/wp-content\/uploads\/2025\/07\/france-strasbourg-espace-django-wr-68-sur-140-333x500.jpg\" class=\"attachment-gallery size-gallery\" alt=\"Espace Django 2025, sc\u00e8ne, concert, salle, lumi\u00e8res, handicape, sourd, chansigne\" data-full-url=\"https:\/\/pokaa.fr\/wp-content\/uploads\/2025\/07\/15\/france-strasbourg-espace-django-wr-68-sur-140.jpg\" decoding=\"async\" loading=\"lazy\"  \/>            <\/p>\n<p>                <img width=\"333\" height=\"500\" src=\"https:\/\/www.europesays.com\/fr\/wp-content\/uploads\/2025\/07\/france-strasbourg-espace-django-wr-7-sur-140-333x500.jpg\" class=\"attachment-gallery size-gallery\" alt=\"Espace Django 2025, bar, ambiance, jour\" data-full-url=\"https:\/\/pokaa.fr\/wp-content\/uploads\/2025\/07\/15\/france-strasbourg-espace-django-wr-7-sur-140.jpg\" decoding=\"async\" loading=\"lazy\"  \/>            <\/p>\n<p>                    \u00a9 Wilfried Rion \/ Pokaa<\/p>\n<p>La Lunetterie du Coin\u00a0: longue vie aux lunettes<\/p>\n<p>Toujours dans une d\u00e9marche de r\u00e9emploi, direction <b>La Lunetterie du Coin<\/b>, o\u00f9 un <b>\u00ab\u00a0opticien z\u00e9ro-gaspi\u00a0\u00bb<\/b> depuis 2016 a d\u00e9cid\u00e9 de faire les choses \u00e0 sa fa\u00e7on\u2026 Lors de l\u2019achat d\u2019une paire de lunettes neuves, il y est propos\u00e9 aux client(e)s <b>une remise\/bon d\u2019achat, en \u00e9change d\u2019une ancienne monture<\/b>.<\/p>\n<p>Et puisque l\u2019id\u00e9e n\u2019est pas de chiner des paires vintage, mais plut\u00f4t de <b>contribuer \u00e0 l\u2019\u00e9conomie circulaire<\/b>, le pallier de rachat est fix\u00e9 \u00e0 70\u20ac.<\/p>\n<p>                <img width=\"375\" height=\"500\" src=\"https:\/\/www.europesays.com\/fr\/wp-content\/uploads\/2025\/11\/lunetterie-du-coin-strasbourg-verre-ecran2.jpg\" class=\"attachment-gallery size-gallery\" alt=\"lunetterie-du-coin-strasbourg-verre-e\u0301cran2\" data-full-url=\"https:\/\/www.europesays.com\/fr\/wp-content\/uploads\/2025\/11\/lunetterie-du-coin-strasbourg-verre-ecran2.jpg\" decoding=\"async\" loading=\"lazy\"  \/>            <\/p>\n<p>                <img width=\"667\" height=\"500\" src=\"https:\/\/www.europesays.com\/fr\/wp-content\/uploads\/2025\/11\/lunetterie-du-coin-strasbourg-verre-ecran8.jpg\" class=\"attachment-gallery size-gallery\" alt=\"lunetterie-du-coin-strasbourg-verre-e\u0301cran8\" data-full-url=\"https:\/\/www.europesays.com\/fr\/wp-content\/uploads\/2025\/11\/lunetterie-du-coin-strasbourg-verre-ecran8.jpg\" decoding=\"async\" loading=\"lazy\"  \/>            <\/p>\n<p>                    \u00a9 Vivien Latuner \/ Pokaa<\/p>\n<p><b>Apr\u00e8s reconditionnement<\/b> (polissage, d\u00e9sinfection, etc.), <b>les paires sont revendues \u00e0 89\u20ac<\/b> dans la boutique \u2013 car pourquoi faudrait-il que <strong>cela co\u00fbte les yeux de la t\u00eate, d\u2019avoir de belles lunettes ? <\/strong>Une <b>d\u00e9marche z\u00e9ro d\u00e9chet<\/b>, avec des lunettes d\u2019occasion qui sont rembours\u00e9es, elles aussi, par la S\u00e9curit\u00e9 Sociale et garanties 6 mois.<\/p>\n<p>Quant au surplus \u2013 les paires qui ne sont pas gard\u00e9es en boutique \u2013, il est confi\u00e9 \u00e0 <b>l\u2019<\/b><strong><b>association<\/b><\/strong><strong> Lunettes sans Fronti\u00e8re<\/strong>, une ONG alsacienne qui <b>reconditionne puis redistribue les paires en Afrique<\/b>. Un don qui peut repr\u00e9senter, chaque ann\u00e9e, des milliers de lunettes. Bien vu, La Lunetterie du Coin.<\/p>\n<p align=\"CENTER\"><b>O\u00f9\u00a0?<br \/><\/b>La Lunetterie du Coin<br \/>24 rue du Faubourg-de-Pierre, \u00e0 Strasbourg<br \/><a href=\"https:\/\/www.lalunetterieducoin.fr\/\" target=\"_blank\" rel=\"noopener\">Le site web<\/a><\/p>\n<p>    <img width=\"800\" height=\"600\" src=\"https:\/\/www.europesays.com\/fr\/wp-content\/uploads\/2025\/11\/lunetterie-du-coin-strasbourg18.jpg\" class=\"attachment-image-size-L size-image-size-L\" alt=\"lunetterie-du-coin-strasbourg18\" decoding=\"async\" loading=\"lazy\"  \/>         \u00a9 Pokaa <\/p>\n<p>Hem&amp;Vous\u00a0: un r\u00e9emploi au poil<\/p>\n<p>Implant\u00e9<b> \u00e0 la Krutenau depuis 2014<\/b>, <b>Hem&amp;Vous<\/b> s\u2019est rapidement distingu\u00e9 au travers des nombreux engagements et valeurs de sa g\u00e9rante.<\/p>\n<p>En travaillant notamment avec des produits fran\u00e7ais et solides, et une<b> m\u00e9thode de travail z\u00e9ro d\u00e9chet<\/b>, l\u2019enseigne se place comme une r\u00e9f\u00e9rence de <b>la coiffure \u00e9co-responsable<\/b> \u00e0 Strasbourg.<\/p>\n<\/p>\n<p>Parmi ses petits gestes qui font beaucoup\u00a0: <b>le recyclage des cheveux coup\u00e9s<\/b>. Si jusque-l\u00e0, seuls les cheveux de plus de 25 cm pouvaient \u00eatre revaloris\u00e9s dans la <b>fabrication de perruques \u00e0 destination des victimes de cancer<\/b>, aujourd\u2019hui, tous peuvent l\u2019\u00eatre. En effet, apr\u00e8s chaque client(e), ceux-ci sont collect\u00e9s \u00e0 diverses fins\u00a0: <b>de la d\u00e9pollution des eaux \u00e0 la cr\u00e9ation de textiles<\/b>.<\/p>\n<p>On notera aussi <b>la coupe suspendue<\/b>, pour offrir un rendez-vous chez Hem&amp;Vous \u00e0 une personne sans-abri.<\/p>\n<p align=\"CENTER\"><b>O\u00f9\u00a0?<br \/><\/b>Hem&amp;Vous<br \/>6 rue Sainte-Madeleine, \u00e0 Strasbourg<br \/><a href=\"https:\/\/hemetvous.com\/\" target=\"_blank\" rel=\"noopener\">Le site web<\/a><\/p>\n<p>                <img width=\"750\" height=\"500\" src=\"https:\/\/www.europesays.com\/fr\/wp-content\/uploads\/2025\/11\/hemvous3.jpg\" class=\"attachment-gallery size-gallery\" alt=\"hem&amp;vous3\" data-full-url=\"https:\/\/www.europesays.com\/fr\/wp-content\/uploads\/2025\/11\/hemvous3.jpg\" decoding=\"async\" loading=\"lazy\"  \/>            <\/p>\n<p>                <img width=\"750\" height=\"500\" src=\"https:\/\/www.europesays.com\/fr\/wp-content\/uploads\/2025\/11\/hemvous2.jpg\" class=\"attachment-gallery size-gallery\" alt=\"Hem&amp;vous2\" data-full-url=\"https:\/\/www.europesays.com\/fr\/wp-content\/uploads\/2025\/11\/hemvous2.jpg\" decoding=\"async\" loading=\"lazy\"  \/>            <\/p>\n<p>                <img width=\"750\" height=\"500\" src=\"https:\/\/www.europesays.com\/fr\/wp-content\/uploads\/2025\/11\/tommy5bis-1.jpg\" class=\"attachment-gallery size-gallery\" alt=\"don de cheveux coiffeurs\" data-full-url=\"https:\/\/www.europesays.com\/fr\/wp-content\/uploads\/2025\/11\/tommy5bis-1.jpg\" decoding=\"async\" loading=\"lazy\"  \/>            <\/p>\n<p>                    \u00a9 Mathilde Piaud \/ Pokaa<\/p>\n<p><script async src=\"\/\/www.instagram.com\/embed.js\"><\/script><\/p>\n","protected":false},"excerpt":{"rendered":"\u00c0 Strasbourg, de nombreux commerces traduisent leurs valeurs en actions concr\u00e8tes. Si l\u2019on peut d\u00e9j\u00e0 se tourner vers&hellip;\n","protected":false},"author":2,"featured_media":568919,"comment_status":"","ping_status":"","sticky":false,"template":"","format":"standard","meta":{"footnotes":""},"categories":[2820],"tags":[1111,11,68396,215,67931,37063,20323,1777,674,1011,27,775,4555,12,25,12280,640],"class_list":{"0":"post-568918","1":"post","2":"type-post","3":"status-publish","4":"format-standard","5":"has-post-thumbnail","7":"category-strasbourg","8":"tag-actu","9":"tag-actualites","10":"tag-billets-suspendus","11":"tag-commerce","12":"tag-consommer-autrement","13":"tag-economie-sociale-et-solidaire","14":"tag-ess","15":"tag-eu","16":"tag-europe","17":"tag-fr","18":"tag-france","19":"tag-grand-est","20":"tag-local","21":"tag-news","22":"tag-republique-francaise","23":"tag-solidaire","24":"tag-strasbourg"},"share_on_mastodon":{"url":"https:\/\/pubeurope.com\/@fr\/115638894672693169","error":""},"_links":{"self":[{"href":"https:\/\/www.europesays.com\/fr\/wp-json\/wp\/v2\/posts\/568918","targetHints":{"allow":["GET"]}}],"collection":[{"href":"https:\/\/www.europesays.com\/fr\/wp-json\/wp\/v2\/posts"}],"about":[{"href":"https:\/\/www.europesays.com\/fr\/wp-json\/wp\/v2\/types\/post"}],"author":[{"embeddable":true,"href":"https:\/\/www.europesays.com\/fr\/wp-json\/wp\/v2\/users\/2"}],"replies":[{"embeddable":true,"href":"https:\/\/www.europesays.com\/fr\/wp-json\/wp\/v2\/comments?post=568918"}],"version-history":[{"count":0,"href":"https:\/\/www.europesays.com\/fr\/wp-json\/wp\/v2\/posts\/568918\/revisions"}],"wp:featuredmedia":[{"embeddable":true,"href":"https:\/\/www.europesays.com\/fr\/wp-json\/wp\/v2\/media\/568919"}],"wp:attachment":[{"href":"https:\/\/www.europesays.com\/fr\/wp-json\/wp\/v2\/media?parent=568918"}],"wp:term":[{"taxonomy":"category","embeddable":true,"href":"https:\/\/www.europesays.com\/fr\/wp-json\/wp\/v2\/categories?post=568918"},{"taxonomy":"post_tag","embeddable":true,"href":"https:\/\/www.europesays.com\/fr\/wp-json\/wp\/v2\/tags?post=568918"}],"curies":[{"name":"wp","href":"https:\/\/api.w.org\/{rel}","templated":true}]}}