{"id":568928,"date":"2025-11-30T13:34:17","date_gmt":"2025-11-30T13:34:17","guid":{"rendered":"https:\/\/www.europesays.com\/fr\/568928\/"},"modified":"2025-11-30T13:34:17","modified_gmt":"2025-11-30T13:34:17","slug":"nantes-a-connu-une-venue-perturbee-a-lyon","status":"publish","type":"post","link":"https:\/\/www.europesays.com\/fr\/568928\/","title":{"rendered":"Nantes a connu une venue perturb\u00e9e \u00e0 Lyon"},"content":{"rendered":"<p>                            <img width=\"770\" height=\"433\" src=\"https:\/\/www.europesays.com\/fr\/wp-content\/uploads\/2025\/05\/AFP__20241223__DPPI_40024087_068__v1__HighRes__FootballFrenchChampParisSgVNantes-e1748094104929-770x.jpeg\" class=\"attachment-article size-article wp-post-image\" alt=\"Johann Lepenant avec Nantes.\" decoding=\"async\" fetchpriority=\"high\"  \/><\/p>\n<p>Johann Lepenant avec Nantes. Photo Matthieu Mirville \/ DPPI <\/p>\n<p>Parti samedi soir, le FC Nantes a d\u00fb revoir ses plans pour rejoindre Lyon. Oblig\u00e9s de se rendre \u00e0 Angers, les Nantais ont ralli\u00e9 la capitale des Gaules avec quelques heures de retard.<\/p>\n<p>Ils ont mis le temps, mais ils sont finalement bien arriv\u00e9s \u00e0 bon port. Samedi, les joueurs du <strong>FC Nantes<\/strong> ont connu quelques p\u00e9rip\u00e9ties pour rejoindre Lyon par la voie des airs. Cens\u00e9s arriver en d\u00e9but de soir\u00e9e dans la capitale des Gaules, les Nantais ont vu leur routine de veille de match boulevers\u00e9e \u00e0 cause du brouillard pr\u00e9sent avec insistance en Loire-Atlantique. Devant d\u00e9coller en fin d&rsquo;apr\u00e8s-midi samedi, les co\u00e9quipiers d\u2019Anthony <strong>Lopes<\/strong> ont vu leur avion \u00eatre interdit d\u2019atterrissage \u00e0 deux reprises.<\/p>\n<p>Un avion utilis\u00e9 par&#8230; Lens<\/p>\n<p>Face \u00e0 cette situation, la d\u00e9l\u00e9gation a d\u00fb trouver une solution de repli et cette derni\u00e8re s\u2019est retrouv\u00e9e \u00eatre \u00e0 une heure de route du c\u00f4t\u00e9 d\u2019Angers. Les joueurs nantais ont ainsi d\u00e9coll\u00e9 de l\u2019a\u00e9roport angevin, en utilisant l\u2019avion affr\u00e9t\u00e9 pour\u2026 le <strong>RC Lens<\/strong> de Pierre <strong>Sage<\/strong>, d&rsquo;apr\u00e8s le compte X JetsLigue1. Parti avec quelques heures de retard, le FC Nantes a finalement atterri \u00e0 Lyon en fin de soir\u00e9e, l\u2019avion reprenant ensuite la direction d\u2019Angers. Un d\u00e9placement mouvement\u00e9 donc.<\/p>\n<p>\t\t\t\t\t<a href=\"https:\/\/www.olympique-et-lyonnais.com\/anniversaire-des-75-ans-lol-cest-tout-pour-moi-avoue-tolisso,385643.html\" title=\"Anniversaire des 75 ans : &quot;L&#039;OL, c\u2019est tout pour moi&quot;, avoue Tolisso\" target=\"_blank\" rel=\"noopener\"><img loading=\"lazy\" width=\"580\" height=\"326\" src=\"https:\/\/www.europesays.com\/fr\/wp-content\/uploads\/2025\/11\/AFP__20251127__86EW6HW__v1__HighRes__FblEurC3MaccabiLyon-580x326.jpg\" class=\"attachment-actularge size-actularge wp-post-image\" alt=\"Corentin Tolisso apr\u00e8s son but lors de Maccabi Tel Aviv - OL\" decoding=\"async\"  \/>\t\t\t\t\t<\/a><\/p>\n","protected":false},"excerpt":{"rendered":"Johann Lepenant avec Nantes. Photo Matthieu Mirville \/ DPPI Parti samedi soir, le FC Nantes a d\u00fb revoir&hellip;\n","protected":false},"author":2,"featured_media":125057,"comment_status":"","ping_status":"","sticky":false,"template":"","format":"standard","meta":{"footnotes":""},"categories":[2818],"tags":[1111,11,1777,674,1011,27,66,766,12,241,978,2636,25],"class_list":{"0":"post-568928","1":"post","2":"type-post","3":"status-publish","4":"format-standard","5":"has-post-thumbnail","7":"category-nantes","8":"tag-actu","9":"tag-actualites","10":"tag-eu","11":"tag-europe","12":"tag-fr","13":"tag-france","14":"tag-ligue-1","15":"tag-nantes","16":"tag-news","17":"tag-ol","18":"tag-olympique-lyonnais","19":"tag-pays-de-la-loire","20":"tag-republique-francaise"},"share_on_mastodon":{"url":"https:\/\/pubeurope.com\/@fr\/115638913192235569","error":""},"_links":{"self":[{"href":"https:\/\/www.europesays.com\/fr\/wp-json\/wp\/v2\/posts\/568928","targetHints":{"allow":["GET"]}}],"collection":[{"href":"https:\/\/www.europesays.com\/fr\/wp-json\/wp\/v2\/posts"}],"about":[{"href":"https:\/\/www.europesays.com\/fr\/wp-json\/wp\/v2\/types\/post"}],"author":[{"embeddable":true,"href":"https:\/\/www.europesays.com\/fr\/wp-json\/wp\/v2\/users\/2"}],"replies":[{"embeddable":true,"href":"https:\/\/www.europesays.com\/fr\/wp-json\/wp\/v2\/comments?post=568928"}],"version-history":[{"count":0,"href":"https:\/\/www.europesays.com\/fr\/wp-json\/wp\/v2\/posts\/568928\/revisions"}],"wp:featuredmedia":[{"embeddable":true,"href":"https:\/\/www.europesays.com\/fr\/wp-json\/wp\/v2\/media\/125057"}],"wp:attachment":[{"href":"https:\/\/www.europesays.com\/fr\/wp-json\/wp\/v2\/media?parent=568928"}],"wp:term":[{"taxonomy":"category","embeddable":true,"href":"https:\/\/www.europesays.com\/fr\/wp-json\/wp\/v2\/categories?post=568928"},{"taxonomy":"post_tag","embeddable":true,"href":"https:\/\/www.europesays.com\/fr\/wp-json\/wp\/v2\/tags?post=568928"}],"curies":[{"name":"wp","href":"https:\/\/api.w.org\/{rel}","templated":true}]}}