{"id":568929,"date":"2025-11-30T13:35:16","date_gmt":"2025-11-30T13:35:16","guid":{"rendered":"https:\/\/www.europesays.com\/fr\/568929\/"},"modified":"2025-11-30T13:35:16","modified_gmt":"2025-11-30T13:35:16","slug":"une-conference-scientifique-sur-le-dirigeable-et-les-metiers-de-laeronautique","status":"publish","type":"post","link":"https:\/\/www.europesays.com\/fr\/568929\/","title":{"rendered":"une conf\u00e9rence scientifique sur le dirigeable et les m\u00e9tiers de l\u2019a\u00e9ronautique"},"content":{"rendered":"<p>Le plus gros dirigeable au monde, capable de transporter des charges utiles de 60 tonnes, d\u00e9velopp\u00e9 et fabriqu\u00e9 par la toute nouvelle entreprise Flying Whales, sera pr\u00e9sent\u00e9 par le directeur industriel Simon Debeugny. Cette entreprise vient de faire le choix de son implantation en Nouvelle-Aquitaine \u00e0 Laruscade, o\u00f9 les premiers b\u00e2timents d\u2019assemblage sont en cours de construction. Le dirigeable LCA60T, d\u2019une longueur de 200\u00a0m et d\u2019un diam\u00e8tre de 50\u00a0m, devrait effectuer son premier vol en 2029.<\/p>\n<p>Cette aventure industrielle doit g\u00e9n\u00e9rer environ 300 emplois dans la r\u00e9gion. Le th\u00e8me de l\u2019emploi sera abord\u00e9 en s\u00e9ance par les dirigeants de l\u2019entreprise. D\u00e8s 17\u00a0heures, l\u2019ing\u00e9nieur Matthieu Vissa, responsable des conf\u00e9rences, animera un petit expos\u00e9 sur \u00ab\u00a0Les m\u00e9tiers de l\u2019a\u00e9ronautique\u00a0\u00bb. Le besoin d\u2019embauches sera d\u2019environ 300 postes en Aquitaine \u00e0 Laruscade \u00e0 court terme.<\/p>\n<p>Une belle aventure \u00e9conomique et humaine en perspective pour la r\u00e9gion, qui pourrait int\u00e9resser les lyc\u00e9ens et les \u00e9tudiants ainsi que leurs parents. Un verre de l\u2019amiti\u00e9 sera offert par l\u2019AAAF Aquitaine apr\u00e8s la conf\u00e9rence. Entr\u00e9e libre et gratuite.<\/p>\n","protected":false},"excerpt":{"rendered":"Le plus gros dirigeable au monde, capable de transporter des charges utiles de 60 tonnes, d\u00e9velopp\u00e9 et fabriqu\u00e9&hellip;\n","protected":false},"author":2,"featured_media":568930,"comment_status":"","ping_status":"","sticky":false,"template":"","format":"standard","meta":{"footnotes":""},"categories":[2817],"tags":[1111,11,1997,1777,674,1011,27,12,2219,25],"class_list":{"0":"post-568929","1":"post","2":"type-post","3":"status-publish","4":"format-standard","5":"has-post-thumbnail","7":"category-bordeaux","8":"tag-actu","9":"tag-actualites","10":"tag-bordeaux","11":"tag-eu","12":"tag-europe","13":"tag-fr","14":"tag-france","15":"tag-news","16":"tag-nouvelle-aquitaine","17":"tag-republique-francaise"},"share_on_mastodon":{"url":"https:\/\/pubeurope.com\/@fr\/115638915841657162","error":""},"_links":{"self":[{"href":"https:\/\/www.europesays.com\/fr\/wp-json\/wp\/v2\/posts\/568929","targetHints":{"allow":["GET"]}}],"collection":[{"href":"https:\/\/www.europesays.com\/fr\/wp-json\/wp\/v2\/posts"}],"about":[{"href":"https:\/\/www.europesays.com\/fr\/wp-json\/wp\/v2\/types\/post"}],"author":[{"embeddable":true,"href":"https:\/\/www.europesays.com\/fr\/wp-json\/wp\/v2\/users\/2"}],"replies":[{"embeddable":true,"href":"https:\/\/www.europesays.com\/fr\/wp-json\/wp\/v2\/comments?post=568929"}],"version-history":[{"count":0,"href":"https:\/\/www.europesays.com\/fr\/wp-json\/wp\/v2\/posts\/568929\/revisions"}],"wp:featuredmedia":[{"embeddable":true,"href":"https:\/\/www.europesays.com\/fr\/wp-json\/wp\/v2\/media\/568930"}],"wp:attachment":[{"href":"https:\/\/www.europesays.com\/fr\/wp-json\/wp\/v2\/media?parent=568929"}],"wp:term":[{"taxonomy":"category","embeddable":true,"href":"https:\/\/www.europesays.com\/fr\/wp-json\/wp\/v2\/categories?post=568929"},{"taxonomy":"post_tag","embeddable":true,"href":"https:\/\/www.europesays.com\/fr\/wp-json\/wp\/v2\/tags?post=568929"}],"curies":[{"name":"wp","href":"https:\/\/api.w.org\/{rel}","templated":true}]}}