{"id":568931,"date":"2025-11-30T13:36:15","date_gmt":"2025-11-30T13:36:15","guid":{"rendered":"https:\/\/www.europesays.com\/fr\/568931\/"},"modified":"2025-11-30T13:36:15","modified_gmt":"2025-11-30T13:36:15","slug":"pres-de-bordeaux-les-footballeurs-veterans-sengagent-pour-movember","status":"publish","type":"post","link":"https:\/\/www.europesays.com\/fr\/568931\/","title":{"rendered":"Pr\u00e8s de Bordeaux, les footballeurs v\u00e9t\u00e9rans s\u2019engagent pour Movember"},"content":{"rendered":"<p>Pas de bless\u00e9s mais des courbatures qui viendront chatouiller muscles et articulations pendant quelques jours\u00a0: peu importe, le match disput\u00e9 ce samedi 29\u00a0novembre \u00e0 13\u00a0h\u00a030 au stade de Lalande \u00e0 Camblanes-et-Meynac, valait le coup d\u2019\u0153il et de crampon. Ils \u00e9taient 26, de 35 \u00e0 60\u00a0ans, \u00e0 se retrouver deux ans apr\u00e8s leur premi\u00e8re action en faveur de <a href=\"https:\/\/fr.movember.com\/\" target=\"_blank\" rel=\"nofollow noopener\">Movember<\/a> qui, \u00e0 l\u2019instar d\u2019un Octobre rose pour le cancer du sein, vise \u00e0 sensibiliser sur les maladies masculines des cancers de la prostate et des testicules, mais aussi \u00e0 parler suicide et sant\u00e9 mentale.<\/p>\n","protected":false},"excerpt":{"rendered":"Pas de bless\u00e9s mais des courbatures qui viendront chatouiller muscles et articulations pendant quelques jours\u00a0: peu importe, le&hellip;\n","protected":false},"author":2,"featured_media":568932,"comment_status":"","ping_status":"","sticky":false,"template":"","format":"standard","meta":{"footnotes":""},"categories":[2817],"tags":[1111,11,1997,1777,674,1011,27,12,2219,25],"class_list":{"0":"post-568931","1":"post","2":"type-post","3":"status-publish","4":"format-standard","5":"has-post-thumbnail","7":"category-bordeaux","8":"tag-actu","9":"tag-actualites","10":"tag-bordeaux","11":"tag-eu","12":"tag-europe","13":"tag-fr","14":"tag-france","15":"tag-news","16":"tag-nouvelle-aquitaine","17":"tag-republique-francaise"},"share_on_mastodon":{"url":"https:\/\/pubeurope.com\/@fr\/115638919786978294","error":""},"_links":{"self":[{"href":"https:\/\/www.europesays.com\/fr\/wp-json\/wp\/v2\/posts\/568931","targetHints":{"allow":["GET"]}}],"collection":[{"href":"https:\/\/www.europesays.com\/fr\/wp-json\/wp\/v2\/posts"}],"about":[{"href":"https:\/\/www.europesays.com\/fr\/wp-json\/wp\/v2\/types\/post"}],"author":[{"embeddable":true,"href":"https:\/\/www.europesays.com\/fr\/wp-json\/wp\/v2\/users\/2"}],"replies":[{"embeddable":true,"href":"https:\/\/www.europesays.com\/fr\/wp-json\/wp\/v2\/comments?post=568931"}],"version-history":[{"count":0,"href":"https:\/\/www.europesays.com\/fr\/wp-json\/wp\/v2\/posts\/568931\/revisions"}],"wp:featuredmedia":[{"embeddable":true,"href":"https:\/\/www.europesays.com\/fr\/wp-json\/wp\/v2\/media\/568932"}],"wp:attachment":[{"href":"https:\/\/www.europesays.com\/fr\/wp-json\/wp\/v2\/media?parent=568931"}],"wp:term":[{"taxonomy":"category","embeddable":true,"href":"https:\/\/www.europesays.com\/fr\/wp-json\/wp\/v2\/categories?post=568931"},{"taxonomy":"post_tag","embeddable":true,"href":"https:\/\/www.europesays.com\/fr\/wp-json\/wp\/v2\/tags?post=568931"}],"curies":[{"name":"wp","href":"https:\/\/api.w.org\/{rel}","templated":true}]}}