{"id":568937,"date":"2025-11-30T13:39:12","date_gmt":"2025-11-30T13:39:12","guid":{"rendered":"https:\/\/www.europesays.com\/fr\/568937\/"},"modified":"2025-11-30T13:39:12","modified_gmt":"2025-11-30T13:39:12","slug":"des-repas-du-midi-avec-boisson-a-5-euros-pendant-5-jours-dans-cet-etablissement-de-lille","status":"publish","type":"post","link":"https:\/\/www.europesays.com\/fr\/568937\/","title":{"rendered":"des repas du midi avec boisson \u00e0 5 euros pendant 5 jours dans cet \u00e9tablissement de Lille"},"content":{"rendered":"<p>                    Par<br \/>\n        <strong><br \/>\n            <a href=\"https:\/\/actu.fr\/auteur\/amandine-vachez\" title=\"Consulter tous les articles de Amandine Vachez\" target=\"_blank\" rel=\"noopener\">Amandine Vachez<\/a><br \/>\n                    <\/strong><\/p>\n<p>        Publi\u00e9 le<\/p>\n<p>            30 nov. 2025 \u00e0 14h10        <\/p>\n<p>Voil\u00e0 qui devrait attirer les<b> \u00e9tudiants et travailleurs <\/b>du secteur. Le<b> Jost<\/b> de <a href=\"https:\/\/actu.fr\/lille\/\" target=\"_blank\" rel=\"noopener\">Lille<\/a> (Nord), situ\u00e9 rue Meurein et qui propose des animations tr\u00e8s r\u00e9guli\u00e8rement, lance <b>une op\u00e9ration sp\u00e9ciale, du 1er au 5\u00a0d\u00e9cembre 2025. <\/b>Le midi, les clients de l\u2019\u00e9tablissement pourront profiter d\u2019un <b>repas avec boisson <\/b>pour la modique somme de 5\u00a0euros.<\/p>\n<p>Un d\u00e9jeuner \u00ab\u2009bon, rapide et accessible\u2009\u00bb<\/p>\n<p class=\" wall-content\">Quelques jours avant le lancement de cette op\u00e9ration \u00e9ph\u00e9m\u00e8re, le Jost pr\u00e9cise qu\u2019il s\u2019agit de \u00ab\u2009permettre \u00e0 chacun de profiter d\u2019un d\u00e9jeuner bon, rapide et accessible, dans une p\u00e9riode o\u00f9 le pouvoir d\u2019achat p\u00e8se de plus en plus.\u2009\u00bb Pour rappel, le food court du <a href=\"https:\/\/actu.fr\/hauts-de-france\/lille_59350\/lille-on-vous-fait-decouvrir-jost-bien-plus-quun-hotel_61766836.html\" target=\"_blank\" rel=\"noopener\">lieu ouvert depuis l\u2019\u00e9t\u00e9 2024 dans le quartier de Wazemmes<\/a> r\u00e9unit six corners culinaires avec\u2009: pizzas napolitaines, burgers, baos, cuisine tha\u00efe, traditionnelle et indienne. De quoi proposer \u00ab\u2009une offre vari\u00e9e et gourmande\u2009\u00bb \u00e0 petit prix.<\/p>\n<p class=\" wall-content\"><a href=\"https:\/\/www.instagram.com\/p\/DRhbIngCPDt\/embed\" title=\"Ouvrir le lien sur Instagram\" target=\"_blank\" rel=\"noopener\">Visualiser le contenu sur Instagram<\/a><\/p>\n<p>Quels plats \u00e0 la carte\u2009?<\/p>\n<p class=\" wall-content\">Voici ce qui sera propos\u00e9 \u00e0 la carte pour cette offre sp\u00e9ciale\u2009:<\/p>\n<ul class=\" wall-content\">\n<li>par Le Gratin\u2009: coquillette tartiflette ou poutine,<\/li>\n<li>par Fenaki\u2009: chawarma poulet ou falafel,<\/li>\n<li>par Pizza di Nonno\u2009: une Margharita,<\/li>\n<li>par Bolly\u2009: un \u00ab\u2009naan\u2019dwich\u2009\u00bb,<\/li>\n<li>par Jtha\u00ef\u2009: poulet satay.<\/li>\n<\/ul>\n<p class=\" wall-content\">De quoi se faire plaisir\u2009! Et comme l\u2019\u00e9crit bien l\u2019\u00e9quipe dans son post Instagram pour promouvoir l\u2019op\u00e9ration, \u00ab\u2009un seul regret possible\u2009: ne pas venir.\u2009\u00bb<\/p>\n<p class=\" wall-content\">Personnalisez votre actualit\u00e9 en ajoutant vos villes et m\u00e9dias en favori avec <a href=\"https:\/\/moncompte.actu.fr\" title=\"D\u00e9couvez Mon Actu\" rel=\"nofollow noopener\" data-trk=\"{&quot;cta&quot;:{&quot;action&quot;:&quot;https:\\\/\\\/moncompte.actu.fr&quot;,&quot;category&quot;:&quot;mon compte&quot;,&quot;from&quot;:&quot;article footer&quot;,&quot;name&quot;:&quot;Mon actu&quot;,&quot;type&quot;:&quot;cta&quot;}}\" target=\"_blank\">Mon Actu<\/a>.<\/p>\n<p>                    <script async src=\"\/\/www.instagram.com\/embed.js\"><\/script><\/p>\n","protected":false},"excerpt":{"rendered":"Par Amandine Vachez Publi\u00e9 le 30 nov. 2025 \u00e0 14h10 Voil\u00e0 qui devrait attirer les \u00e9tudiants et travailleurs&hellip;\n","protected":false},"author":2,"featured_media":568938,"comment_status":"","ping_status":"","sticky":false,"template":"","format":"standard","meta":{"footnotes":""},"categories":[2815],"tags":[1111,11,6557,1777,674,1011,27,811,1307,12,25,1340,104],"class_list":{"0":"post-568937","1":"post","2":"type-post","3":"status-publish","4":"format-standard","5":"has-post-thumbnail","7":"category-lille","8":"tag-actu","9":"tag-actualites","10":"tag-bon-plan-a-lille","11":"tag-eu","12":"tag-europe","13":"tag-fr","14":"tag-france","15":"tag-hauts-de-france","16":"tag-lille","17":"tag-news","18":"tag-republique-francaise","19":"tag-restaurant","20":"tag-societe"},"share_on_mastodon":{"url":"https:\/\/pubeurope.com\/@fr\/115638931555808361","error":""},"_links":{"self":[{"href":"https:\/\/www.europesays.com\/fr\/wp-json\/wp\/v2\/posts\/568937","targetHints":{"allow":["GET"]}}],"collection":[{"href":"https:\/\/www.europesays.com\/fr\/wp-json\/wp\/v2\/posts"}],"about":[{"href":"https:\/\/www.europesays.com\/fr\/wp-json\/wp\/v2\/types\/post"}],"author":[{"embeddable":true,"href":"https:\/\/www.europesays.com\/fr\/wp-json\/wp\/v2\/users\/2"}],"replies":[{"embeddable":true,"href":"https:\/\/www.europesays.com\/fr\/wp-json\/wp\/v2\/comments?post=568937"}],"version-history":[{"count":0,"href":"https:\/\/www.europesays.com\/fr\/wp-json\/wp\/v2\/posts\/568937\/revisions"}],"wp:featuredmedia":[{"embeddable":true,"href":"https:\/\/www.europesays.com\/fr\/wp-json\/wp\/v2\/media\/568938"}],"wp:attachment":[{"href":"https:\/\/www.europesays.com\/fr\/wp-json\/wp\/v2\/media?parent=568937"}],"wp:term":[{"taxonomy":"category","embeddable":true,"href":"https:\/\/www.europesays.com\/fr\/wp-json\/wp\/v2\/categories?post=568937"},{"taxonomy":"post_tag","embeddable":true,"href":"https:\/\/www.europesays.com\/fr\/wp-json\/wp\/v2\/tags?post=568937"}],"curies":[{"name":"wp","href":"https:\/\/api.w.org\/{rel}","templated":true}]}}