{"id":568939,"date":"2025-11-30T13:40:20","date_gmt":"2025-11-30T13:40:20","guid":{"rendered":"https:\/\/www.europesays.com\/fr\/568939\/"},"modified":"2025-11-30T13:40:20","modified_gmt":"2025-11-30T13:40:20","slug":"le-plan-gagnant-du-psg-pour-ayyoub-bouaddi-lille","status":"publish","type":"post","link":"https:\/\/www.europesays.com\/fr\/568939\/","title":{"rendered":"le plan gagnant du PSG pour Ayyoub Bouaddi (Lille)"},"content":{"rendered":"<p>Selon plusieurs sources concordantes, dont le compte X PSG Inside Actu, Ayyoub Bouaddi est tout proche de rejoindre le PSG l\u2019\u00e9t\u00e9 prochain. Alors que le franco marocain de 18 ans sera en fin de contrat en juin 2027, le LOSC et le club de la capitale sont en train de se mettre d\u2019accord sur un transfert d\u00e8s le mois de janvier. Le jeune milieu de terrain (qui n\u2019a pas encore choisi sa nationalit\u00e9 sportive) est tr\u00e8s demand\u00e9 en Europe, Paris est pr\u00eat \u00e0 payer 40 millions d\u2019euros en janvier, mais pr\u00eaterait le joueur \u00e0 Lille jusqu\u2019\u00e0 la fin de la saison.\u00a0<\/p>\n<p>Un deal \u00ab\u00a0gagnant-gagnant\u00a0\u00bb<\/p>\n<p>Une fa\u00e7on de griller la concurrence, mais aussi d\u2019\u00e9viter au LOSC tout conflit avec le joueur l\u2019\u00e9t\u00e9 prochain, \u00e0 un an du terme de son contrat.\u00a0 Le PSG laisserait ainsi Bouaddi prendre encore un peu plus d\u2019exp\u00e9rience en jouant la Ligue Europa avec Lille (apr\u00e8s la Ligue des Champions la saison derni\u00e8re) et le r\u00e9cup\u00e8rerait au d\u00e9but de l\u2019\u00e9t\u00e9 pour la pr\u00e9paration de la prochaine saison. C\u2019est ce qu\u2019on appelle un deal \u00ab\u00a0gagnant-gagnant\u00a0\u00bb, facilit\u00e9 par les bonnes relations entre Olivier L\u00e9tang, pr\u00e9sident du LOSC, et le PSG.\u00a0<\/p>\n","protected":false},"excerpt":{"rendered":"Selon plusieurs sources concordantes, dont le compte X PSG Inside Actu, Ayyoub Bouaddi est tout proche de rejoindre&hellip;\n","protected":false},"author":2,"featured_media":568940,"comment_status":"","ping_status":"","sticky":false,"template":"","format":"standard","meta":{"footnotes":""},"categories":[2815],"tags":[1111,11,1777,674,1011,27,811,1307,12,93,25],"class_list":{"0":"post-568939","1":"post","2":"type-post","3":"status-publish","4":"format-standard","5":"has-post-thumbnail","7":"category-lille","8":"tag-actu","9":"tag-actualites","10":"tag-eu","11":"tag-europe","12":"tag-fr","13":"tag-france","14":"tag-hauts-de-france","15":"tag-lille","16":"tag-news","17":"tag-psg","18":"tag-republique-francaise"},"share_on_mastodon":{"url":"https:\/\/pubeurope.com\/@fr\/115638935579194381","error":""},"_links":{"self":[{"href":"https:\/\/www.europesays.com\/fr\/wp-json\/wp\/v2\/posts\/568939","targetHints":{"allow":["GET"]}}],"collection":[{"href":"https:\/\/www.europesays.com\/fr\/wp-json\/wp\/v2\/posts"}],"about":[{"href":"https:\/\/www.europesays.com\/fr\/wp-json\/wp\/v2\/types\/post"}],"author":[{"embeddable":true,"href":"https:\/\/www.europesays.com\/fr\/wp-json\/wp\/v2\/users\/2"}],"replies":[{"embeddable":true,"href":"https:\/\/www.europesays.com\/fr\/wp-json\/wp\/v2\/comments?post=568939"}],"version-history":[{"count":0,"href":"https:\/\/www.europesays.com\/fr\/wp-json\/wp\/v2\/posts\/568939\/revisions"}],"wp:featuredmedia":[{"embeddable":true,"href":"https:\/\/www.europesays.com\/fr\/wp-json\/wp\/v2\/media\/568940"}],"wp:attachment":[{"href":"https:\/\/www.europesays.com\/fr\/wp-json\/wp\/v2\/media?parent=568939"}],"wp:term":[{"taxonomy":"category","embeddable":true,"href":"https:\/\/www.europesays.com\/fr\/wp-json\/wp\/v2\/categories?post=568939"},{"taxonomy":"post_tag","embeddable":true,"href":"https:\/\/www.europesays.com\/fr\/wp-json\/wp\/v2\/tags?post=568939"}],"curies":[{"name":"wp","href":"https:\/\/api.w.org\/{rel}","templated":true}]}}