{"id":568948,"date":"2025-11-30T13:46:33","date_gmt":"2025-11-30T13:46:33","guid":{"rendered":"https:\/\/www.europesays.com\/fr\/568948\/"},"modified":"2025-11-30T13:46:33","modified_gmt":"2025-11-30T13:46:33","slug":"le-tunnel-qui-va-revolutionner-le-transfert-entre-gare-du-nord-et-gare-de-lest","status":"publish","type":"post","link":"https:\/\/www.europesays.com\/fr\/568948\/","title":{"rendered":"Le tunnel qui va r\u00e9volutionner le transfert entre gare du Nord et gare de l&rsquo;Est"},"content":{"rendered":"<p class=\"article__intro\">Elles sont distantes de 600 m\u00e8tres. Il faut pr\u00e8s de 10 minutes \u00e0 pied pour relier la gare du Nord \u00e0 la gare de l&rsquo;Est. Pour r\u00e9duire ce temps de transfert, un tunnel est en cours de construction. Explications. <\/p>\n<p>\n      L\u2019actu des r\u00e9gions\n    <\/p>\n<p>\n      Chaque jour, un tour d\u2019horizon des principales infos de toutes les r\u00e9gions.\n    <\/p>\n<p>    France T\u00e9l\u00e9visions utilise votre adresse e-mail afin de vous envoyer la newsletter \u00ab\u00a0L\u2019actu des r\u00e9gions\u00a0\u00bb. Vous pouvez vous d\u00e9sinscrire \u00e0 tout moment via le lien en bas de cette newsletter. <a target=\"_blank\" href=\"https:\/\/www.francetelevisions.fr\/groupe\/confidentialite\/politique-de-confidentialite\/politique-de-confidentialite-de-france-televisions-6503\" rel=\"noopener\">Notre politique de confidentialit\u00e9<\/a><\/p>\n<p>La gare du Nord, avec ses 800 000 voyageurs par jour, se positionne comme la plus grosse d&rsquo;Europe en termes de trafic. \u00c0 seulement 600 m\u00e8tres de l\u00e0 se trouve la gare de l&rsquo;Est, elle aussi l&rsquo;une des plus fr\u00e9quent\u00e9es. Chaque jour, environ 150 000 voyageurs sont contraints de transiter entre ces deux hubs majeurs de la capitale, un parcours qui, jusqu&rsquo;\u00e0 pr\u00e9sent, se faisait uniquement en surface.<\/p>\n<p>Le trajet \u00e0 pied entre les deux gares a d\u00e9j\u00e0 \u00e9t\u00e9 am\u00e9lior\u00e9 gr\u00e2ce \u00e0 la pi\u00e9tonnisation de la rue d&rsquo;Alsace et l&rsquo;installation d&rsquo;escalators, permettant un raccourci. Malgr\u00e9 ces am\u00e9nagements, le passage d&rsquo;un quai \u00e0 l&rsquo;autre prend encore environ sept \u00e0 10 minutes en surface, au milieu des voitures et des v\u00e9los. Un parcours qui n&rsquo;est pas sans danger pour les voyageurs portant ou tra\u00eenant des valises.<\/p>\n<p>Pour fluidifier et acc\u00e9l\u00e9rer ce transit, une liaison souterraine est en cours de construction. Cette interconnexion reliera directement la gare de l&rsquo;Est \u00e0 la gare du Nord via la gare Magenta situ\u00e9e entre les deux. La travers\u00e9e souterraine sera tr\u00e8s courte, faisant \u00e0 peu pr\u00e8s 50 m\u00e8tres.<\/p>\n<p>L&rsquo;objectif est clair :<\/p>\n<blockquote class=\"ftvi_content_quote\">\n<p class=\"ftvi_citation_quote\">\u00abAujourd&rsquo;hui ce sera un raccourci en liaison souterraine, confortable aussi et en moins de cinq minutes qui rapprochera ces deux gares.\u00bb <\/p>\n<p>Elisabeth Mallet Directrice de projet SNCF Gares et Connexions<\/p><\/blockquote>\n<p>Ce tunnel est le premier \u00e0 \u00eatre creus\u00e9 entre les deux gares. En raison de sa longueur et de sa faible profondeur (il passe juste au-dessous des r\u00e9seaux, des \u00e9gouts et d&rsquo;immeubles dont il faut refaire les fondations), il ne permet pas l&#8217;emploi d&rsquo;un tunnelier. Le chantier est donc r\u00e9alis\u00e9 \u00e0 la machine et \u00e0 la main comme un travail d&rsquo;orf\u00e8vre : \u00ab Tous les matins, on arrive, on casse avec des marteaux-piqueurs qu&rsquo;on va mettre sur la pelle et ensuite derri\u00e8re, on va venir avec la pelle faire notre creusement et poser notre cintre pour consolider tout \u00e7a \u00bb explique Karim Ould Braham, ma\u00eetre d&rsquo;\u0153uvre travaux SNCF Gares et Connexions.<\/p>\n<blockquote class=\"twitter-tweet\">\n<p dir=\"ltr\" lang=\"fr\">On en parlait depuis des d\u00e9cennies : cette fois, les travaux sont bien lanc\u00e9s pour la liaison pi\u00e9tonne (en grande partie) souterraine entre Gare de L&rsquo;Est et Magenta &#8211; Gare du Nord. Ouverture pr\u00e9vue d\u00e9but 2027 <a href=\"https:\/\/t.co\/pfInJUwDrO\">pic.twitter.com\/pfInJUwDrO<\/a><\/p>\n<p>\u2014 AUT \/ FNAUT IDF (@Asso_usagersidf) <a href=\"https:\/\/twitter.com\/Asso_usagersidf\/status\/1927421107704897607?ref_src=twsrc%5Etfw\" target=\"_blank\" rel=\"noopener\">May 27, 2025<\/a><\/p><\/blockquote>\n<p>Le chantier a d\u00e9j\u00e0 atteint \u00e0 peu pr\u00e8s un tiers de son creusement. L&rsquo;ouverture de la liaison souterraine est pr\u00e9vue pour mars 2027, au m\u00eame moment que l&rsquo;arriv\u00e9e du Charles de Gaulle Express.<\/p>\n<p>\u25ba Les am\u00e9nagements des grandes gares franciliennes r\u00e9cemment finalis\u00e9s et \u00e0 venir sont \u00e0 d\u00e9couvrir dans Parigo ce samedi \u00e0 12 heures 35 sur France 3 Paris \u00cele-de-France, ou en replay sur\u00a0<a href=\"http:\/\/France.tv\/idf\" target=\"_blank\" rel=\"noopener\" data-tooltip-url=\"http:\/\/France.tv\/idf\">France.tv\/idf<\/a><\/p>\n<p>\u25ba Retrouvez Bertrand Lambert et ses invit\u00e9s : Arnaud Crolais, directeur des infrastructures IDFM et Amaury Lombard, directeur du projet \u00e0 SNCF Gares et Connexions.<\/p>\n<p>  <script async src=\"https:\/\/platform.twitter.com\/widgets.js\" charset=\"utf-8\"><\/script><\/p>\n","protected":false},"excerpt":{"rendered":"Elles sont distantes de 600 m\u00e8tres. Il faut pr\u00e8s de 10 minutes \u00e0 pied pour relier la gare&hellip;\n","protected":false},"author":2,"featured_media":568949,"comment_status":"","ping_status":"","sticky":false,"template":"","format":"standard","meta":{"footnotes":""},"categories":[1592],"tags":[1111,11,1777,674,1011,27,662,12,626,25],"class_list":{"0":"post-568948","1":"post","2":"type-post","3":"status-publish","4":"format-standard","5":"has-post-thumbnail","7":"category-ile-de-france","8":"tag-actu","9":"tag-actualites","10":"tag-eu","11":"tag-europe","12":"tag-fr","13":"tag-france","14":"tag-ile-de-france","15":"tag-news","16":"tag-paris","17":"tag-republique-francaise"},"share_on_mastodon":{"url":"https:\/\/pubeurope.com\/@fr\/115638959058227006","error":""},"_links":{"self":[{"href":"https:\/\/www.europesays.com\/fr\/wp-json\/wp\/v2\/posts\/568948","targetHints":{"allow":["GET"]}}],"collection":[{"href":"https:\/\/www.europesays.com\/fr\/wp-json\/wp\/v2\/posts"}],"about":[{"href":"https:\/\/www.europesays.com\/fr\/wp-json\/wp\/v2\/types\/post"}],"author":[{"embeddable":true,"href":"https:\/\/www.europesays.com\/fr\/wp-json\/wp\/v2\/users\/2"}],"replies":[{"embeddable":true,"href":"https:\/\/www.europesays.com\/fr\/wp-json\/wp\/v2\/comments?post=568948"}],"version-history":[{"count":0,"href":"https:\/\/www.europesays.com\/fr\/wp-json\/wp\/v2\/posts\/568948\/revisions"}],"wp:featuredmedia":[{"embeddable":true,"href":"https:\/\/www.europesays.com\/fr\/wp-json\/wp\/v2\/media\/568949"}],"wp:attachment":[{"href":"https:\/\/www.europesays.com\/fr\/wp-json\/wp\/v2\/media?parent=568948"}],"wp:term":[{"taxonomy":"category","embeddable":true,"href":"https:\/\/www.europesays.com\/fr\/wp-json\/wp\/v2\/categories?post=568948"},{"taxonomy":"post_tag","embeddable":true,"href":"https:\/\/www.europesays.com\/fr\/wp-json\/wp\/v2\/tags?post=568948"}],"curies":[{"name":"wp","href":"https:\/\/api.w.org\/{rel}","templated":true}]}}