{"id":568952,"date":"2025-11-30T13:48:09","date_gmt":"2025-11-30T13:48:09","guid":{"rendered":"https:\/\/www.europesays.com\/fr\/568952\/"},"modified":"2025-11-30T13:48:09","modified_gmt":"2025-11-30T13:48:09","slug":"paris-appels-a-linsurrection-et-a-la-lutte-armee-lors-dun-rassemblement-pro-palestinien","status":"publish","type":"post","link":"https:\/\/www.europesays.com\/fr\/568952\/","title":{"rendered":"Paris : Appels \u00c0 L\u2019insurrection Et \u00c0 La \u00ab\u00a0lutte Arm\u00e9e\u00a0\u00bb Lors D\u2019un Rassemblement Pro-palestinien"},"content":{"rendered":"<p class=\"\" data-is=\"component-paragraph\">Plusieurs appels \u00e0 la \u00ab\u00a0lutte\u00a0\u00bb et \u00e0 la \u00ab\u00a0r\u00e9sistance arm\u00e9e\u00a0\u00bb ont r\u00e9sonn\u00e9 dans les rues de Paris lors d\u2019un rassemblement de soutien au peuple palestinien, selon des vid\u00e9os diffus\u00e9es par le compte X \u00ab\u00a0Jug\u00e9 Coupable\u00a0\u00bb et corrobor\u00e9es par des images film\u00e9es par le m\u00e9dia Boulevard Voltaire. La manifestation, organis\u00e9e dans le cadre de la Journ\u00e9e internationale de solidarit\u00e9 avec la Palestine, a r\u00e9uni plusieurs collectifs et figures militantes qui ont multipli\u00e9 les d\u00e9clarations offensives \u00e0 l\u2019\u00e9gard d\u2019Isra\u00ebl et des autorit\u00e9s fran\u00e7aises.<\/p>\n<p class=\"\" data-is=\"component-paragraph\">Au cours du rassemblement, Elias Imzalene, poursuivi dans une affaire li\u00e9e \u00e0 des propos jug\u00e9s incendiaires, a lanc\u00e9 un appel \u00e0 la mobilisation devant le tribunal de Paris, o\u00f9 il doit \u00eatre jug\u00e9 les 7 et 8 janvier prochains. Il affirme \u00eatre poursuivi \u00ab\u00a0pour avoir parl\u00e9 du g\u00e9nocide\u00a0\u00bb et \u00ab\u00a0appel\u00e9 \u00e0 la lib\u00e9ration de la Palestine\u00a0\u00bb. Il a ensuite promis que \u00ab\u00a0J\u00e9rusalem sera lib\u00e9r\u00e9 et deviendra la capitale du monde musulman et de tous les r\u00e9volutionnaires\u00a0\u00bb, galvanisant les manifestants par des appels r\u00e9p\u00e9t\u00e9s \u00e0 la \u00ab\u00a0r\u00e9sistance\u00a0\u00bb.<\/p>\n<p class=\"\" data-is=\"component-paragraph\">La foule scandait des slogans sans ambigu\u00eft\u00e9. Parmi eux : \u00ab\u00a0Vive la lutte arm\u00e9e du peuple palestinien\u00a0\u00bb. Une s\u00e9quence relay\u00e9e par Boulevard Voltaire montre plusieurs participantes reprendre en ch\u0153ur ces mots, dans une ambiance o\u00f9 les r\u00e9f\u00e9rences \u00e0 la confrontation directe avec Isra\u00ebl \u00e9taient omnipr\u00e9sentes.<\/p>\n<p><img alt=\"Video poster\" class=\"video-poster\" data-is=\"lazy-image\" data-observed-item-id=\"https:\/\/api.i24news.tv\/fr\/brightcove\/6385529695112\/poster\"\/>Antis\u00e9mitisme en France: un professeur de Lyon 2 veut boycotter des soutiens d&rsquo;Isra\u00ebl<\/p>\n<p class=\"\" data-is=\"component-paragraph\">Sur une autre vid\u00e9o, Omar Alsoumi, cofondateur et porte-parole du collectif Urgence Palestine, actuellement poursuivi pour apologie du terrorisme, s\u2019exprime au micro : \u00ab\u00a0On va continuer de se battre pour la lib\u00e9ration de toute la Palestine, avec al-Quds [J\u00e9rusalem] comme capitale\u00a0\u00bb. Ces propos interviennent alors que son organisation fait l\u2019objet d\u2019une proc\u00e9dure de dissolution engag\u00e9e par les autorit\u00e9s fran\u00e7aises, qui l\u2019accusent de l\u00e9gitimer des actions violentes.<\/p>\n<p class=\"\" data-is=\"component-paragraph\">Un autre orateur du m\u00eame collectif va plus loin, affirmant qu\u2019\u00a0\u00bbun peuple occup\u00e9 par une arm\u00e9e \u00e9trang\u00e8re a le droit de r\u00e9sister, y compris par les armes\u00a0\u00bb. Il qualifie par ailleurs Isra\u00ebl de \u00ab\u00a0fascisme sioniste g\u00e9nocidaire\u00a0\u00bb et exhorte les manifestants \u00e0 ne pas \u00ab\u00a0se laisser faire\u00a0\u00bb, d\u00e9clenchant une salve d\u2019applaudissements.<\/p>\n<p class=\"\" data-is=\"component-paragraph\">Le cort\u00e8ge comprenait \u00e9galement des militants du mouvement BDS (boycott, d\u00e9sinvestissement, sanctions), dont les pancartes et banderoles appelaient au boycott d\u2019institutions \u00e9conomiques, culturelles et universitaires li\u00e9es \u00e0 Isra\u00ebl. Les vid\u00e9os diffus\u00e9es montrent un groupe compact, scandant des slogans hostiles \u00e0 l\u2019\u00c9tat h\u00e9breu et accusant l\u2019Occident de complicit\u00e9 dans ce qu\u2019ils qualifient de \u00ab\u00a0g\u00e9nocide\u00a0\u00bb.<\/p>\n","protected":false},"excerpt":{"rendered":"Plusieurs appels \u00e0 la \u00ab\u00a0lutte\u00a0\u00bb et \u00e0 la \u00ab\u00a0r\u00e9sistance arm\u00e9e\u00a0\u00bb ont r\u00e9sonn\u00e9 dans les rues de Paris lors&hellip;\n","protected":false},"author":2,"featured_media":440415,"comment_status":"","ping_status":"","sticky":false,"template":"","format":"standard","meta":{"footnotes":""},"categories":[1888],"tags":[1111,1928,11,1927,1777,674,1011,27,12,1926,626,1925,25],"class_list":{"0":"post-568952","1":"post","2":"type-post","3":"status-publish","4":"format-standard","5":"has-post-thumbnail","7":"category-paris","8":"tag-actu","9":"tag-actu-paris","10":"tag-actualites","11":"tag-actualites-paris","12":"tag-eu","13":"tag-europe","14":"tag-fr","15":"tag-france","16":"tag-news","17":"tag-news-paris","18":"tag-paris","19":"tag-paris-news","20":"tag-republique-francaise"},"share_on_mastodon":{"url":"https:\/\/pubeurope.com\/@fr\/115638966891664246","error":""},"_links":{"self":[{"href":"https:\/\/www.europesays.com\/fr\/wp-json\/wp\/v2\/posts\/568952","targetHints":{"allow":["GET"]}}],"collection":[{"href":"https:\/\/www.europesays.com\/fr\/wp-json\/wp\/v2\/posts"}],"about":[{"href":"https:\/\/www.europesays.com\/fr\/wp-json\/wp\/v2\/types\/post"}],"author":[{"embeddable":true,"href":"https:\/\/www.europesays.com\/fr\/wp-json\/wp\/v2\/users\/2"}],"replies":[{"embeddable":true,"href":"https:\/\/www.europesays.com\/fr\/wp-json\/wp\/v2\/comments?post=568952"}],"version-history":[{"count":0,"href":"https:\/\/www.europesays.com\/fr\/wp-json\/wp\/v2\/posts\/568952\/revisions"}],"wp:featuredmedia":[{"embeddable":true,"href":"https:\/\/www.europesays.com\/fr\/wp-json\/wp\/v2\/media\/440415"}],"wp:attachment":[{"href":"https:\/\/www.europesays.com\/fr\/wp-json\/wp\/v2\/media?parent=568952"}],"wp:term":[{"taxonomy":"category","embeddable":true,"href":"https:\/\/www.europesays.com\/fr\/wp-json\/wp\/v2\/categories?post=568952"},{"taxonomy":"post_tag","embeddable":true,"href":"https:\/\/www.europesays.com\/fr\/wp-json\/wp\/v2\/tags?post=568952"}],"curies":[{"name":"wp","href":"https:\/\/api.w.org\/{rel}","templated":true}]}}