{"id":568958,"date":"2025-11-30T13:52:53","date_gmt":"2025-11-30T13:52:53","guid":{"rendered":"https:\/\/www.europesays.com\/fr\/568958\/"},"modified":"2025-11-30T13:52:53","modified_gmt":"2025-11-30T13:52:53","slug":"guerre-en-ukraine-volodymyr-zelensky-de-nouveau-attendu-a-paris-ce-lundi-1er-decembre-que-vient-il-faire-en-france","status":"publish","type":"post","link":"https:\/\/www.europesays.com\/fr\/568958\/","title":{"rendered":"Guerre en Ukraine\u00a0: Volodymyr Zelensky de nouveau attendu \u00e0 Paris ce lundi 1er\u00a0d\u00e9cembre, que vient-il faire en France\u00a0?"},"content":{"rendered":"<p>\n                                                                D\u00e9cembre va d\u00e9buter avec une nouvelle rencontre entre Emmanuel Macron et Volodymyr Zelensky, \u00e0 Paris, ce lundi. Que vient faire le pr\u00e9sident ukrainien en France\u00a0?\n                            <\/p>\n<p><strong>Nouvelle rencontre Macron-Zelensky<\/strong>, ce lundi 1er\u00a0d\u00e9cembre. Les pr\u00e9sidents fran\u00e7ais et ukrainien <strong>se verront \u00e0 Paris\u00a0<\/strong>: dans quel but le second se d\u00e9place-t-il en France\u00a0?<\/p>\n<p>\u00ab\u00a0Les conditions d\u2019une paix juste et durable\u00a0\u00bb<\/p>\n<p><strong>Emmanuel Macron <\/strong>recevra lundi \u00e0 Paris son homologue ukrainien<strong> Volodymyr Zelensky<\/strong> alors qu\u2019une \u00e9quipe<strong> de n\u00e9gociateurs ukrainiens<\/strong> est partie pour les \u00c9tats-Unis afin de discuter du plan am\u00e9ricain visant \u00e0 <strong>mettre fin au conflit avec la Russie<\/strong>. \u00ab\u00a0Les deux dirigeants \u00e9changeront sur la situation et sur les conditions <strong>d\u2019une paix juste et durable<\/strong>, dans la continuit\u00e9 des<strong> discussions de Gen\u00e8ve <\/strong>et du plan am\u00e9ricain et d\u2019une concertation \u00e9troite avec nos partenaires europ\u00e9ens\u00a0\u00bb, a indiqu\u00e9 la pr\u00e9sidence fran\u00e7aise. \u00ab\u00a0Ils feront \u00e9galement le point sur le travail engag\u00e9 sur les garanties de s\u00e9curit\u00e9 dans le cadre de la coalition des volontaires\u00a0\u00bb, a-t-elle ajout\u00e9.<\/p>\n<p>\u00ab\u00a0Vladimir Poutine doit accepter le cessez-le-feu\u00a0\u00bb<\/p>\n<p>Les \u00c9tats-Unis ont pr\u00e9sent\u00e9 r\u00e9cemment <strong>un nouveau plan pour mettre fin au conflit <\/strong>d\u00e9clench\u00e9 par l\u2019offensive russe contre l\u2019Ukraine en f\u00e9vrier\u00a02022, qu\u2019ils cherchent \u00e0 finaliser avec l\u2019approbation des bellig\u00e9rants, mais <strong>Kiev craint d\u2019\u00eatre contraint de faire d\u2019importantes concessions<\/strong> en \u00e9change de la paix. \u00ab\u00a0<strong>Vladimir Poutine doit accepter<\/strong> le cessez-le-feu ou se r\u00e9soudre \u00e0 exposer la Russie \u00e0 de nouvelles sanctions qui \u00e9puiseront son \u00e9conomie, ainsi qu\u2019au soutien redoubl\u00e9 <strong>des Europ\u00e9ens \u00e0 l\u2019Ukraine<\/strong>\u00ab\u00a0, pr\u00e9vient Jean-No\u00ebl Barrot, le ministre fran\u00e7ais des Affaires \u00e9trang\u00e8res, dans un entretien \u00e0 la Tribune Dimanche.<\/p>\n<p>Alors que le pr\u00e9sident russe<strong> conteste la l\u00e9gitimit\u00e9 de son homologue ukrainien<\/strong>, Jean-No\u00ebl Barrot rappelle que Volodymyr Zelensky \u00ab\u00a0a \u00e9t\u00e9 \u00e9lu dans des \u00e9lections ouvertes, transparentes et d\u00e9mocratiques, <strong>ce qui n\u2019est pas le cas <\/strong>de Vladimir Poutine\u00a0\u00bb. \u00ab\u00a0C\u2019est la guerre que le pr\u00e9sident russe a <strong>choisi de livrer<\/strong> qui emp\u00eache l\u2019Ukraine de proc\u00e9der \u00e0 des \u00e9lections. Quant aux affaires de corruption, elles doivent \u00eatre<strong> trait\u00e9es par les institutions comp\u00e9tentes<\/strong>, sans interf\u00e9rence avec le processus de paix\u00a0\u00bb, a-t-il estim\u00e9. Volodymyr Zelensky \u00ab\u00a0dispose de toute la l\u00e9gitimit\u00e9 pour conduire l\u2019Ukraine vers la paix\u00a0\u00bb, a-t-il ajout\u00e9.<\/p>\n<p>Tensions toujours vives<\/p>\n<p>Kiev a \u00e9t\u00e9 la cible dans la nuit de vendredi \u00e0 samedi<strong> d\u2019une nouvelle attaque de drones russes,<\/strong> quelques heures apr\u00e8s que Volodymyr Zelensky a <strong>limog\u00e9 son chef de cabinet, Andri\u00ef Iermak<\/strong>, bras droit extr\u00eamement influent, \u00e0 la suite d\u2019une enqu\u00eate anticorruption. De son c\u00f4t\u00e9, l\u2019Ukraine a revendiqu\u00e9 des frappes contre deux p\u00e9troliers de la flotte fant\u00f4me qui permet au Kremlin de <strong>contourner les sanctions occidentales.<\/strong><\/p>\n<p>A Paris, le pr\u00e9sident ukrainien sera accompagn\u00e9 de la Premi\u00e8re Dame,<strong> Olena Zelenska<\/strong>, qui participera \u00e0 un \u00e9v\u00e9nement autour de l\u2019initiative \u00ab\u00a0Bring kids back\u00a0\u00bb (\u00ab\u00a0ramenez les enfants\u00a0\u00bb) qu\u2019elle parraine. Cette initiative \u00ab\u00a0a permis de ramener <strong>pr\u00e8s de 2\u00a0000 enfants ukrainiens <\/strong>arrach\u00e9s \u00e0 leur famille par la Russie\u00a0\u00bb, souligne le ministre fran\u00e7ais.<\/p>\n","protected":false},"excerpt":{"rendered":"D\u00e9cembre va d\u00e9buter avec une nouvelle rencontre entre Emmanuel Macron et Volodymyr Zelensky, \u00e0 Paris, ce lundi. Que&hellip;\n","protected":false},"author":2,"featured_media":568959,"comment_status":"","ping_status":"","sticky":false,"template":"","format":"standard","meta":{"footnotes":""},"categories":[1590],"tags":[11,1777,674,12,220],"class_list":{"0":"post-568958","1":"post","2":"type-post","3":"status-publish","4":"format-standard","5":"has-post-thumbnail","7":"category-ukraine","8":"tag-actualites","9":"tag-eu","10":"tag-europe","11":"tag-news","12":"tag-ukraine"},"share_on_mastodon":{"url":"https:\/\/pubeurope.com\/@fr\/115638986568174484","error":""},"_links":{"self":[{"href":"https:\/\/www.europesays.com\/fr\/wp-json\/wp\/v2\/posts\/568958","targetHints":{"allow":["GET"]}}],"collection":[{"href":"https:\/\/www.europesays.com\/fr\/wp-json\/wp\/v2\/posts"}],"about":[{"href":"https:\/\/www.europesays.com\/fr\/wp-json\/wp\/v2\/types\/post"}],"author":[{"embeddable":true,"href":"https:\/\/www.europesays.com\/fr\/wp-json\/wp\/v2\/users\/2"}],"replies":[{"embeddable":true,"href":"https:\/\/www.europesays.com\/fr\/wp-json\/wp\/v2\/comments?post=568958"}],"version-history":[{"count":0,"href":"https:\/\/www.europesays.com\/fr\/wp-json\/wp\/v2\/posts\/568958\/revisions"}],"wp:featuredmedia":[{"embeddable":true,"href":"https:\/\/www.europesays.com\/fr\/wp-json\/wp\/v2\/media\/568959"}],"wp:attachment":[{"href":"https:\/\/www.europesays.com\/fr\/wp-json\/wp\/v2\/media?parent=568958"}],"wp:term":[{"taxonomy":"category","embeddable":true,"href":"https:\/\/www.europesays.com\/fr\/wp-json\/wp\/v2\/categories?post=568958"},{"taxonomy":"post_tag","embeddable":true,"href":"https:\/\/www.europesays.com\/fr\/wp-json\/wp\/v2\/tags?post=568958"}],"curies":[{"name":"wp","href":"https:\/\/api.w.org\/{rel}","templated":true}]}}