{"id":568974,"date":"2025-11-30T14:01:22","date_gmt":"2025-11-30T14:01:22","guid":{"rendered":"https:\/\/www.europesays.com\/fr\/568974\/"},"modified":"2025-11-30T14:01:22","modified_gmt":"2025-11-30T14:01:22","slug":"sous-la-pluie-rhone-vallees-et-saint-cyr-collonges-se-neutralisent-suivez-la-rencontre","status":"publish","type":"post","link":"https:\/\/www.europesays.com\/fr\/568974\/","title":{"rendered":"sous la pluie, Rh\u00f4ne Vall\u00e9es et Saint-Cyr\/Collonges se neutralisent&#8230; Suivez la rencontre"},"content":{"rendered":"<p>&#13;<br \/>\n                                                    En direct&#13;<br \/>\n                        &#13;\n                                            <\/p>\n<p>Apr\u00e8s avoir \u00e9limin\u00e9 Grasse (N2), Rh\u00f4ne Vall\u00e9es se d\u00e9place \u00e0 Saint-Cyr-au-Mont-d&rsquo;Or ce dimanche \u00e0 13h30 pour le compte du 8e tour de Coupe de France.\u00a0Face au dernier de leur groupe de R1, qui n&rsquo;a plus gagn\u00e9 depuis la 2e journ\u00e9e en championnat, les Pouzinois ont l&rsquo;occasion de se qualifier en 32e de finale, stade o\u00f9 les clubs de Ligue 1 entrent en comp\u00e9tition. Suivez la rencontre.<\/p>\n<p>&#13;<br \/>\n              Le Dauphin\u00e9 Lib\u00e9r\u00e9  &#8211; &#13;<br \/>\n        &#13;<br \/>\n          Aujourd&rsquo;hui \u00e0 14:52&#13;<br \/>\n    &#13;<br \/>\n                  | mis \u00e0 jour aujourd&rsquo;hui \u00e0 14:55&#13;<br \/>\n              &#8211; Temps de lecture : &#13;<br \/>\n  &#13;<\/p>\n","protected":false},"excerpt":{"rendered":"&#13; En direct&#13; &#13; Apr\u00e8s avoir \u00e9limin\u00e9 Grasse (N2), Rh\u00f4ne Vall\u00e9es se d\u00e9place \u00e0 Saint-Cyr-au-Mont-d&rsquo;Or ce dimanche \u00e0&hellip;\n","protected":false},"author":2,"featured_media":568975,"comment_status":"","ping_status":"","sticky":false,"template":"","format":"standard","meta":{"footnotes":""},"categories":[4],"tags":[11,4646,15922,3545,4645,107,1701,63,1011,27,62026,6148,12,25,2429,517,1947,6149],"class_list":{"0":"post-568974","1":"post","2":"type-post","3":"status-publish","4":"format-standard","5":"has-post-thumbnail","7":"category-france","8":"tag-actualites","9":"tag-ardeche","10":"tag-coupe-de-france-de-football","11":"tag-direct-sport","12":"tag-edition-aubenas-privas-vallee-du-rhone","13":"tag-fil-info","14":"tag-fil-info-sport","15":"tag-football","16":"tag-fr","17":"tag-france","18":"tag-la-voulte-sur-rhone","19":"tag-le-pouzin","20":"tag-news","21":"tag-republique-francaise","22":"tag-rhone","23":"tag-sport","24":"tag-sport-national","25":"tag-vallee-de-louveze"},"share_on_mastodon":{"url":"https:\/\/pubeurope.com\/@fr\/115639018081062211","error":""},"_links":{"self":[{"href":"https:\/\/www.europesays.com\/fr\/wp-json\/wp\/v2\/posts\/568974","targetHints":{"allow":["GET"]}}],"collection":[{"href":"https:\/\/www.europesays.com\/fr\/wp-json\/wp\/v2\/posts"}],"about":[{"href":"https:\/\/www.europesays.com\/fr\/wp-json\/wp\/v2\/types\/post"}],"author":[{"embeddable":true,"href":"https:\/\/www.europesays.com\/fr\/wp-json\/wp\/v2\/users\/2"}],"replies":[{"embeddable":true,"href":"https:\/\/www.europesays.com\/fr\/wp-json\/wp\/v2\/comments?post=568974"}],"version-history":[{"count":0,"href":"https:\/\/www.europesays.com\/fr\/wp-json\/wp\/v2\/posts\/568974\/revisions"}],"wp:featuredmedia":[{"embeddable":true,"href":"https:\/\/www.europesays.com\/fr\/wp-json\/wp\/v2\/media\/568975"}],"wp:attachment":[{"href":"https:\/\/www.europesays.com\/fr\/wp-json\/wp\/v2\/media?parent=568974"}],"wp:term":[{"taxonomy":"category","embeddable":true,"href":"https:\/\/www.europesays.com\/fr\/wp-json\/wp\/v2\/categories?post=568974"},{"taxonomy":"post_tag","embeddable":true,"href":"https:\/\/www.europesays.com\/fr\/wp-json\/wp\/v2\/tags?post=568974"}],"curies":[{"name":"wp","href":"https:\/\/api.w.org\/{rel}","templated":true}]}}