{"id":56898,"date":"2025-04-27T13:24:10","date_gmt":"2025-04-27T13:24:10","guid":{"rendered":"https:\/\/www.europesays.com\/fr\/56898\/"},"modified":"2025-04-27T13:24:10","modified_gmt":"2025-04-27T13:24:10","slug":"mende-accueille-lorchestre-national-de-montpellier-occitanie","status":"publish","type":"post","link":"https:\/\/www.europesays.com\/fr\/56898\/","title":{"rendered":"Mende accueille l&rsquo;orchestre national de Montpellier Occitanie"},"content":{"rendered":"<p>\n\t\t\t\t\tL&rsquo;orchestre national de Montpellier Occitanie se d\u00e9place \u00e0 Mende pour faire d\u00e9couvrir au public l&rsquo;univers de la musique classique.\t\t\t\t<\/p>\n<p>Le samedi <strong>26 avril 2025, \u00e0 20 h 30<\/strong>, le th\u00e9\u00e2tre de <strong><a href=\"https:\/\/infoccitanie.fr\/tag\/mende\/\" target=\"_blank\" rel=\"noreferrer noopener nofollow\">Mende<\/a> en <a href=\"https:\/\/infoccitanie.fr\/tag\/lozere\/\" target=\"_blank\" rel=\"noreferrer noopener nofollow\">Loz\u00e8re<\/a> <\/strong>accueille l\u2019Orchestre national Montpellier Occitanie, sous la direction de Dorota Anderszewska.<\/p>\n<p>L\u2019objectif de cet \u00e9v\u00e9nement est de renforcer l\u2019offre culturelle de la ville de Mende en offrant une soir\u00e9e musicale de haut niveau. Ainsi, les cibles de cet \u00e9v\u00e9nement sont aussi bien les amateurs de musique classique que ceux souhaitant d\u00e9couvrir l\u2019univers orchestral de la musique.<\/p>\n<p>3 \u0153uvres sont au programme<\/p>\n<p>Les \u0153uvres pr\u00e9sent\u00e9es couvrent diff\u00e9rentes p\u00e9riodes musicales, pour offrir une vari\u00e9t\u00e9 qui peut plaire \u00e0 un large public. La venue de l\u2019Orchestre national Montpellier Occitanie dans une ville comme Mende semble donc s\u2019inscrire dans une volont\u00e9 de rendre la musique classique accessible au-del\u00e0 des grandes m\u00e9tropoles.<\/p>\n<p>Le programme comprend trois \u0153uvres :<\/p>\n<ul class=\"wp-block-list\">\n<li><strong>Sinfonia Romana<\/strong> de S\u00e1ndor Szokolay, inspir\u00e9e des th\u00e8mes gr\u00e9goriens, cherchant \u00e0 m\u00ealer traditions liturgiques et modernit\u00e9.<\/li>\n<li><strong>Stabat Mater<\/strong> de Pergol\u00e8se, une composition baroque pour deux voix solistes accompagn\u00e9es d\u2019un ensemble de cordes et basse.<\/li>\n<li><strong>Symphonie concertante<\/strong> de Haydn, compos\u00e9e lors de son voyage \u00e0 Londres en 1792, qui se veut plus \u00ab\u00a0spirituelle\u00a0\u00bb.<\/li>\n<\/ul>\n<p>D\u2019une dur\u00e9e de 1 h 20, le concert est ouvert \u00e0 tous. Par ailleurs, le prix des places disponibles est entre 10 et 14 \u20ac. Les r\u00e9servations peuvent se faire <a href=\"https:\/\/theatredemende.vostickets.fr\/Billet\/FR\/representation-THEATRE_MENDE-28211-0.wb?REFID=vTk%24AAAAAADyAA\" target=\"_blank\" rel=\"nofollow noreferrer noopener\">en ligne ici<\/a>. Vous pouvez aussi r\u00e9server \u00e0 l\u2019Office de tourisme situ\u00e9e sur la Place du Foirail.<\/p>\n","protected":false},"excerpt":{"rendered":"L&rsquo;orchestre national de Montpellier Occitanie se d\u00e9place \u00e0 Mende pour faire d\u00e9couvrir au public l&rsquo;univers de la musique&hellip;\n","protected":false},"author":2,"featured_media":56899,"comment_status":"","ping_status":"","sticky":false,"template":"","format":"standard","meta":{"footnotes":""},"categories":[9599],"tags":[1111,11,1777,674,1011,27,15237,2208,12,2680,15238,25],"class_list":{"0":"post-56898","1":"post","2":"type-post","3":"status-publish","4":"format-standard","5":"has-post-thumbnail","7":"category-montpellier","8":"tag-actu","9":"tag-actualites","10":"tag-eu","11":"tag-europe","12":"tag-fr","13":"tag-france","14":"tag-mende","15":"tag-montpellier","16":"tag-news","17":"tag-occitanie","18":"tag-orchestre-national-de-montpellier","19":"tag-republique-francaise"},"share_on_mastodon":{"url":"https:\/\/pubeurope.com\/@fr\/114410151155825009","error":""},"_links":{"self":[{"href":"https:\/\/www.europesays.com\/fr\/wp-json\/wp\/v2\/posts\/56898","targetHints":{"allow":["GET"]}}],"collection":[{"href":"https:\/\/www.europesays.com\/fr\/wp-json\/wp\/v2\/posts"}],"about":[{"href":"https:\/\/www.europesays.com\/fr\/wp-json\/wp\/v2\/types\/post"}],"author":[{"embeddable":true,"href":"https:\/\/www.europesays.com\/fr\/wp-json\/wp\/v2\/users\/2"}],"replies":[{"embeddable":true,"href":"https:\/\/www.europesays.com\/fr\/wp-json\/wp\/v2\/comments?post=56898"}],"version-history":[{"count":0,"href":"https:\/\/www.europesays.com\/fr\/wp-json\/wp\/v2\/posts\/56898\/revisions"}],"wp:featuredmedia":[{"embeddable":true,"href":"https:\/\/www.europesays.com\/fr\/wp-json\/wp\/v2\/media\/56899"}],"wp:attachment":[{"href":"https:\/\/www.europesays.com\/fr\/wp-json\/wp\/v2\/media?parent=56898"}],"wp:term":[{"taxonomy":"category","embeddable":true,"href":"https:\/\/www.europesays.com\/fr\/wp-json\/wp\/v2\/categories?post=56898"},{"taxonomy":"post_tag","embeddable":true,"href":"https:\/\/www.europesays.com\/fr\/wp-json\/wp\/v2\/tags?post=56898"}],"curies":[{"name":"wp","href":"https:\/\/api.w.org\/{rel}","templated":true}]}}