{"id":568988,"date":"2025-11-30T14:12:21","date_gmt":"2025-11-30T14:12:21","guid":{"rendered":"https:\/\/www.europesays.com\/fr\/568988\/"},"modified":"2025-11-30T14:12:21","modified_gmt":"2025-11-30T14:12:21","slug":"cyrille-delorme-raconte-sa-passion-de-la-photographie-animaliere","status":"publish","type":"post","link":"https:\/\/www.europesays.com\/fr\/568988\/","title":{"rendered":"Cyrille Delorme raconte sa passion de la photographie animali\u00e8re"},"content":{"rendered":"<p>\u00ab\u00a0Il pourrait y avoir la tentation d\u2019aller \u00e0 l\u2019\u00e9tranger, <a target=\"_self\" href=\"https:\/\/www.lanouvellerepublique.fr\/romorantin\/un-photographe-de-romorantin-passionne-de-grands-fauves-1747223807\" rel=\"noopener\">de prendre en photo des animaux que je ne vois pas ici\u2026<\/a> Ceci dit, moi, j\u2019aime raconter des histoires et j\u2019ai beaucoup plus de choses \u00e0 partager sur un lieu que je connais bien et pratique quotidiennement que sur un \u00e9pisode d\u2019aff\u00fbt.\u00a0\u00bb Cyrille Delorme est clair\u00a0: son terrain de jeu, c\u2019est la Sologne. L\u2019endroit dont il est tomb\u00e9 amoureux, \u00e0 l\u2019\u00e2ge de 8\u00a0ans, \u00e0 travers les photos d\u2019Andr\u00e9 Fatras\u00a0; o\u00f9 il est revenu d\u00e8s la fin de ses \u00e9tudes, \u00e0 28\u00a0ans, jusqu\u2019\u00e0, enfin, s\u2019installer \u00e0 Saint-Vi\u00e2tre, commune depuis laquelle il explore la nature \u00e0 l\u2019aff\u00fbt d\u2019animaux \u00e0 photographier. \u00ab\u00a0J\u2019ai tout fait pour venir en Sologne\u00a0\u00bb, assure-t-il&#8230;. <\/p>\n<p>    Cet article a \u00e9t\u00e9 tronqu\u00e9. Abonnez-vous pour lire l&rsquo;article complet sur notre site.<\/p>\n<p style=\"margin: 0 !important; padding: 0 !important; font-size: 12px !important;\">Cet article a \u00e9t\u00e9 tronqu\u00e9. Abonnez-vous pour lire l&rsquo;article complet.<\/p>\n<p>    <a href=\"https:\/\/www.lanouvellerepublique.fr\/abonnements\" style=\"display: inline-block; margin-top: 5px !important; padding: 6px 12px !important; background: #cb1c27; color: white; text-decoration: none; border-radius: 4px; font-size: 12px !important;\" target=\"_blank\" rel=\"noopener\"><br \/>\n      S&rsquo;abonner<br \/>\n    <\/a><\/p>\n","protected":false},"excerpt":{"rendered":"\u00ab\u00a0Il pourrait y avoir la tentation d\u2019aller \u00e0 l\u2019\u00e9tranger, de prendre en photo des animaux que je ne&hellip;\n","protected":false},"author":2,"featured_media":568989,"comment_status":"","ping_status":"","sticky":false,"template":"","format":"standard","meta":{"footnotes":""},"categories":[1358],"tags":[1392,1867,1348,1384,1385,1386,58,59,1011,27,60751,4368,1393,68406],"class_list":{"0":"post-568988","1":"post","2":"type-post","3":"status-publish","4":"format-standard","5":"has-post-thumbnail","7":"category-arts-et-design","8":"tag-a-la-une-local","9":"tag-animaux","10":"tag-arts","11":"tag-arts-and-design","12":"tag-arts-et-design","13":"tag-design","14":"tag-divertissement","15":"tag-entertainment","16":"tag-fr","17":"tag-france","18":"tag-lamotte-beuvron","19":"tag-loir-et-cher","20":"tag-loisirs","21":"tag-saint-viatre"},"share_on_mastodon":{"url":"https:\/\/pubeurope.com\/@fr\/115639061251961436","error":""},"_links":{"self":[{"href":"https:\/\/www.europesays.com\/fr\/wp-json\/wp\/v2\/posts\/568988","targetHints":{"allow":["GET"]}}],"collection":[{"href":"https:\/\/www.europesays.com\/fr\/wp-json\/wp\/v2\/posts"}],"about":[{"href":"https:\/\/www.europesays.com\/fr\/wp-json\/wp\/v2\/types\/post"}],"author":[{"embeddable":true,"href":"https:\/\/www.europesays.com\/fr\/wp-json\/wp\/v2\/users\/2"}],"replies":[{"embeddable":true,"href":"https:\/\/www.europesays.com\/fr\/wp-json\/wp\/v2\/comments?post=568988"}],"version-history":[{"count":0,"href":"https:\/\/www.europesays.com\/fr\/wp-json\/wp\/v2\/posts\/568988\/revisions"}],"wp:featuredmedia":[{"embeddable":true,"href":"https:\/\/www.europesays.com\/fr\/wp-json\/wp\/v2\/media\/568989"}],"wp:attachment":[{"href":"https:\/\/www.europesays.com\/fr\/wp-json\/wp\/v2\/media?parent=568988"}],"wp:term":[{"taxonomy":"category","embeddable":true,"href":"https:\/\/www.europesays.com\/fr\/wp-json\/wp\/v2\/categories?post=568988"},{"taxonomy":"post_tag","embeddable":true,"href":"https:\/\/www.europesays.com\/fr\/wp-json\/wp\/v2\/tags?post=568988"}],"curies":[{"name":"wp","href":"https:\/\/api.w.org\/{rel}","templated":true}]}}