{"id":568990,"date":"2025-11-30T14:14:17","date_gmt":"2025-11-30T14:14:17","guid":{"rendered":"https:\/\/www.europesays.com\/fr\/568990\/"},"modified":"2025-11-30T14:14:17","modified_gmt":"2025-11-30T14:14:17","slug":"audiences-3-mois-apres-la-rentree-quel-bilan-pour-les-versions-rallongees-de-bonjour-sur-tf1-et-telematin-sur-france-2","status":"publish","type":"post","link":"https:\/\/www.europesays.com\/fr\/568990\/","title":{"rendered":"Audiences : 3 mois apr\u00e8s la rentr\u00e9e, quel bilan pour les versions rallong\u00e9es de \u00ab\u00a0Bonjour !\u00a0\u00bb sur TF1 et \u00ab\u00a0T\u00e9l\u00e9matin\u00a0\u00bb sur France 2 ?"},"content":{"rendered":"<p>La suite apr\u00e8s la publicit\u00e9<\/p>\n<p>L&rsquo;\u00e9quilibre n&rsquo;a pas \u00e9t\u00e9 boulevers\u00e9. Trois mois apr\u00e8s la rentr\u00e9e, <strong>Purem\u00e9dias <\/strong>analyse les audiences des deux matinales t\u00e9l\u00e9 les plus regard\u00e9es de France. L&rsquo;ind\u00e9boulonnable \u00ab\u00a0T\u00e9l\u00e9matin\u00a0\u00bb, qui r\u00e9veille les t\u00e9l\u00e9spectateurs de France 2 depuis 1985, et sa concurrente \u00ab\u00a0Bonjour !\u00a0\u00bb, lanc\u00e9e par TF1 en janvier 2024. Depuis cette saison, les deux \u00e9missions <a href=\"https:\/\/www.ozap.com\/actu\/face-a-la-montee-en-puissance-de-bonjour-sur-tf1-france-2-rallonge-aussi-telematin-a-la-rentree\/651161\" target=\"_blank\" rel=\"noopener\">ont \u00e9t\u00e9 rallong\u00e9es<\/a> et se terminent chacune peu avant 10 heures. Elles commencent revanche \u00e0 des horaires diff\u00e9rents : peu avant 6h30 pour \u00ab\u00a0T\u00e9l\u00e9matin\u00a0\u00bb et peu avant 7h pour \u00ab\u00a0Bonjour !\u00a0\u00bb.\u00a0<\/p>\n<p>Pr\u00e8s de 200.000 t\u00e9l\u00e9spectateurs d&rsquo;\u00e9cart en moyenne<\/p>\n<p>Sur sa tranche horaire, celle de France 2 garde largement l&rsquo;avantage, en ayant r\u00e9uni du lundi au vendredi une moyenne de <strong>591.000<\/strong> fid\u00e8les depuis le 1er septembre, date de la prise d&rsquo;antenne du nouveau bin\u00f4me d&rsquo;animateurs <a href=\"https:\/\/www.ozap.com\/actu\/telematin-flavie-flament-et-julien-arnaud-evinces-maya-lauque-et-damien-thevenot-nouveau-tandem-semaine-de-la-matinale-de-france-2\/650712\" target=\"_blank\" rel=\"noopener\">Maya Lauqu\u00e9 et Damien Th\u00e9venot<\/a>. Cela correspond \u00e0 une part d&rsquo;audience moyenne de <strong>20,6%.<\/strong> Pour rappel, du vendredi au dimanche, la matinale de la Deux est incarn\u00e9e par Samuel Ollivier et M\u00e9lanie Taravant.<\/p>\n<p>Sur TF1, \u00ab\u00a0Bonjour !\u00a0\u00bb, anim\u00e9e depuis ses d\u00e9buts par <a href=\"https:\/\/www.ozap.com\/personnalite\/bruce-toussaint_e1277\" target=\"_blank\" rel=\"noopener\">Bruce Toussaint<\/a>, continue sa mont\u00e9e en puissance et a rassembl\u00e9 chaque matin entre le 25 ao\u00fbt et le 27 novembre en moyenne <strong>386.000<\/strong> t\u00e9l\u00e9spectateurs, ce qui repr\u00e9sente <strong>12,8%<\/strong> de l&rsquo;ensemble du public. \u00c0 noter qu&rsquo;en janvier prochain, la matinale de la Une <a href=\"https:\/\/www.ozap.com\/actu\/bonjour-rallonge-dune-heure-en-2026-apres-larret-du-teleshopping-sur-tf1-christophe-beaugrand-choisi-pour-animer-la-derniere-partie\/652531\" target=\"_blank\" rel=\"noopener\">durera jusqu&rsquo;\u00e0 11h<\/a>, case jusque-l\u00e0 occup\u00e9e par le \u00ab\u00a0T\u00e9l\u00e9shopping\u00a0\u00bb qui s&rsquo;arr\u00eatera \u00e0 la fin de l&rsquo;ann\u00e9e apr\u00e8s 38 ans d&rsquo;existence. Une derni\u00e8re tranche qui sera assur\u00e9e par Christophe Beaugrand, d\u00e9j\u00e0 chroniqueur dans l&rsquo;\u00e9mission d&rsquo;accueil de TF1.<\/p>\n<p>Compte tenu de leur dur\u00e9e plus longue, il est difficile de comparer les audiences de ces deux programmes sur un an. \u00c0 titre indicatif n\u00e9anmoins, \u00ab\u00a0Bonjour !\u00a0\u00bb avait rassembl\u00e9 297.000 t\u00e9l\u00e9spectateurs du 26 ao\u00fbt au 29 novembre 2024 entre 6h54 et 9h30, son pr\u00e9c\u00e9dent horaire, soit 9,6% du public. \u00c0 la m\u00eame p\u00e9riode, ils \u00e9taient 686.000 \u00e0 d\u00e9buter la journ\u00e9e devant \u00ab\u00a0T\u00e9l\u00e9matin\u00a0\u00bb (23,5% du public) entre 6h28 et 9h30.<\/p>\n<p><strong>Le classement des matinales info (par \u00e9mission) entre le 25 ao\u00fbt et le 25 septembre 2025 (lundi au vendredi)* :<\/strong><\/p>\n<p>1. France 2 &#8211; \u00ab\u00a0T\u00e9l\u00e9matin\u00a0\u00bb (6h28-9h52 depuis le 1er septembre 2025) : 590.000 t\u00e9l\u00e9spectateurs (20,5% du public)<br \/>2. TF1 &#8211; \u00ab\u00a0Bonjour !\u00a0\u00bb (6h54-9h57) : 390.000 t\u00e9l\u00e9spectateurs (12,7% du public)<br \/>3. CNews &#8211; \u00ab\u00a0La matinale\u00a0\u00bb(6h-9h) : 270.000 t\u00e9l\u00e9spectateurs (10,9% du public)<br \/>4. BFMTV &#8211; \u00ab\u00a0BFM Premi\u00e8re\u00a0\u00bb (6h-8h33) : 250.000 t\u00e9l\u00e9spectateurs (10,7% du public)<br \/>5. LCI &#8211; \u00ab\u00a0La matinale LCI\u00a0\u00bb (6h-9h) : 140.000 t\u00e9l\u00e9spectateurs (5,6% du public)<br \/>6. Franceinfo &#8211; \u00ab\u00a0La matinale franceinfo\u00a0\u00bb (6h29-8h33) : 110.000 t\u00e9l\u00e9spectateurs (4,1% du public)<br \/>7. RMC Story &#8211; \u00ab\u00a0Apolline Matin\u00a0\u00bb (6h58-8h29) : 90.000 t\u00e9l\u00e9spectateurs (3,1% du public)<br \/>8. France 3 &#8211; \u00ab\u00a0Ici matin\u00a0\u00bb (6h28-8h58) : 70.000 t\u00e9l\u00e9spectateurs (2,4% du public)<\/p>\n<p>*\u00c0 l&rsquo;exception de \u00ab\u00a0T\u00e9l\u00e9matin\u00a0\u00bb dont la nouvelle saison a d\u00e9but\u00e9 le 1er septembre 2025<\/p>\n","protected":false},"excerpt":{"rendered":"La suite apr\u00e8s la publicit\u00e9 L&rsquo;\u00e9quilibre n&rsquo;a pas \u00e9t\u00e9 boulevers\u00e9. Trois mois apr\u00e8s la rentr\u00e9e, Purem\u00e9dias analyse les&hellip;\n","protected":false},"author":2,"featured_media":568991,"comment_status":"","ping_status":"","sticky":false,"template":"","format":"standard","meta":{"footnotes":""},"categories":[1356],"tags":[58,59,1011,27,252,1364],"class_list":{"0":"post-568990","1":"post","2":"type-post","3":"status-publish","4":"format-standard","5":"has-post-thumbnail","7":"category-television","8":"tag-divertissement","9":"tag-entertainment","10":"tag-fr","11":"tag-france","12":"tag-television","13":"tag-tv"},"share_on_mastodon":{"url":"https:\/\/pubeurope.com\/@fr\/115639069278301744","error":""},"_links":{"self":[{"href":"https:\/\/www.europesays.com\/fr\/wp-json\/wp\/v2\/posts\/568990","targetHints":{"allow":["GET"]}}],"collection":[{"href":"https:\/\/www.europesays.com\/fr\/wp-json\/wp\/v2\/posts"}],"about":[{"href":"https:\/\/www.europesays.com\/fr\/wp-json\/wp\/v2\/types\/post"}],"author":[{"embeddable":true,"href":"https:\/\/www.europesays.com\/fr\/wp-json\/wp\/v2\/users\/2"}],"replies":[{"embeddable":true,"href":"https:\/\/www.europesays.com\/fr\/wp-json\/wp\/v2\/comments?post=568990"}],"version-history":[{"count":0,"href":"https:\/\/www.europesays.com\/fr\/wp-json\/wp\/v2\/posts\/568990\/revisions"}],"wp:featuredmedia":[{"embeddable":true,"href":"https:\/\/www.europesays.com\/fr\/wp-json\/wp\/v2\/media\/568991"}],"wp:attachment":[{"href":"https:\/\/www.europesays.com\/fr\/wp-json\/wp\/v2\/media?parent=568990"}],"wp:term":[{"taxonomy":"category","embeddable":true,"href":"https:\/\/www.europesays.com\/fr\/wp-json\/wp\/v2\/categories?post=568990"},{"taxonomy":"post_tag","embeddable":true,"href":"https:\/\/www.europesays.com\/fr\/wp-json\/wp\/v2\/tags?post=568990"}],"curies":[{"name":"wp","href":"https:\/\/api.w.org\/{rel}","templated":true}]}}