{"id":568994,"date":"2025-11-30T14:16:21","date_gmt":"2025-11-30T14:16:21","guid":{"rendered":"https:\/\/www.europesays.com\/fr\/568994\/"},"modified":"2025-11-30T14:16:21","modified_gmt":"2025-11-30T14:16:21","slug":"lequel-des-5-films-a-ete-le-plus-vu-au-cinema-voici-le-classement","status":"publish","type":"post","link":"https:\/\/www.europesays.com\/fr\/568994\/","title":{"rendered":"Lequel des 5 films a \u00e9t\u00e9 le plus vu au cin\u00e9ma ? Voici le classement"},"content":{"rendered":"<p>Un pour tous, tous pour Tuche ! Voil\u00e0 pr\u00e8s de quinze ans d\u00e9j\u00e0 que Jeff, Cathy et leurs enfants se sont impos\u00e9s dans le coeur des Fran\u00e7ais. Il faut dire que depuis le premier volet, sorti en salles en 2011, <a href=\"https:\/\/www.programme-tv.net\/news\/cinema\/172628-les-tuche-tf1-la-ville-de-bouzolles-existe-t-elle-vraiment-video\/\" data-api-deeplink=\"teleloisirs:\/\/news\/172628\" target=\"_blank\" rel=\"noopener\">la famille originaire de Bouzolles<\/a> n&rsquo;a pas cess\u00e9 de vivre des aventures plus dingues les unes que les autres. Un petit tour du c\u00f4t\u00e9 des \u00c9tats-Unis dans Les Tuche 2, <a href=\"https:\/\/www.programme-tv.net\/news\/cinema\/370752-ou-a-ete-tourne-les-tuche-2-le-reve-americain\/\" data-api-deeplink=\"teleloisirs:\/\/news\/370752\" target=\"_blank\" rel=\"noopener\">tourn\u00e9 en grande partie sur les lieux de l&rsquo;action<\/a>, un s\u00e9jour \u00e0 l&rsquo;\u00c9lys\u00e9e dans leur troisi\u00e8me aventure, <a href=\"https:\/\/www.programme-tv.net\/news\/cinema\/317849-les-tuche-3-tf1-ce-lien-etonnant-entre-le-film-et-la-saga-hunger-games\/\" data-api-deeplink=\"teleloisirs:\/\/news\/317849\" target=\"_blank\" rel=\"noopener\">qui entretient un lien \u00e9tonnant avec la saga Hunger Games<\/a>, on en passe et des meilleurs. Mais alors que Les Tuche 4 est diffus\u00e9 ce dimanche 30 novembre 2025, \u00e0 21h10, sur TF1, les fans se demandent certainement quel film de la franchise a attir\u00e9 le plus de spectateurs au cin\u00e9ma. Voici le classement des films Tuche en salles.<\/p>\n<p>Dans Les Tuche 4, <a href=\"https:\/\/vhttps:\/\/www.programme-tv.net\/news\/cinema\/289378-etant-dyslexique-ces-difficultes-rencontrees-par-isabelle-nanty-pour-se-dedoubler-dans-les-tuche-4\/\">pour lequel Isabelle Nanty incarne deux personnages<\/a>, Jeff a quitt\u00e9 la Pr\u00e9sidence de la R\u00e9publique, lass\u00e9 par les exigences du poste, et retrouve sa vie de famille. Pour les f\u00eates de fin d&rsquo;ann\u00e9e, souhaitant faire plaisir \u00e0 Cathy, il doit composer avec Jean-Yves, son beau-fr\u00e8re qu&rsquo;il d\u00e9teste. Par\u00e9e de ses plus beaux pulls de No\u00ebl, la c\u00e9l\u00e8bre famille pimente cette tendre com\u00e9die aux accents magiques. M\u00eame s&rsquo;il a \u00e9t\u00e9 <a href=\"https:\/\/www.programme-tv.net\/news\/cinema\/341575-les-tuche-4-deuxieme-plus-gros-succes-francais-au-box-office-en-2021\/\" data-api-deeplink=\"teleloisirs:\/\/news\/341575\" target=\"_blank\" rel=\"noopener\">le deuxi\u00e8me plus gros succ\u00e8s de l&rsquo;ann\u00e9e 2021 au box-office hexagonal<\/a>, ce quatri\u00e8me volet n&rsquo;est pas celui qui a attir\u00e9 le plus de spectateurs en salles. Si l&rsquo;on se concentre sur la seule fr\u00e9quentation, le meilleur Tuche, celui qui a le plus mobilis\u00e9 les fans, est Les Tuche 3. Sorti en salles en janvier 2018,<b> le film a cumul\u00e9 5,6 millions de spectateurs<\/b>. De quoi devenir <a href=\"https:\/\/www.programme-tv.net\/news\/cinema\/371287-les-tuche-3-plus-gros-succes-francais-au-cinema-en-2018\/\" data-api-deeplink=\"teleloisirs:\/\/news\/371287\" target=\"_blank\" rel=\"noopener\">la production fran\u00e7aise la plus vue de l&rsquo;ann\u00e9e<\/a>, seulement devanc\u00e9e au box-office annuel par Les Indestructibles 2. Suivent Les Tuche 2 (4,6 millions de fans en 2016), God save the Tuche, le dernier \u00e9pisode en date de la saga, <a href=\"https:\/\/www.programme-tv.net\/news\/cinema\/390445-god-save-the-tuche-pourquoi-le-film-est-il-dedie-a-michel-blanc\/\" data-api-deeplink=\"teleloisirs:\/\/news\/390445\" target=\"_blank\" rel=\"noopener\">d\u00e9di\u00e9 \u00e0 Michel Blanc<\/a> (2,9 millions de spectateurs en 2025), Les Tuche 4 donc (2,4 millions d&rsquo;aficionados) et enfin la toute premi\u00e8re aventure de Jeff et Cathy, devenue culte au fil de ses diffusions sur le petit \u00e9cran, mais qui n&rsquo;avait mobilis\u00e9 que 1,5 millions de personnes en 2011.<\/p>\n<p>            Y aura-t-il un Tuche 6 ?<\/p>\n<p>Depuis la sortie de God save the Tuche d\u00e9but 2025, les fans sont en attente d&rsquo;un \u00e9ventuel sixi\u00e8me film. En f\u00e9vrier 2025, Jean-Paul Rouve, interpr\u00e8te de Jeff Tuche et r\u00e9alisateur du cinqui\u00e8me volet, <b>s&rsquo;\u00e9tait r\u00e9v\u00e9l\u00e9 enthousiaste <\/b>au micro de nos confr\u00e8res du <a href=\"https:\/\/www.leparisien.fr\/culture-loisirs\/cinema\/les-tuche-on-aimerait-tous-etre-un-peu-comme-eux-jean-paul-rouve-se-confie-a-nos-lecteurs-01-02-2025-BIHWRITATNF57NXTTQRRH5KAFA.php\" target=\"_blank\" rel=\"noopener\">Parisien<\/a>, avec m\u00eame <a href=\"https:\/\/www.programme-tv.net\/news\/cinema\/392248-les-tuche-6-jean-paul-rouve-est-pour-et-a-une-idee-originale-pour-la-suite\/\" data-api-deeplink=\"teleloisirs:\/\/news\/392248\" target=\"_blank\" rel=\"noopener\">des id\u00e9es pour le moins originales<\/a>. L&rsquo;acteur et metteur en sc\u00e8ne devra cependant attendre qu&rsquo;Isabelle Nanty (Cathy Tuche) se remette <a href=\"https:\/\/www.programme-tv.net\/news\/people\/387544-isabelle-nanty-l-actrice-des-tuche-victime-dun-grave-accident-de-la-route\/\" data-api-deeplink=\"teleloisirs:\/\/news\/387544\" target=\"_blank\" rel=\"noopener\">du grave accident de la route dont elle a \u00e9t\u00e9 victime<\/a> en septembre 2025.<\/p>\n","protected":false},"excerpt":{"rendered":"Un pour tous, tous pour Tuche ! Voil\u00e0 pr\u00e8s de quinze ans d\u00e9j\u00e0 que Jeff, Cathy et leurs&hellip;\n","protected":false},"author":2,"featured_media":568995,"comment_status":"","ping_status":"","sticky":false,"template":"","format":"standard","meta":{"footnotes":""},"categories":[1354],"tags":[2080,244,58,59,1346,1011,27,11403,1629,68430,68429,5517,1360],"class_list":{"0":"post-568994","1":"post","2":"type-post","3":"status-publish","4":"format-standard","5":"has-post-thumbnail","7":"category-films","8":"tag-box-office","9":"tag-commentaire","10":"tag-divertissement","11":"tag-entertainment","12":"tag-films","13":"tag-fr","14":"tag-france","15":"tag-isabelle-nanty","16":"tag-jean-paul-rouve","17":"tag-les-tuche-4","18":"tag-les-tuche-4-169118435","19":"tag-les-tuche","20":"tag-movies"},"share_on_mastodon":{"url":"https:\/\/pubeurope.com\/@fr\/115639077004602335","error":""},"_links":{"self":[{"href":"https:\/\/www.europesays.com\/fr\/wp-json\/wp\/v2\/posts\/568994","targetHints":{"allow":["GET"]}}],"collection":[{"href":"https:\/\/www.europesays.com\/fr\/wp-json\/wp\/v2\/posts"}],"about":[{"href":"https:\/\/www.europesays.com\/fr\/wp-json\/wp\/v2\/types\/post"}],"author":[{"embeddable":true,"href":"https:\/\/www.europesays.com\/fr\/wp-json\/wp\/v2\/users\/2"}],"replies":[{"embeddable":true,"href":"https:\/\/www.europesays.com\/fr\/wp-json\/wp\/v2\/comments?post=568994"}],"version-history":[{"count":0,"href":"https:\/\/www.europesays.com\/fr\/wp-json\/wp\/v2\/posts\/568994\/revisions"}],"wp:featuredmedia":[{"embeddable":true,"href":"https:\/\/www.europesays.com\/fr\/wp-json\/wp\/v2\/media\/568995"}],"wp:attachment":[{"href":"https:\/\/www.europesays.com\/fr\/wp-json\/wp\/v2\/media?parent=568994"}],"wp:term":[{"taxonomy":"category","embeddable":true,"href":"https:\/\/www.europesays.com\/fr\/wp-json\/wp\/v2\/categories?post=568994"},{"taxonomy":"post_tag","embeddable":true,"href":"https:\/\/www.europesays.com\/fr\/wp-json\/wp\/v2\/tags?post=568994"}],"curies":[{"name":"wp","href":"https:\/\/api.w.org\/{rel}","templated":true}]}}