{"id":568998,"date":"2025-11-30T14:19:13","date_gmt":"2025-11-30T14:19:13","guid":{"rendered":"https:\/\/www.europesays.com\/fr\/568998\/"},"modified":"2025-11-30T14:19:13","modified_gmt":"2025-11-30T14:19:13","slug":"lyon-la-saintelyon-endeuillee-par-le-deces-dun-coureur-de-59-ans-a-2-km-de-larrivee","status":"publish","type":"post","link":"https:\/\/www.europesays.com\/fr\/568998\/","title":{"rendered":"Lyon. La Saint\u00e9Lyon endeuill\u00e9e par le d\u00e9c\u00e8s d\u2019un coureur de 59 ans, \u00e0 2 km de l\u2019arriv\u00e9e"},"content":{"rendered":"<p>La 71e \u00e9dition de la mythique course nocturne de trail Saint\u00e9Lyon, qui relie la cit\u00e9 st\u00e9phanoise \u00e0 la capitale des Gaules, a \u00e9t\u00e9 marqu\u00e9e peu apr\u00e8s 2 heures du matin par le d\u00e9c\u00e8s d\u2019un participant. Un coureur, sportif r\u00e9gulier, d\u2019origine alsacienne a en effet \u00e9t\u00e9 pris d\u2019un malaise, alors qu\u2019il se trouvait dans le dernier tron\u00e7on, sur les quais de La Mulati\u00e8re.<\/p>\n<p>L\u2019homme, dont le d\u00e9c\u00e8s a \u00e9t\u00e9 confirm\u00e9 de source polici\u00e8re, se trouvait \u00e0 2 kilom\u00e8tres \u00e0 peine de la ligne d\u2019arriv\u00e9e lorsqu\u2019il s\u2019est effondr\u00e9. Il n\u2019a malheureusement pas pu \u00eatre r\u00e9anim\u00e9 par les sapeurs-pompiers et le Smur (structure mobile d\u2019urgence et de r\u00e9animation), qui l\u2019ont pris en charge.<\/p>\n<p>L\u2019intervention a suscit\u00e9 des r\u00e9actions sur les r\u00e9seaux sociaux de la part de plusieurs coureurs engag\u00e9s, qui se sont inqui\u00e9t\u00e9s au vu du dispositif de secours d\u00e9ploy\u00e9 au c\u0153ur de la nuit.<\/p>\n<p>  \u00ab\u00a0La personne qui courait derri\u00e8re lui \u00e9tait un infirmier\u00a0\u00bb<\/p>\n<p>Le coureur d\u00e9c\u00e9d\u00e9, qui \u00e9tait \u00e2g\u00e9 de 59 ans et dont le neveu \u00e9tait aussi engag\u00e9 sur le parcours, faisait partie des <a href=\"https:\/\/www.leprogres.fr\/sport\/2025\/11\/29\/20-000-participants-17-000-sur-la-liste-d-attente-les-chiffres-fous-de-la-71e-saintelyon\" target=\"_blank\" rel=\"noopener\">20\u00a0000 participants<\/a> engag\u00e9s au global cette ann\u00e9e sur la Saint\u00e9Lyon et ses diff\u00e9rents formats. Il avait opt\u00e9 pour la Saint\u00e9Sprint, une course qui se court sur 24 kilom\u00e8tres. \u00ab\u00a0La personne qui courait derri\u00e8re lui \u00e9tait un infirmier, qui travaille souvent avec le prestataire qui travaille pour nous, il lui a prodigu\u00e9 les premiers soins. Et les secours, le Smur, sont intervenus tr\u00e8s rapidement\u00a0\u00bb, t\u00e9moigne un membre de l\u2019organisation.<\/p>\n<p>\u00ab\u00a0Nous avons vu une personne \u00e0 terre face au sol nous avons voulu l&rsquo;aider \u00e0 se relever mais cette personne n&rsquo;\u00e9tait pas consciente\u00a0\u00bb, t\u00e9moigne aupr\u00e8s du Progr\u00e8s une participante de la Saint\u00e9Sprint. \u00ab\u00a0Nous sommes rest\u00e9s jusqu&rsquo;\u00e0 l&rsquo;arriv\u00e9e de secours puis nous avons repris notre parcours pour finir notre course. Nous l&rsquo;avions mis en PLS, appel\u00e9 les secours, pratiqu\u00e9 le massage cardiaque.\u00a0\u00bb<\/p>\n<p>C\u2019est la premi\u00e8re fois que la Saint\u00e9Lyon est concern\u00e9e par le d\u00e9c\u00e8s d\u2019un participant. Une enqu\u00eate d\u00e9c\u00e8s a \u00e9t\u00e9 ouverte par les services de police.<\/p>\n","protected":false},"excerpt":{"rendered":"La 71e \u00e9dition de la mythique course nocturne de trail Saint\u00e9Lyon, qui relie la cit\u00e9 st\u00e9phanoise \u00e0 la&hellip;\n","protected":false},"author":2,"featured_media":568999,"comment_status":"","ping_status":"","sticky":false,"template":"","format":"standard","meta":{"footnotes":""},"categories":[9],"tags":[119,2757,3153,3154,274,107,1011,27,329,3367,2428,2756,2429,7135,4001,64376,517,60,6187],"class_list":{"0":"post-568998","1":"post","2":"type-post","3":"status-publish","4":"format-standard","5":"has-post-thumbnail","7":"category-sports","8":"tag-accident","9":"tag-edition-lyon-villeurbanne","10":"tag-edition-ouest-lyonnais","11":"tag-edition-sud-lyonnais","12":"tag-faits-divers-justice","13":"tag-fil-info","14":"tag-fr","15":"tag-france","16":"tag-france-monde","17":"tag-loire","18":"tag-lyon","19":"tag-lyon-bassin","20":"tag-rhone","21":"tag-running","22":"tag-saint-etienne","23":"tag-saintelyon","24":"tag-sport","25":"tag-sports","26":"tag-trail"},"share_on_mastodon":{"url":"https:\/\/pubeurope.com\/@fr\/115639088967468328","error":""},"_links":{"self":[{"href":"https:\/\/www.europesays.com\/fr\/wp-json\/wp\/v2\/posts\/568998","targetHints":{"allow":["GET"]}}],"collection":[{"href":"https:\/\/www.europesays.com\/fr\/wp-json\/wp\/v2\/posts"}],"about":[{"href":"https:\/\/www.europesays.com\/fr\/wp-json\/wp\/v2\/types\/post"}],"author":[{"embeddable":true,"href":"https:\/\/www.europesays.com\/fr\/wp-json\/wp\/v2\/users\/2"}],"replies":[{"embeddable":true,"href":"https:\/\/www.europesays.com\/fr\/wp-json\/wp\/v2\/comments?post=568998"}],"version-history":[{"count":0,"href":"https:\/\/www.europesays.com\/fr\/wp-json\/wp\/v2\/posts\/568998\/revisions"}],"wp:featuredmedia":[{"embeddable":true,"href":"https:\/\/www.europesays.com\/fr\/wp-json\/wp\/v2\/media\/568999"}],"wp:attachment":[{"href":"https:\/\/www.europesays.com\/fr\/wp-json\/wp\/v2\/media?parent=568998"}],"wp:term":[{"taxonomy":"category","embeddable":true,"href":"https:\/\/www.europesays.com\/fr\/wp-json\/wp\/v2\/categories?post=568998"},{"taxonomy":"post_tag","embeddable":true,"href":"https:\/\/www.europesays.com\/fr\/wp-json\/wp\/v2\/tags?post=568998"}],"curies":[{"name":"wp","href":"https:\/\/api.w.org\/{rel}","templated":true}]}}