{"id":569004,"date":"2025-11-30T14:22:24","date_gmt":"2025-11-30T14:22:24","guid":{"rendered":"https:\/\/www.europesays.com\/fr\/569004\/"},"modified":"2025-11-30T14:22:24","modified_gmt":"2025-11-30T14:22:24","slug":"jai-utilise-ce-combleur-de-rides-instantane-sur-une-seule-moitie-de-mon-visage-et-voici-le-resultat","status":"publish","type":"post","link":"https:\/\/www.europesays.com\/fr\/569004\/","title":{"rendered":"j\u2019ai utilis\u00e9 ce combleur de rides instantan\u00e9 sur une seule moiti\u00e9 de mon visage et voici le r\u00e9sultat"},"content":{"rendered":"<p>S\u2019il existe une grande diversit\u00e9 de <a href=\"https:\/\/www.mariefrance.fr\/beaute\/creme-vendue-pharmacie-reduit-rides-elue-meilleur-produit-bio-2024-919683.html\" target=\"_blank\" rel=\"noopener\">produits anti-\u00e2ge<\/a> sur le march\u00e9<br \/>\nde la beaut\u00e9, force est de constater que tous ne se valent pas\u2026 et<br \/>\nque les cosm\u00e9tiques les plus chers ne sont pas toujours les plus<br \/>\nefficaces ! Les r\u00e9sultats bluffants de cette petite p\u00e9pite sign\u00e9e<br \/>\n<a href=\"https:\/\/www.mariefrance.fr\/beaute\/cheveux\/je-suis-journaliste-beaute-voici-meilleure-facon-utiliser-creme-bleue-nivea-sur-cheveux-761893.html\" target=\"_blank\" rel=\"noopener\">Nivea<\/a> en sont<br \/>\nla preuve.<\/p>\n<p>Lanc\u00e9 en 2023, ce <strong>combleur de rides<\/strong>\u00a0a d\u00e9j\u00e0<br \/>\nsu faire ses preuves. Ultra-performant, ce s\u00e9rum cibl\u00e9 promet de<br \/>\nr\u00e9duire visiblement l\u2019apparence <strong><a href=\"https:\/\/www.mariefrance.fr\/beaute\/1000-pots-creme-anti-rides-acide-hyaluronique-vendent-chaque-jour-monde-913288.html\" target=\"_blank\" rel=\"noopener\">des rides et des<br \/>\nridules<\/a><\/strong> en 5 minutes \u00e0 peine ! Mieux encore, apr\u00e8s<br \/>\nseulement 2 semaines d\u2019utilisation, les rides sont<br \/>\ncombl\u00e9es.\u00a0<\/p>\n<p>Adieu les rides, ce soin anti-\u00e2ge sign\u00e9 Nivea agit en 5 minutes<br \/>\nseulement<\/p>\n<p>En ce qui concerne les plis les plus tenaces qui se dessinent<br \/>\nsur la peau, ce soin miracle promet une r\u00e9duction de 50 % au bout<br \/>\nde 4 semaines. Si de tels r\u00e9sultats sont possibles, c\u2019est bien s\u00fbr<br \/>\ngr\u00e2ce aux actifs qui composent la formule du <a href=\"https:\/\/www.nivea.fr\/produits\/soin-q10-anti-rides-expert-combleur-rides-cible-40059009722170040.html\" target=\"_blank\" rel=\"nofollow noopener sponsored\">Combleur Rides<br \/>\nInstantan\u00e9 Q10 de Nivea<\/a>.<\/p>\n<p>Parmi les ingr\u00e9dients capables d\u2019agir imm\u00e9diatement sur les<br \/>\nrides et les ridules, on retrouve notamment du silicone, des actifs<br \/>\ntenseurs et repulpants \u00e0 l\u2019effet instantan\u00e9, ainsi que des pigments<br \/>\nSoft Focus l\u00e9g\u00e8rement teint\u00e9s, qui se chargent d\u2019apporter<br \/>\ndu glow au visage en r\u00e9fl\u00e9chissant la lumi\u00e8re.<\/p>\n<p><img loading=\"lazy\" decoding=\"async\" itemprop=\"thumbnailUrl\" class=\"size-medium wp-image-1063907 img-responsive aligncenter\" src=\"https:\/\/www.europesays.com\/fr\/wp-content\/uploads\/2025\/11\/2-2-10-680x383.jpg\" alt=\"\" width=\"680\" height=\"383\"\/> \u00a9<br \/>\nShutterstock<\/p>\n<p>J&rsquo;ai test\u00e9 le c\u00e9l\u00e8bre combleur de rides de Nivea sur une seule<br \/>\npartie de mon visage<\/p>\n<p>Apr\u00e8s l&rsquo;avoir test\u00e9 sur une seule partie de mon visage,<br \/>\n<strong>j&rsquo;ai \u00e9t\u00e9 bluff\u00e9e<\/strong> par les r\u00e9sultats instantan\u00e9s de<br \/>\nce soin r\u00e9volutionnaire. La diff\u00e9rence <strong>entre les deux<br \/>\nmoiti\u00e9s de mon visage<\/strong> \u00e9tait flagrante : l\u00e0 o\u00f9 j\u2019avais<br \/>\nappliqu\u00e9 le s\u00e9rum, ma peau paraissait imm\u00e9diatement plus lisse et<br \/>\nles ridules att\u00e9nu\u00e9es, tandis que l\u2019autre c\u00f4t\u00e9 restait inchang\u00e9. Ce<br \/>\ncontraste m\u2019a vraiment convaincue de <strong>l\u2019efficacit\u00e9 du<br \/>\nproduit<\/strong> ! Facile \u00e0 int\u00e9grer \u00e0 la routine, ce soin est<br \/>\ndevenu mon alli\u00e9 incontournable pour un coup d&rsquo;\u00e9clat express avant<br \/>\nune journ\u00e9e importante ou une soir\u00e9e.<\/p>\n<p>Preuve de son efficacit\u00e9, le Combleur Rides Instantan\u00e9 Q10 a \u00e9t\u00e9<br \/>\n\u00e9lu \u201c<strong>Produit de l\u2019Ann\u00e9e 2024<\/strong>\u201d par un jury<br \/>\nde consommateurs. Chaque ann\u00e9e, depuis plus de 35 ans maintenant,<br \/>\ncette distinction r\u00e9compense les nouveaut\u00e9s les plus appr\u00e9ci\u00e9es du<br \/>\ngrand public. Ce s\u00e9rum magique en fait partie !\u00a0<\/p>\n<p><img loading=\"lazy\" decoding=\"async\" class=\"size-medium wp-image-1142752 img-responsive aligncenter\" src=\"https:\/\/www.europesays.com\/fr\/wp-content\/uploads\/2025\/11\/design-sans-titre-6-1-680x383.jpg\" alt=\"\" width=\"680\" height=\"383\"\/> \u00a9 Nivea<\/p>\n<p>Nivea : que se cache-t-il derri\u00e8re<br \/>\nl&rsquo;efficacit\u00e9 \u00e0 long-terme ce combleur de rides \u00e0 moins de 12 euros<br \/>\n?<\/p>\n<p>Du c\u00f4t\u00e9 des actifs gr\u00e2ce auxquels les r\u00e9sultats perdurent sur le<br \/>\nlong-terme, le <strong>Combleur Rides Instantan\u00e9 Q10<\/strong> est<br \/>\nriche en Co-Enzyme Q10 &#8211; ingr\u00e9dient phare de la marque &#8211; aux<br \/>\npropri\u00e9t\u00e9s antioxydantes, ou encore en peptides Bioxifill qui<br \/>\nactivent la production naturelle de collag\u00e8ne.<\/p>\n<p>La bonne nouvelle, c\u2019est que le <strong>Combleur Rides<br \/>\nInstantan\u00e9 Q10 de<\/strong> <strong>Nivea<\/strong> est<br \/>\nvendu au prix de 11,90 euros en supermarch\u00e9. Un prix mini par<br \/>\nrapport \u00e0 d\u2019autres cosm\u00e9tiques de ce type et pas moins d\u2019efficacit\u00e9<br \/>\n(si ce n\u2019est plus !), que demander de plus ? \u00c0 vous le visage<br \/>\n\u00e9clatant de jeunesse et repulp\u00e9 !<\/p>\n<p><img loading=\"lazy\" decoding=\"async\" class=\"size-medium wp-image-1063906 img-responsive aligncenter\" src=\"https:\/\/www.europesays.com\/fr\/wp-content\/uploads\/2025\/11\/1-2-6-680x383.jpg\" alt=\"\" width=\"680\" height=\"383\"\/> \u00a9<br \/>\nShutterstock<\/p>\n","protected":false},"excerpt":{"rendered":"S\u2019il existe une grande diversit\u00e9 de produits anti-\u00e2ge sur le march\u00e9 de la beaut\u00e9, force est de constater&hellip;\n","protected":false},"author":2,"featured_media":569005,"comment_status":"","ping_status":"","sticky":false,"template":"","format":"standard","meta":{"footnotes":""},"categories":[6],"tags":[48766,35,33,34,1011,27,49034,6055],"class_list":{"0":"post-569004","1":"post","2":"type-post","3":"status-publish","4":"format-standard","5":"has-post-thumbnail","7":"category-economie","8":"tag-anti-rides","9":"tag-business","10":"tag-economie","11":"tag-economy","12":"tag-fr","13":"tag-france","14":"tag-nivea","15":"tag-republishing"},"share_on_mastodon":{"url":"https:\/\/pubeurope.com\/@fr\/115639101778213450","error":""},"_links":{"self":[{"href":"https:\/\/www.europesays.com\/fr\/wp-json\/wp\/v2\/posts\/569004","targetHints":{"allow":["GET"]}}],"collection":[{"href":"https:\/\/www.europesays.com\/fr\/wp-json\/wp\/v2\/posts"}],"about":[{"href":"https:\/\/www.europesays.com\/fr\/wp-json\/wp\/v2\/types\/post"}],"author":[{"embeddable":true,"href":"https:\/\/www.europesays.com\/fr\/wp-json\/wp\/v2\/users\/2"}],"replies":[{"embeddable":true,"href":"https:\/\/www.europesays.com\/fr\/wp-json\/wp\/v2\/comments?post=569004"}],"version-history":[{"count":0,"href":"https:\/\/www.europesays.com\/fr\/wp-json\/wp\/v2\/posts\/569004\/revisions"}],"wp:featuredmedia":[{"embeddable":true,"href":"https:\/\/www.europesays.com\/fr\/wp-json\/wp\/v2\/media\/569005"}],"wp:attachment":[{"href":"https:\/\/www.europesays.com\/fr\/wp-json\/wp\/v2\/media?parent=569004"}],"wp:term":[{"taxonomy":"category","embeddable":true,"href":"https:\/\/www.europesays.com\/fr\/wp-json\/wp\/v2\/categories?post=569004"},{"taxonomy":"post_tag","embeddable":true,"href":"https:\/\/www.europesays.com\/fr\/wp-json\/wp\/v2\/tags?post=569004"}],"curies":[{"name":"wp","href":"https:\/\/api.w.org\/{rel}","templated":true}]}}