{"id":569008,"date":"2025-11-30T14:24:18","date_gmt":"2025-11-30T14:24:18","guid":{"rendered":"https:\/\/www.europesays.com\/fr\/569008\/"},"modified":"2025-11-30T14:24:18","modified_gmt":"2025-11-30T14:24:18","slug":"cest-un-crachat-a-la-figure-a-ivry-melissandre-victime-de-viol-denonce-le-soutien-delus-a-son-agresseur","status":"publish","type":"post","link":"https:\/\/www.europesays.com\/fr\/569008\/","title":{"rendered":"\u00ab\u00a0C\u2019est un crachat \u00e0 la figure\u00a0\u00bb\u00a0: \u00e0 Ivry, M\u00e9lissandre, victime de viol, d\u00e9nonce le soutien d\u2019\u00e9lus \u00e0 son agresseur"},"content":{"rendered":"<p class=\"paragraph text_align_left lp-f-body-02\">D\u00e9but novembre, la trentenaire, ancienne responsable du Mouvement des jeunes communistes du Val-de-Marne, a fait face \u00e0 son agresseur devant la cour d\u2019assises de Cr\u00e9teil. Il a \u00e9t\u00e9 condamn\u00e9 \u00e0 cinq ans de prison, dont deux ans ferme, pour l\u2019avoir viol\u00e9e entre le 26 et 28 juillet 2016, mais aussi pour avoir commis le m\u00eame type d\u2019agression sur une seconde jeune femme. Jalys C. n\u2019a pas fait appel, sa condamnation est donc d\u00e9finitive.<\/p>\n","protected":false},"excerpt":{"rendered":"D\u00e9but novembre, la trentenaire, ancienne responsable du Mouvement des jeunes communistes du Val-de-Marne, a fait face \u00e0 son&hellip;\n","protected":false},"author":2,"featured_media":569009,"comment_status":"","ping_status":"","sticky":false,"template":"","format":"standard","meta":{"footnotes":""},"categories":[4],"tags":[11,118,1011,27,1944,12,25,1125],"class_list":{"0":"post-569008","1":"post","2":"type-post","3":"status-publish","4":"format-standard","5":"has-post-thumbnail","7":"category-france","8":"tag-actualites","9":"tag-faits-divers","10":"tag-fr","11":"tag-france","12":"tag-ma-ville","13":"tag-news","14":"tag-republique-francaise","15":"tag-val-de-marne"},"share_on_mastodon":{"url":"https:\/\/pubeurope.com\/@fr\/115639108638949425","error":""},"_links":{"self":[{"href":"https:\/\/www.europesays.com\/fr\/wp-json\/wp\/v2\/posts\/569008","targetHints":{"allow":["GET"]}}],"collection":[{"href":"https:\/\/www.europesays.com\/fr\/wp-json\/wp\/v2\/posts"}],"about":[{"href":"https:\/\/www.europesays.com\/fr\/wp-json\/wp\/v2\/types\/post"}],"author":[{"embeddable":true,"href":"https:\/\/www.europesays.com\/fr\/wp-json\/wp\/v2\/users\/2"}],"replies":[{"embeddable":true,"href":"https:\/\/www.europesays.com\/fr\/wp-json\/wp\/v2\/comments?post=569008"}],"version-history":[{"count":0,"href":"https:\/\/www.europesays.com\/fr\/wp-json\/wp\/v2\/posts\/569008\/revisions"}],"wp:featuredmedia":[{"embeddable":true,"href":"https:\/\/www.europesays.com\/fr\/wp-json\/wp\/v2\/media\/569009"}],"wp:attachment":[{"href":"https:\/\/www.europesays.com\/fr\/wp-json\/wp\/v2\/media?parent=569008"}],"wp:term":[{"taxonomy":"category","embeddable":true,"href":"https:\/\/www.europesays.com\/fr\/wp-json\/wp\/v2\/categories?post=569008"},{"taxonomy":"post_tag","embeddable":true,"href":"https:\/\/www.europesays.com\/fr\/wp-json\/wp\/v2\/tags?post=569008"}],"curies":[{"name":"wp","href":"https:\/\/api.w.org\/{rel}","templated":true}]}}