{"id":569032,"date":"2025-11-30T14:38:17","date_gmt":"2025-11-30T14:38:17","guid":{"rendered":"https:\/\/www.europesays.com\/fr\/569032\/"},"modified":"2025-11-30T14:38:17","modified_gmt":"2025-11-30T14:38:17","slug":"des-coups-de-pioches-dans-le-mur-de-la-prison-jacques-cartier-alter1fo","status":"publish","type":"post","link":"https:\/\/www.europesays.com\/fr\/569032\/","title":{"rendered":"des coups de pioches dans le mur de la prison Jacques Cartier \u2013 Alter1fo"},"content":{"rendered":"<p style=\"text-align: justify;\">Ferm\u00e9e depuis 2010, l\u2019ancienne prison Jacques-Cartier entame une nouvelle phase de son histoire. Rachet\u00e9 en 2021 par la M\u00e9tropole, le b\u00e2timent op\u00e8re sa mue progressivement, port\u00e9e par l\u2019ambition d\u2019en faire \u00ab un lieu de culture populaire ouvert, dans une d\u00e9marche citoyenne et participative inspir\u00e9e de celle de l\u2019H\u00f4tel Pasteur \u00bb, selon la maire de Rennes, <a href=\"https:\/\/web.archive.org\/web\/20251130074555\/https:\/\/ici.rennes.fr\/actualites\/2025-04-28-jacques-cartier-de-prison-a-projet-citoyen\/\" target=\"_blank\" rel=\"noopener\">Nathalie App\u00e9r\u00e9<\/a>.<\/p>\n<p style=\"text-align: justify;\">Prot\u00e9g\u00e9 pour son int\u00e9r\u00eat patrimonial dans le PLUi, l\u2019\u00e9difice ne peut \u00eatre d\u00e9moli, mais peut \u00eatre transform\u00e9. Et les premiers travaux sont connus ! Ils pr\u00e9voiront la cr\u00e9ation d\u2019une ouverture dans le mur d\u2019enceinte en pierre, le long de l\u2019all\u00e9e L\u00e9on Le Berre, afin de faciliter la circulation des pi\u00e9tonnes et pi\u00e9tons. Une rampe d\u2019acc\u00e8s est \u00e9galement pr\u00e9vue. Les premiers coups de pioches sont envisag\u00e9s au premier trimestre 2026.<\/p>\n<p><img fetchpriority=\"high\" decoding=\"async\" class=\"wp-image-149832 size-large\" src=\"https:\/\/www.europesays.com\/fr\/wp-content\/uploads\/2025\/11\/Capture-9-700x447.jpg\" alt=\"\" width=\"640\" height=\"409\"  \/>Ouverture \u00e0 cr\u00e9er \u2013 extrait cctp<br \/>\n<img loading=\"lazy\" decoding=\"async\" class=\"wp-image-149833 size-large\" src=\"https:\/\/www.europesays.com\/fr\/wp-content\/uploads\/2025\/11\/Capture-10-700x494.jpg\" alt=\"\" width=\"640\" height=\"452\"  \/>Perspective \u00e9tat futur \u2013 extrait CCTP<\/p>\n","protected":false},"excerpt":{"rendered":"Ferm\u00e9e depuis 2010, l\u2019ancienne prison Jacques-Cartier entame une nouvelle phase de son histoire. Rachet\u00e9 en 2021 par la&hellip;\n","protected":false},"author":2,"featured_media":569033,"comment_status":"","ping_status":"","sticky":false,"template":"","format":"standard","meta":{"footnotes":""},"categories":[2821],"tags":[1111,11,829,1777,674,1011,27,12,584,25],"class_list":{"0":"post-569032","1":"post","2":"type-post","3":"status-publish","4":"format-standard","5":"has-post-thumbnail","7":"category-rennes","8":"tag-actu","9":"tag-actualites","10":"tag-bretagne","11":"tag-eu","12":"tag-europe","13":"tag-fr","14":"tag-france","15":"tag-news","16":"tag-rennes","17":"tag-republique-francaise"},"share_on_mastodon":{"url":"https:\/\/pubeurope.com\/@fr\/115639165178638827","error":""},"_links":{"self":[{"href":"https:\/\/www.europesays.com\/fr\/wp-json\/wp\/v2\/posts\/569032","targetHints":{"allow":["GET"]}}],"collection":[{"href":"https:\/\/www.europesays.com\/fr\/wp-json\/wp\/v2\/posts"}],"about":[{"href":"https:\/\/www.europesays.com\/fr\/wp-json\/wp\/v2\/types\/post"}],"author":[{"embeddable":true,"href":"https:\/\/www.europesays.com\/fr\/wp-json\/wp\/v2\/users\/2"}],"replies":[{"embeddable":true,"href":"https:\/\/www.europesays.com\/fr\/wp-json\/wp\/v2\/comments?post=569032"}],"version-history":[{"count":0,"href":"https:\/\/www.europesays.com\/fr\/wp-json\/wp\/v2\/posts\/569032\/revisions"}],"wp:featuredmedia":[{"embeddable":true,"href":"https:\/\/www.europesays.com\/fr\/wp-json\/wp\/v2\/media\/569033"}],"wp:attachment":[{"href":"https:\/\/www.europesays.com\/fr\/wp-json\/wp\/v2\/media?parent=569032"}],"wp:term":[{"taxonomy":"category","embeddable":true,"href":"https:\/\/www.europesays.com\/fr\/wp-json\/wp\/v2\/categories?post=569032"},{"taxonomy":"post_tag","embeddable":true,"href":"https:\/\/www.europesays.com\/fr\/wp-json\/wp\/v2\/tags?post=569032"}],"curies":[{"name":"wp","href":"https:\/\/api.w.org\/{rel}","templated":true}]}}