{"id":569034,"date":"2025-11-30T14:39:19","date_gmt":"2025-11-30T14:39:19","guid":{"rendered":"https:\/\/www.europesays.com\/fr\/569034\/"},"modified":"2025-11-30T14:39:19","modified_gmt":"2025-11-30T14:39:19","slug":"rennes-un-gendarme-et-trois-fetards-blesses-lors-dune-free-party","status":"publish","type":"post","link":"https:\/\/www.europesays.com\/fr\/569034\/","title":{"rendered":"Rennes : Un gendarme et trois f\u00eatards bless\u00e9s lors d\u2019une free party"},"content":{"rendered":"<p class=\"mb-4 text-lg md:leading-8 break-words\"><strong>violences &#8211; Plus de 500 personnes ont particip\u00e9 \u00e0 une free party dans un entrep\u00f4t inoccup\u00e9 au sud de Rennes cette nuit, mais les \u00e9v\u00e8nements ont d\u00e9g\u00e9n\u00e9r\u00e9 en affrontement et un policier est bless\u00e9 \u00e0 l\u2019\u0153il<\/strong><\/p>\n<p class=\"mb-4 text-lg md:leading-8 break-words\">Ce n\u2019\u00e9tait pas vraiment la f\u00eate dans la nuit de samedi \u00e0 dimanche \u00e0 Corps-Nuds, pr\u00e8s de <a href=\"https:\/\/www.20minutes.fr\/rennes\/?at_medium=RSS%20feed&amp;at_campaign=ynews&amp;utm_source=yahoo&amp;utm_medium=rss&amp;utm_campaign=news_feed&amp;utm_content=in_article_link\" rel=\"nofollow noopener\" target=\"_blank\" data-ylk=\"slk:Rennes;elm:context_link;itc:0;sec:content-canvas\" class=\"link \">Rennes<\/a>. Un gendarme et trois f\u00eatards ont \u00e9t\u00e9 bless\u00e9s alors que les forces de l\u2019ordre tentaient de d\u00e9loger les participants install\u00e9s dans un hangar inoccup\u00e9, selon la pr\u00e9fecture d\u2019<a href=\"https:\/\/www.20minutes.fr\/dossier\/ille_et_vilaine?at_medium=RSS%20feed&amp;at_campaign=ynews&amp;utm_source=yahoo&amp;utm_medium=rss&amp;utm_campaign=news_feed&amp;utm_content=in_article_link\" rel=\"nofollow noopener\" target=\"_blank\" data-ylk=\"slk:Ille-et-Vilaine;elm:context_link;itc:0;sec:content-canvas\" class=\"link \">Ille-et-Vilaine<\/a>.<\/p>\n<p>Les lieux finalement \u00e9vacu\u00e9s ce dimanche midi<\/p>\n<p class=\"mb-4 text-lg md:leading-8 break-words\">Plus de 500 personnes <a href=\"https:\/\/www.20minutes.fr\/societe\/free-party\/?at_medium=RSS%20feed&amp;at_campaign=ynews&amp;utm_source=yahoo&amp;utm_medium=rss&amp;utm_campaign=news_feed&amp;utm_content=in_article_link\" rel=\"nofollow noopener\" target=\"_blank\" data-ylk=\"slk:sont en effet rassembl\u00e9es;elm:context_link;itc:0;sec:content-canvas\" class=\"link \">sont en effet rassembl\u00e9es<\/a> depuis deux heures du matin dans le hangar vide d\u2019une soci\u00e9t\u00e9 de transport, selon cette m\u00eame source, confirmant une information <a href=\"https:\/\/www.ouest-france.fr\/societe\/faits-divers\/une-free-party-sinstalle-dans-un-entrepot-au-sud-de-rennes-les-forces-de-lordre-interviennent-c74137c6-cdac-11f0-9f92-1f1697d8d1ab?at_medium=RSS%20feed&amp;at_campaign=ynews&amp;utm_source=yahoo&amp;utm_medium=rss&amp;utm_campaign=news_feed&amp;utm_content=in_article_link\" rel=\"nofollow noopener\" target=\"_blank\" data-ylk=\"slk:Ouest-France;elm:context_link;itc:0;sec:content-canvas\" class=\"link \">Ouest-France<\/a>.<\/p>\n<p>Publicit\u00e9<\/p>\n<p>Publicit\u00e9<\/p>\n<p>Publicit\u00e9<\/p>\n<p>Publicit\u00e9<\/p>\n<p class=\"mb-4 text-lg md:leading-8 break-words\">Les f\u00eatards ont repouss\u00e9 une tentative des gendarmes et des <a href=\"https:\/\/www.20minutes.fr\/dossier\/crs?at_medium=RSS%20feed&amp;at_campaign=ynews&amp;utm_source=yahoo&amp;utm_medium=rss&amp;utm_campaign=news_feed&amp;utm_content=in_article_link\" rel=\"nofollow noopener\" target=\"_blank\" data-ylk=\"slk:CRS;elm:context_link;itc:0;sec:content-canvas\" class=\"link \">CRS<\/a> d\u00e9ploy\u00e9s durant la nuit pour mettre fin \u00e0 l\u2019\u00e9v\u00e8nement en utilisant des mortiers et des barres de fer d\u2019apr\u00e8s la pr\u00e9fecture. L\u2019un des gendarmes est bless\u00e9, il souffre d\u2019un \u00ab trouble de la vision \u00bb suite \u00e0 un tir de mortier, a indiqu\u00e9 cette source. Trois f\u00eatards ont \u00e9galement subi des blessures dont on ne connaissait pas la gravit\u00e9 en fin de matin\u00e9e, et ont \u00e9t\u00e9 transport\u00e9s par les pompiers au <a href=\"https:\/\/www.20minutes.fr\/dossier\/hopital?at_medium=RSS%20feed&amp;at_campaign=ynews&amp;utm_source=yahoo&amp;utm_medium=rss&amp;utm_campaign=news_feed&amp;utm_content=in_article_link\" rel=\"nofollow noopener\" target=\"_blank\" data-ylk=\"slk:CHU de Rennes;elm:context_link;itc:0;sec:content-canvas\" class=\"link \">CHU de Rennes<\/a>. En fin de matin\u00e9e, CRS et gendarmes mobiles sont intervenus pour mettre fin \u00e0 la f\u00eate.<\/p>\n<p class=\"mb-4 text-lg md:leading-8 break-words\"><a href=\"https:\/\/www.20minutes.fr\/faits_divers\/faits-divers-rennes\/4188775-20251130-rennes-gendarme-trois-fetards-blesses-lors-free-party?at_medium=RSS%20feed&amp;at_campaign=ynews&amp;utm_source=yahoo&amp;utm_medium=rss&amp;utm_campaign=news_feed&amp;utm_content=read_more_link&quot;\" rel=\"nofollow noopener\" target=\"_blank\" data-ylk=\"slk:Lire la suite sur 20minutes;elm:context_link;itc:0;sec:content-canvas\" class=\"link \">Lire la suite sur 20minutes<\/a><\/p>\n<p>\u00c0 lire aussi :<br \/><a href=\"https:\/\/www.20minutes.fr\/societe\/4183440-20251104-puy-dome-anniversaire-transforme-rave-party-salle-polyvalente?at_medium=RSS%20feed&amp;at_campaign=ynews&amp;utm_source=yahoo&amp;utm_medium=rss&amp;utm_campaign=news_feed&amp;utm_content=related_content_link\" rel=\"nofollow noopener\" target=\"_blank\" data-ylk=\"slk:Puy-de-D\u00f4me : Un anniversaire se transforme en rave-party dans une salle polyvalente;elm:context_link;itc:0;sec:content-canvas\" class=\"link \">Puy-de-D\u00f4me : Un anniversaire se transforme en rave-party dans une salle polyvalente<\/a><br \/><a href=\"https:\/\/www.20minutes.fr\/societe\/4176100-20250930-bas-rhin-rave-parties-interdites-pendant-an-autorites?at_medium=RSS%20feed&amp;at_campaign=ynews&amp;utm_source=yahoo&amp;utm_medium=rss&amp;utm_campaign=news_feed&amp;utm_content=related_content_link\" rel=\"nofollow noopener\" target=\"_blank\" data-ylk=\"slk:Bas-Rhin : Les rave parties interdites pendant un an par les autorit\u00e9s;elm:context_link;itc:0;sec:content-canvas\" class=\"link \">Bas-Rhin : Les rave parties interdites pendant un an par les autorit\u00e9s<\/a><\/p>\n","protected":false},"excerpt":{"rendered":"violences &#8211; Plus de 500 personnes ont particip\u00e9 \u00e0 une free party dans un entrep\u00f4t inoccup\u00e9 au sud&hellip;\n","protected":false},"author":2,"featured_media":569035,"comment_status":"","ping_status":"","sticky":false,"template":"","format":"standard","meta":{"footnotes":""},"categories":[2821],"tags":[1111,11,829,7513,1777,674,3160,1011,27,14820,12,584,25,68431,68432],"class_list":{"0":"post-569034","1":"post","2":"type-post","3":"status-publish","4":"format-standard","5":"has-post-thumbnail","7":"category-rennes","8":"tag-actu","9":"tag-actualites","10":"tag-bretagne","11":"tag-chu-de-rennes","12":"tag-eu","13":"tag-europe","14":"tag-forces-de-lordre","15":"tag-fr","16":"tag-france","17":"tag-la-fete","18":"tag-news","19":"tag-rennes","20":"tag-republique-francaise","21":"tag-societe-de-transport","22":"tag-trouble-de-la-vision"},"share_on_mastodon":{"url":"https:\/\/pubeurope.com\/@fr\/115639167543915030","error":""},"_links":{"self":[{"href":"https:\/\/www.europesays.com\/fr\/wp-json\/wp\/v2\/posts\/569034","targetHints":{"allow":["GET"]}}],"collection":[{"href":"https:\/\/www.europesays.com\/fr\/wp-json\/wp\/v2\/posts"}],"about":[{"href":"https:\/\/www.europesays.com\/fr\/wp-json\/wp\/v2\/types\/post"}],"author":[{"embeddable":true,"href":"https:\/\/www.europesays.com\/fr\/wp-json\/wp\/v2\/users\/2"}],"replies":[{"embeddable":true,"href":"https:\/\/www.europesays.com\/fr\/wp-json\/wp\/v2\/comments?post=569034"}],"version-history":[{"count":0,"href":"https:\/\/www.europesays.com\/fr\/wp-json\/wp\/v2\/posts\/569034\/revisions"}],"wp:featuredmedia":[{"embeddable":true,"href":"https:\/\/www.europesays.com\/fr\/wp-json\/wp\/v2\/media\/569035"}],"wp:attachment":[{"href":"https:\/\/www.europesays.com\/fr\/wp-json\/wp\/v2\/media?parent=569034"}],"wp:term":[{"taxonomy":"category","embeddable":true,"href":"https:\/\/www.europesays.com\/fr\/wp-json\/wp\/v2\/categories?post=569034"},{"taxonomy":"post_tag","embeddable":true,"href":"https:\/\/www.europesays.com\/fr\/wp-json\/wp\/v2\/tags?post=569034"}],"curies":[{"name":"wp","href":"https:\/\/api.w.org\/{rel}","templated":true}]}}