{"id":569046,"date":"2025-11-30T14:45:22","date_gmt":"2025-11-30T14:45:22","guid":{"rendered":"https:\/\/www.europesays.com\/fr\/569046\/"},"modified":"2025-11-30T14:45:22","modified_gmt":"2025-11-30T14:45:22","slug":"apres-munteanu-le-fc-nantes-tient-un-joli-transfert-a-350-000-euros","status":"publish","type":"post","link":"https:\/\/www.europesays.com\/fr\/569046\/","title":{"rendered":"Apr\u00e8s Munteanu, le FC Nantes tient un joli transfert \u00e0 350 000 euros !"},"content":{"rendered":"<p>\t\t\t\t\t En attendant d&rsquo;en savoir plus sur la situation de Ignatius Ganago, qui pourrait de nouveau \u00eatre plac\u00e9 sur la liste des transferts malgr\u00e9 son retour attendu au FC Nantes en janvier depuis la MLS, les Canaris creuseraient plusieurs pistes en vue du march\u00e9 des transferts hivernal. <\/p>\n<p>Si le nom de Louis Munteanu, qui quittera le CFR Cluj cet hiver, reste associ\u00e9 au FC Nantes pour le mercato, de nombreux autres profils seraient suivis de tr\u00e8s pr\u00e8s par le clan Kita chez les pensionnaires du Stade de La Beaujoire. <\/p>\n<p>Ainsi, en plus du jeune attaquant international roumain de 23 ans, le club entra\u00een\u00e9 par Luis Castro aurait coch\u00e9 le nom de Ibrahima Ciss\u00e9, qui sera vendu par Schalke 04 d\u00e8s janvier afin de ne pas le laisser partir libre \u00e0 l&rsquo;issue de cette saison. <\/p>\n<p>Valoris\u00e9 \u00e0 pr\u00e8s de 350 000 euros sur le site sp\u00e9cialis\u00e9 Transfermarkt, Ibrahima Ciss\u00e9 est un d\u00e9fenseur central international malien de 24 ans, mesurant 1m96 et qui est issu du centre de formation de La Berrichonne de Ch\u00e2teauroux. <\/p>\n<p>Le FC Metz, le Stade de Reims et Zulte Waregem seraient \u00e9galement sur le coup pour le r\u00e9cup\u00e9rer \u00e0 mi-saison. Waldemar Kita est pr\u00e9venu ! Affaire \u00e0 suivre au FC Nantes pour Luis Munteanu et Ibrahima Ciss\u00e9 !\n\t\t\t\t <\/p>\n","protected":false},"excerpt":{"rendered":"En attendant d&rsquo;en savoir plus sur la situation de Ignatius Ganago, qui pourrait de nouveau \u00eatre plac\u00e9 sur&hellip;\n","protected":false},"author":2,"featured_media":569047,"comment_status":"","ping_status":"","sticky":false,"template":"","format":"standard","meta":{"footnotes":""},"categories":[2818],"tags":[1111,11,1777,674,1011,27,766,12,2636,25],"class_list":{"0":"post-569046","1":"post","2":"type-post","3":"status-publish","4":"format-standard","5":"has-post-thumbnail","7":"category-nantes","8":"tag-actu","9":"tag-actualites","10":"tag-eu","11":"tag-europe","12":"tag-fr","13":"tag-france","14":"tag-nantes","15":"tag-news","16":"tag-pays-de-la-loire","17":"tag-republique-francaise"},"share_on_mastodon":{"url":"https:\/\/pubeurope.com\/@fr\/115639191091356450","error":""},"_links":{"self":[{"href":"https:\/\/www.europesays.com\/fr\/wp-json\/wp\/v2\/posts\/569046","targetHints":{"allow":["GET"]}}],"collection":[{"href":"https:\/\/www.europesays.com\/fr\/wp-json\/wp\/v2\/posts"}],"about":[{"href":"https:\/\/www.europesays.com\/fr\/wp-json\/wp\/v2\/types\/post"}],"author":[{"embeddable":true,"href":"https:\/\/www.europesays.com\/fr\/wp-json\/wp\/v2\/users\/2"}],"replies":[{"embeddable":true,"href":"https:\/\/www.europesays.com\/fr\/wp-json\/wp\/v2\/comments?post=569046"}],"version-history":[{"count":0,"href":"https:\/\/www.europesays.com\/fr\/wp-json\/wp\/v2\/posts\/569046\/revisions"}],"wp:featuredmedia":[{"embeddable":true,"href":"https:\/\/www.europesays.com\/fr\/wp-json\/wp\/v2\/media\/569047"}],"wp:attachment":[{"href":"https:\/\/www.europesays.com\/fr\/wp-json\/wp\/v2\/media?parent=569046"}],"wp:term":[{"taxonomy":"category","embeddable":true,"href":"https:\/\/www.europesays.com\/fr\/wp-json\/wp\/v2\/categories?post=569046"},{"taxonomy":"post_tag","embeddable":true,"href":"https:\/\/www.europesays.com\/fr\/wp-json\/wp\/v2\/tags?post=569046"}],"curies":[{"name":"wp","href":"https:\/\/api.w.org\/{rel}","templated":true}]}}