{"id":569048,"date":"2025-11-30T14:46:10","date_gmt":"2025-11-30T14:46:10","guid":{"rendered":"https:\/\/www.europesays.com\/fr\/569048\/"},"modified":"2025-11-30T14:46:10","modified_gmt":"2025-11-30T14:46:10","slug":"pourquoi-une-odeur-nauseabonde-a-envahi-des-magasins-de-la-rue-sainte-catherine-a-bordeaux","status":"publish","type":"post","link":"https:\/\/www.europesays.com\/fr\/569048\/","title":{"rendered":"Pourquoi une odeur naus\u00e9abonde a envahi des magasins de la rue Sainte-Catherine \u00e0 Bordeaux\u00a0?"},"content":{"rendered":"<p>                    Par<br \/>\n        <strong><br \/>\n            <a href=\"https:\/\/actu.fr\/auteur\/juliette-cardinale\" title=\"Consulter tous les articles de Juliette Cardinale\" target=\"_blank\" rel=\"noopener\">Juliette Cardinale<\/a><br \/>\n                    <\/strong><\/p>\n<p>        Publi\u00e9 le<\/p>\n<p>            30 nov. 2025 \u00e0 15h32        <\/p>\n<p>Ce samedi 29 novembre 2025 en d\u00e9but d\u2019apr\u00e8s-midi, des clients sont sortis de plusieurs magasins de la rue Sainte-Catherine <a href=\"https:\/\/actu.fr\/bordeaux\/\" target=\"_blank\" rel=\"noopener\">\u00e0 Bordeaux<\/a> en se bouchant le nez. Devant les magasins, des militants du collectif <strong>Extinction Rebellion Bordeaux <\/strong>distribuaient des tracts explicatifs.\u00a0Car ils sont bien responsables de <strong>l\u2019odeur pestilentielle<\/strong> r\u00e9pandue dans les magasins H&amp;M et ZARA de la plus longue rue commer\u00e7ante et pi\u00e9tonne d\u2019Europe.\u00a0<\/p>\n<p>Ils d\u00e9noncent la fast fashion<\/p>\n<p class=\" wall-content\">Cette\u00a0<strong>\u00ab action olfactive \u00bb<\/strong> a \u00e9t\u00e9 men\u00e9e dans le cadre d\u2019une campagne nationale d\u2019Extinction Rebellion contre la fast fashion intitul\u00e9e \u00ab\u00a0Ode aux rats\u00a0\u00bb, organis\u00e9e en plein week-end du <a href=\"https:\/\/actu.fr\/economie\/ca-joue-sur-le-cout-de-la-vie-bientot-le-black-friday-2025-voici-combien-les-francais-vont-depenser_63477789.html\" target=\"_blank\" rel=\"noopener\">Black Friday.<\/a><\/p>\n<p class=\" wall-content\">\u00ab\u00a0La fast fashion \u00e7a pue, on n\u2019en veut plus !\u00a0\u00bb, peut-on lire dans le communiqu\u00e9 d\u2019Extinction Rebellion. Le mouvement revendique avoir \u00ab\u00a0rendu l\u2019atmosph\u00e8re de ces grandes enseignes <strong>aussi naus\u00e9abonde que l\u2019industrie textile,<\/strong> jusqu\u2019\u00e0 en vider les magasins\u00a0\u00bb.\u00a0<\/p>\n<p class=\" wall-content\">\u00ab\u00a0La fast-fashion ne profite <strong>qu\u2019aux grandes multinationales\u00a0\u00bb,<\/strong> continue le collectif qui d\u00e9nonce l\u2019industrie de la mode comme \u00ab\u00a0responsable de 5 \u00e0 10% des \u00e9missions de gaz \u00e0 effets de serre, de 20% de la pollution des cours d\u2019eau et de 11% des pesticides \u00e9pandus\u00a0\u00bb.<\/p>\n<p class=\" wall-content\"><strong>\u00ab\u00a0En vidant les magasins<\/strong> de leurs clients et clientes, on souhaite <strong>sanctionner \u00e9conomiquement<\/strong> les grandes enseignes de la fast-fashion qui, en toute connaissance de cause, continuent \u00e0 proposer des produits \u00e9cologiquement et socialement irresponsables\u00a0\u00bb, explique\u00a0Clara, militante d\u2019Extinction Rebellion.<\/p>\n<p>    <a href=\"https:\/\/www.facebook.com\/plugins\/video.php?height=476&amp;href=https%3A%2F%2Fwww.facebook.com%2Freel%2F824521913543357%2F&amp;show_text=false&amp;width=350&amp;t=0\" title=\"Ouvrie le lien\" target=\"_blank\" rel=\"noopener\">Cliquez ici pour visualiser le contenu<\/a><\/p>\n<p class=\" wall-content\">Rappelant les \u00ab\u00a0conditions proches de l\u2019esclavage\u00a0\u00bb des personnes qui fabriquent les v\u00eatements, les activistes r\u00e9clament <strong>une \u00ab\u00a0l\u00e9gislation ambitieuse\u00a0\u00bb<\/strong> pour encadrer la fast-fashion. Extinction Rebellion demande notamment \u00ab\u00a0la <strong>division par 10 du nombre de v\u00eatements<\/strong> mis sur le march\u00e9 en France et en Europe d\u2019ici 2030 \u00bb ainsi que \u00ab\u00a0la transparence des marques sur leurs impacts et un engagement \u00e0 r\u00e9duire leur production\u00a0\u00bb.<\/p>\n<p class=\" wall-content\">Personnalisez votre actualit\u00e9 en ajoutant vos villes et m\u00e9dias en favori avec <a href=\"https:\/\/moncompte.actu.fr\" title=\"D\u00e9couvez Mon Actu\" rel=\"nofollow noopener\" data-trk=\"{&quot;cta&quot;:{&quot;action&quot;:&quot;https:\\\/\\\/moncompte.actu.fr&quot;,&quot;category&quot;:&quot;mon compte&quot;,&quot;from&quot;:&quot;article footer&quot;,&quot;name&quot;:&quot;Mon actu&quot;,&quot;type&quot;:&quot;cta&quot;}}\" target=\"_blank\">Mon Actu<\/a>.<\/p>\n","protected":false},"excerpt":{"rendered":"Par Juliette Cardinale Publi\u00e9 le 30 nov. 2025 \u00e0 15h32 Ce samedi 29 novembre 2025 en d\u00e9but d\u2019apr\u00e8s-midi,&hellip;\n","protected":false},"author":2,"featured_media":569049,"comment_status":"","ping_status":"","sticky":false,"template":"","format":"standard","meta":{"footnotes":""},"categories":[2817],"tags":[1111,11,1997,130,51,1777,674,1011,27,12,2219,25,104,2422],"class_list":{"0":"post-569048","1":"post","2":"type-post","3":"status-publish","4":"format-standard","5":"has-post-thumbnail","7":"category-bordeaux","8":"tag-actu","9":"tag-actualites","10":"tag-bordeaux","11":"tag-consommation","12":"tag-ecologie","13":"tag-eu","14":"tag-europe","15":"tag-fr","16":"tag-france","17":"tag-news","18":"tag-nouvelle-aquitaine","19":"tag-republique-francaise","20":"tag-societe","21":"tag-textile"},"share_on_mastodon":{"url":"https:\/\/pubeurope.com\/@fr\/115639195159904804","error":""},"_links":{"self":[{"href":"https:\/\/www.europesays.com\/fr\/wp-json\/wp\/v2\/posts\/569048","targetHints":{"allow":["GET"]}}],"collection":[{"href":"https:\/\/www.europesays.com\/fr\/wp-json\/wp\/v2\/posts"}],"about":[{"href":"https:\/\/www.europesays.com\/fr\/wp-json\/wp\/v2\/types\/post"}],"author":[{"embeddable":true,"href":"https:\/\/www.europesays.com\/fr\/wp-json\/wp\/v2\/users\/2"}],"replies":[{"embeddable":true,"href":"https:\/\/www.europesays.com\/fr\/wp-json\/wp\/v2\/comments?post=569048"}],"version-history":[{"count":0,"href":"https:\/\/www.europesays.com\/fr\/wp-json\/wp\/v2\/posts\/569048\/revisions"}],"wp:featuredmedia":[{"embeddable":true,"href":"https:\/\/www.europesays.com\/fr\/wp-json\/wp\/v2\/media\/569049"}],"wp:attachment":[{"href":"https:\/\/www.europesays.com\/fr\/wp-json\/wp\/v2\/media?parent=569048"}],"wp:term":[{"taxonomy":"category","embeddable":true,"href":"https:\/\/www.europesays.com\/fr\/wp-json\/wp\/v2\/categories?post=569048"},{"taxonomy":"post_tag","embeddable":true,"href":"https:\/\/www.europesays.com\/fr\/wp-json\/wp\/v2\/tags?post=569048"}],"curies":[{"name":"wp","href":"https:\/\/api.w.org\/{rel}","templated":true}]}}