{"id":569050,"date":"2025-11-30T14:47:14","date_gmt":"2025-11-30T14:47:14","guid":{"rendered":"https:\/\/www.europesays.com\/fr\/569050\/"},"modified":"2025-11-30T14:47:14","modified_gmt":"2025-11-30T14:47:14","slug":"apres-le-suicide-de-violette-une-marche-blanche-pour-rendre-hommage-a-la-collegienne","status":"publish","type":"post","link":"https:\/\/www.europesays.com\/fr\/569050\/","title":{"rendered":"Apr\u00e8s le suicide de Violette, une marche blanche pour rendre hommage \u00e0 la coll\u00e9gienne"},"content":{"rendered":"<p class=\"article__intro\">Une marche blanche aura lieu ce dimanche 30 novembre \u00e0 14 h \u00e0 Bordeaux, en hommage \u00e0 Violette, une coll\u00e9gienne qui s\u2019est suicid\u00e9e le 25 mai 2025. L\u2019initiative est organis\u00e9e par la m\u00e8re de l\u2019adolescente.<\/p>\n<p>\n      La Quotidienne Soci\u00e9t\u00e9\n    <\/p>\n<p>\n      De la vie quotidienne aux grands enjeux, recevez tous les jours les sujets qui font la soci\u00e9t\u00e9 locale, comme la justice, l\u2019\u00e9ducation, la sant\u00e9 et la famille.\n    <\/p>\n<p>    France T\u00e9l\u00e9visions utilise votre adresse e-mail afin de vous envoyer la newsletter \u00ab\u00a0La Quotidienne Soci\u00e9t\u00e9\u00a0\u00bb. Vous pouvez vous d\u00e9sinscrire \u00e0 tout moment via le lien en bas de cette newsletter. <a target=\"_blank\" href=\"https:\/\/www.francetelevisions.fr\/groupe\/confidentialite\/politique-de-confidentialite\/politique-de-confidentialite-de-france-televisions-6503\" rel=\"noopener\">Notre politique de confidentialit\u00e9<\/a><\/p>\n<p>Les participants sont invit\u00e9s \u00e0 \u201capporter des fleurs naturelles blanches\u201d ou \u201cviolettes\u201d. Ce dimanche 30 novembre, une marche blanche est annonc\u00e9e \u00e0 Bordeaux en m\u00e9moire de Violette, cette coll\u00e9gienne bordelaise qui s\u2019est suicid\u00e9e le 25 mai 2025.<\/p>\n<p>L\u2019adolescente de 14 ans, scolaris\u00e9e dans un coll\u00e8ge bordelais, avait \u00e9t\u00e9 retrouv\u00e9e inanim\u00e9e par son fr\u00e8re dans la maison familiale. Elle avait laiss\u00e9 une lettre expliquant notamment son geste par des difficult\u00e9s relationnelles au coll\u00e8ge et par la s\u00e9paration de ses parents. Depuis, sa m\u00e8re, Aude Gouillard a d\u00e9pos\u00e9 plainte contre X pour harc\u00e8lement moral et scolaire face \u00e0 une enqu\u00eate qu\u2019elle juge lacunaire.<\/p>\n<p><a data-article-figure=\"\" href=\"https:\/\/france3-regions.franceinfo.fr\/image\/aNA3kvryNv7VLjD-9GqYjEYMTjE\/719x944\/regions\/2025\/11\/04\/img-0143-690a19617ac03128141192.jpg\" data-pswp-width=\"719\" data-pswp-height=\"944\" target=\"_blank\" rel=\"noopener\"><\/p>\n<p>          <img width=\"600\" height=\"400\" class=\"article-image lazy\" data-src=\"https:\/\/www.europesays.com\/fr\/wp-content\/uploads\/2025\/11\/img-0143-690a19617ac03128141192.jpg\" alt=\"Violette \u00e9tait scolaris\u00e9e au coll\u00e8ge Cassignol de Bordeaux.\" fetchpriority=\"high\" as=\"image\"\/><\/p>\n<p>\n            Violette \u00e9tait scolaris\u00e9e au coll\u00e8ge Cassignol de Bordeaux.<br \/>\n                           \u2022<br \/>\n                                      \u00a9 Photo confi\u00e9e par la famille\n                      <\/p>\n<p><\/a><\/p>\n<p>Dans un message publi\u00e9 le 29 novembre sur le r\u00e9seau social Facebook, Aude Gouillard confirme avoir re\u00e7u l\u2019autorisation de la pr\u00e9fecture pour cette marche blanche, qui sera encadr\u00e9e par la police municipale et dont le d\u00e9part est pr\u00e9vu \u00e0 14 heures au 18 rue du Lavoir, dans le quartier Saint-Seuron Fondaud\u00e8ge \u00e0 Bordeaux, devant le domicile familial de Violette.<\/p>\n<p>Le cort\u00e8ge rejoindra ensuite le parvis des Droits de l\u2019Homme, en face de l\u2019\u00c9cole nationale de la magistrature.<\/p><\/p>\n","protected":false},"excerpt":{"rendered":"Une marche blanche aura lieu ce dimanche 30 novembre \u00e0 14 h \u00e0 Bordeaux, en hommage \u00e0 Violette,&hellip;\n","protected":false},"author":2,"featured_media":569051,"comment_status":"","ping_status":"","sticky":false,"template":"","format":"standard","meta":{"footnotes":""},"categories":[2817],"tags":[1111,11,1997,1777,674,1011,27,12,2219,25],"class_list":{"0":"post-569050","1":"post","2":"type-post","3":"status-publish","4":"format-standard","5":"has-post-thumbnail","7":"category-bordeaux","8":"tag-actu","9":"tag-actualites","10":"tag-bordeaux","11":"tag-eu","12":"tag-europe","13":"tag-fr","14":"tag-france","15":"tag-news","16":"tag-nouvelle-aquitaine","17":"tag-republique-francaise"},"share_on_mastodon":{"url":"https:\/\/pubeurope.com\/@fr\/115639199037322293","error":""},"_links":{"self":[{"href":"https:\/\/www.europesays.com\/fr\/wp-json\/wp\/v2\/posts\/569050","targetHints":{"allow":["GET"]}}],"collection":[{"href":"https:\/\/www.europesays.com\/fr\/wp-json\/wp\/v2\/posts"}],"about":[{"href":"https:\/\/www.europesays.com\/fr\/wp-json\/wp\/v2\/types\/post"}],"author":[{"embeddable":true,"href":"https:\/\/www.europesays.com\/fr\/wp-json\/wp\/v2\/users\/2"}],"replies":[{"embeddable":true,"href":"https:\/\/www.europesays.com\/fr\/wp-json\/wp\/v2\/comments?post=569050"}],"version-history":[{"count":0,"href":"https:\/\/www.europesays.com\/fr\/wp-json\/wp\/v2\/posts\/569050\/revisions"}],"wp:featuredmedia":[{"embeddable":true,"href":"https:\/\/www.europesays.com\/fr\/wp-json\/wp\/v2\/media\/569051"}],"wp:attachment":[{"href":"https:\/\/www.europesays.com\/fr\/wp-json\/wp\/v2\/media?parent=569050"}],"wp:term":[{"taxonomy":"category","embeddable":true,"href":"https:\/\/www.europesays.com\/fr\/wp-json\/wp\/v2\/categories?post=569050"},{"taxonomy":"post_tag","embeddable":true,"href":"https:\/\/www.europesays.com\/fr\/wp-json\/wp\/v2\/tags?post=569050"}],"curies":[{"name":"wp","href":"https:\/\/api.w.org\/{rel}","templated":true}]}}