{"id":569056,"date":"2025-11-30T14:50:11","date_gmt":"2025-11-30T14:50:11","guid":{"rendered":"https:\/\/www.europesays.com\/fr\/569056\/"},"modified":"2025-11-30T14:50:11","modified_gmt":"2025-11-30T14:50:11","slug":"17-passeurs-presumes-juges-au-tribunal-de-lille-des-ce-lundi","status":"publish","type":"post","link":"https:\/\/www.europesays.com\/fr\/569056\/","title":{"rendered":"17 passeurs pr\u00e9sum\u00e9s jug\u00e9s au tribunal de Lille d\u00e8s ce lundi"},"content":{"rendered":"<p>                    Par<br \/>\n        <strong><br \/>\n            <a href=\"https:\/\/actu.fr\/auteur\/redaction-lille\" title=\"Consulter tous les articles de R\u00e9daction Lille\" target=\"_blank\" rel=\"noopener\">R\u00e9daction Lille<\/a><br \/>\n                    <\/strong><\/p>\n<p>        Publi\u00e9 le<\/p>\n<p>            30 nov. 2025 \u00e0 14h46        <\/p>\n<p>C\u2019est un proc\u00e8s hors-normes qui s\u2019ouvre ce lundi 1er d\u00e9cembre 2025 au tribunal de <a href=\"https:\/\/actu.fr\/hauts-de-france\/lille_59350\" target=\"_blank\" rel=\"noopener\">Lille<\/a> (Nord). D\u2019abord par le nombre de pr\u00e9venus : <b>17<\/b>, qui seront jug\u00e9s jusqu\u2019au 12 d\u00e9cembre pour des faits commis entre avril et octobre 2023. Ils sont accus\u00e9s d\u2019avoir <b>pris part en bande organis\u00e9e \u00e0 un trafic illicite de migrants<\/b>, en faisant entrer sur le territoire des \u00e9trangers, et, par extension, de <b>mise en danger de la vie d\u2019autrui<\/b>. Ils proposaient en effet <b>des travers\u00e9es en pneumatiques <\/b>\u00e0 \u00ab\u00a0des candidats \u00e0 l\u2019immigration vers le Royaume-Uni\u00a0\u00bb.\u00a0<\/p>\n<p>Ils prenaient les migrants le long du littoral du Nord et du Pas-de-Calais et jouaient les \u00ab\u00a0taxi-boats\u00a0\u00bb<\/p>\n<p class=\" wall-content\">Ils sont aussi poursuivis pour \u00ab\u00a0participation \u00e0 <b>une association de malfaiteurs<\/b> en vue de la pr\u00e9paration d\u2019un ou plusieurs d\u00e9lits punis d\u2019une peine de 10 ans d\u2019emprisonnement\u00a0\u00bb. Enfin, <b>quatre des 17 pr\u00e9venus font face \u00e0 une accusation d\u2019homicide involontaire<\/b>, commis le 26 septembre 2023. Ce jour-l\u00e0, t\u00f4t le matin, une migrante d\u2019origine \u00e9rythr\u00e9enne avait \u00e9t\u00e9 retrouv\u00e9e morte \u00e0 Bl\u00e9riot-Plage, une plage de <a href=\"https:\/\/actu.fr\/hauts-de-france\/sangatte_62774\" target=\"_blank\" rel=\"noopener\">Sangatte<\/a>, dans <a href=\"https:\/\/actu.fr\/pas-de-calais\/\" target=\"_blank\" rel=\"noopener\">le Pas-de-Calais<\/a>.<\/p>\n<p class=\" wall-content\">Cinq pr\u00e9venus compara\u00eetront libres, lundi d\u00e8s 10h, car faisant l\u2019objet d\u2019un contr\u00f4le judiciaire, les 12 autres sont en d\u00e9tention provisoire. Le parquet de Lille retrace la chronologie des \u00e9v\u00e9nements.<\/p>\n<p class=\" wall-content\">\u00ab\u00a0Au cours de l\u2019ann\u00e9e 2023, les services de police aux fronti\u00e8res ont men\u00e9 des investigations sur les agissements d\u2019un r\u00e9seau de passeurs utilisant des embarcations pneumatiques afin d\u2019acheminer clandestinement des candidats \u00e0 l\u2019immigration vers le\u00a0 Royaume-Uni.\u00a0\u00bb Le mode op\u00e9ratoire \u00e9tait tristement banal : ils r\u00e9cup\u00e9raient les migrants le long du littoral du Nord et du Pas-de-Calais, et jouaient les \u00ab\u00a0taxi-boats\u00a0\u00bb.\u00a0 Les canots de fortune \u00e9taient mis \u00e0 l\u2019eau notamment dans les secteurs la baie d\u2019Authie, pr\u00e8s de Berck, et de la baie de La Canche, au nord du Touquet.\u00a0<\/p>\n<blockquote class=\"ac-article-quote wall-content\">\n<p>Les investigations diligent\u00e9es ont permis de mettre \u00e0 jour un vaste r\u00e9seau international de passeurs ayant organis\u00e9 plus d\u2019une cinquantaine de travers\u00e9es maritimes ill\u00e9gales sur l\u2019ensemble du littoral Nord de la France (de la fronti\u00e8re belge jusqu\u2019\u00e0 Berck) d\u2019avril\u00a02023 \u00e0 ao\u00fbt 2024 et \u00e9tant responsable de la mort de sept personnes, dont deux mineurs.<\/p>\n<p>Le parquet de Lille<\/p><\/blockquote>\n<p>Des organisateurs, rabatteurs, conducteurs de taxi-boats\u2026 Divers profils sur le banc des accus\u00e9s<\/p>\n<p class=\" wall-content\">Seuls les faits commis entre avril et le 2 octobre 2023 seront jug\u00e9s \u00e0 partir de lundi. Au total, ce sont 24 membres du r\u00e9seau qui ont \u00e9t\u00e9 arr\u00eat\u00e9s.\u00a0\u00ab\u00a0Des investigations se poursuivent pour le reste des membres\u00a0\u00bb, pr\u00e9cise le parquet. Parmi les 17 individus jug\u00e9s, \u00ab\u00a0des organisateurs, des guides des migrants vers les zones d\u2019embarquement et\/ou charg\u00e9s de la mise \u00e0 l\u2019eau des bateaux, des conducteurs de taxi-boats, des rabatteurs et des chauffeurs charg\u00e9s de transporter les passeurs sur le littoral\u00a0\u00bb.<\/p>\n<p>Votre r\u00e9gion, votre actu !<\/p>\n<p>Recevez chaque jour les infos qui comptent pour vous.<\/p>\n<p>\t<a href=\"https:\/\/actu.fr\/newsletter\" class=\"ac-btn ac-btn--corner ac-btn--medium ac-btn--blue800\" target=\"_blank\" rel=\"noopener\">S&rsquo;incrire<\/a><\/p>\n<p class=\" wall-content\">Il s\u2019agit d\u2019un r\u00e9seau multi-ethnique, comprenant des Syriens majoritairement, des Afghans, des Irakiens, des Egyptiens, des Soudanais, des Tunisiens, des Kowe\u00efti, et des Guin\u00e9ens.<\/p>\n<p class=\" wall-content\">Personnalisez votre actualit\u00e9 en ajoutant vos villes et m\u00e9dias en favori avec <a href=\"https:\/\/moncompte.actu.fr\" title=\"D\u00e9couvez Mon Actu\" rel=\"nofollow noopener\" data-trk=\"{&quot;cta&quot;:{&quot;action&quot;:&quot;https:\\\/\\\/moncompte.actu.fr&quot;,&quot;category&quot;:&quot;mon compte&quot;,&quot;from&quot;:&quot;article footer&quot;,&quot;name&quot;:&quot;Mon actu&quot;,&quot;type&quot;:&quot;cta&quot;}}\" target=\"_blank\">Mon Actu<\/a>.<\/p>\n","protected":false},"excerpt":{"rendered":"Par R\u00e9daction Lille Publi\u00e9 le 30 nov. 2025 \u00e0 14h46 C\u2019est un proc\u00e8s hors-normes qui s\u2019ouvre ce lundi&hellip;\n","protected":false},"author":2,"featured_media":569057,"comment_status":"","ping_status":"","sticky":false,"template":"","format":"standard","meta":{"footnotes":""},"categories":[2815],"tags":[1111,11,1777,674,118,1011,27,811,303,1307,1251,12,25,473],"class_list":{"0":"post-569056","1":"post","2":"type-post","3":"status-publish","4":"format-standard","5":"has-post-thumbnail","7":"category-lille","8":"tag-actu","9":"tag-actualites","10":"tag-eu","11":"tag-europe","12":"tag-faits-divers","13":"tag-fr","14":"tag-france","15":"tag-hauts-de-france","16":"tag-justice","17":"tag-lille","18":"tag-migrants","19":"tag-news","20":"tag-republique-francaise","21":"tag-royaume-uni"},"share_on_mastodon":{"url":"https:\/\/pubeurope.com\/@fr\/115639210642153594","error":""},"_links":{"self":[{"href":"https:\/\/www.europesays.com\/fr\/wp-json\/wp\/v2\/posts\/569056","targetHints":{"allow":["GET"]}}],"collection":[{"href":"https:\/\/www.europesays.com\/fr\/wp-json\/wp\/v2\/posts"}],"about":[{"href":"https:\/\/www.europesays.com\/fr\/wp-json\/wp\/v2\/types\/post"}],"author":[{"embeddable":true,"href":"https:\/\/www.europesays.com\/fr\/wp-json\/wp\/v2\/users\/2"}],"replies":[{"embeddable":true,"href":"https:\/\/www.europesays.com\/fr\/wp-json\/wp\/v2\/comments?post=569056"}],"version-history":[{"count":0,"href":"https:\/\/www.europesays.com\/fr\/wp-json\/wp\/v2\/posts\/569056\/revisions"}],"wp:featuredmedia":[{"embeddable":true,"href":"https:\/\/www.europesays.com\/fr\/wp-json\/wp\/v2\/media\/569057"}],"wp:attachment":[{"href":"https:\/\/www.europesays.com\/fr\/wp-json\/wp\/v2\/media?parent=569056"}],"wp:term":[{"taxonomy":"category","embeddable":true,"href":"https:\/\/www.europesays.com\/fr\/wp-json\/wp\/v2\/categories?post=569056"},{"taxonomy":"post_tag","embeddable":true,"href":"https:\/\/www.europesays.com\/fr\/wp-json\/wp\/v2\/tags?post=569056"}],"curies":[{"name":"wp","href":"https:\/\/api.w.org\/{rel}","templated":true}]}}