{"id":569060,"date":"2025-11-30T14:53:12","date_gmt":"2025-11-30T14:53:12","guid":{"rendered":"https:\/\/www.europesays.com\/fr\/569060\/"},"modified":"2025-11-30T14:53:12","modified_gmt":"2025-11-30T14:53:12","slug":"lalternance-va-devoir-vite-evoluer-pour-survivre","status":"publish","type":"post","link":"https:\/\/www.europesays.com\/fr\/569060\/","title":{"rendered":"l&rsquo;alternance va devoir vite \u00e9voluer pour survivre"},"content":{"rendered":"<p>L&rsquo;<a href=\"https:\/\/www.laprovence.com\/article\/economie\/1913667446657414\/les-clefs-pour-reussir-son-alternance\" target=\"_blank\" rel=\"noopener\">alternance<\/a> est l&rsquo;une des grandes r\u00e9ussites r\u00e9centes en mati\u00e8re de politique d&#8217;emploi des jeunes. Le <a href=\"https:\/\/www.laprovence.com\/article\/region\/47093246326765\/marseille-petite-enfance-administration-grace-a-lalternance-ces-jeunes-renforcent-les-effectifs-de-la-ville\" target=\"_blank\" rel=\"noopener\">nombre de contrats<\/a> est pass\u00e9 en quelques ann\u00e9es de 200\u00a0000\u00a0\u00e0 pr\u00e8s d&rsquo;un million, dont environ 700\u00a0000\u00a0dans l&rsquo;enseignement sup\u00e9rieur. Ce succ\u00e8s t\u00e9moigne de l&rsquo;attractivit\u00e9 et de l&rsquo;efficacit\u00e9 de ce mod\u00e8le qui permet aux jeunes de se former tout en s&rsquo;ins\u00e9rant <a href=\"https:\/\/www.laprovence.com\/article\/region\/1160979634758215\/lalternance-tremplin-vers-lemploi-ou-parcours-seme-dembuches\" target=\"_blank\" rel=\"noopener\">dans le monde professionnel<\/a>.<\/p>\n<p>Pourtant, cette dynamique est aujourd&rsquo;hui <a href=\"https:\/\/www.laprovence.com\/article\/economie\/1056454245514\/alternance-une-voie-semee-dembuches\" target=\"_blank\" rel=\"noopener\">fragilis\u00e9e par deux \u00e9volutions<\/a> majeures. La premi\u00e8re \u00e9tait pr\u00e9visible\u00a0: la r\u00e9duction progressive du soutien public. Les subventions vers\u00e9es aux entreprises qui recrutent des apprentis, la prise en charge des formations par les op\u00e9rateurs de comp\u00e9tences ou les exon\u00e9rations sur les salaires des apprentis sont toutes en baisse. Ce qui a d\u00e9j\u00e0 induit une baisse de 65\u00a0000\u00a0contrats pr\u00e9vue en\u00a02025 par rapport \u00e0\u00a02024.<\/p>\n<p>Mais il y a une seconde difficult\u00e9, tout aussi contraignante et que le dispositif actuel n&rsquo;a pas anticip\u00e9\u00a0: l&rsquo;arriv\u00e9e massive de <a href=\"https:\/\/www.laprovence.com\/article\/partenaires\/7199199480434614\/lintelligence-artificielle-revolutionne-le-marche-de-lemploi\" target=\"_blank\" rel=\"noopener\">l&rsquo;intelligence artificielle<\/a> et la vitesse fulgurante \u00e0 laquelle les m\u00e9tiers se transforment. Les comp\u00e9tences acquises deviennent rapidement obsol\u00e8tes\u00a0: selon l&rsquo;Association nationale des directeurs de ressources humaines, une comp\u00e9te&#8230;<\/p>\n","protected":false},"excerpt":{"rendered":"L&rsquo;alternance est l&rsquo;une des grandes r\u00e9ussites r\u00e9centes en mati\u00e8re de politique d&#8217;emploi des jeunes. Le nombre de contrats&hellip;\n","protected":false},"author":2,"featured_media":569061,"comment_status":"","ping_status":"","sticky":false,"template":"","format":"standard","meta":{"footnotes":""},"categories":[2814],"tags":[17,1111,11,68434,24238,1777,674,11663,1011,27,12347,21104,30478,884,12,882,25,68433,29533],"class_list":{"0":"post-569060","1":"post","2":"type-post","3":"status-publish","4":"format-standard","5":"has-post-thumbnail","7":"category-marseille","8":"tag-17","9":"tag-actu","10":"tag-actualites","11":"tag-ayoub","12":"tag-devoir","13":"tag-eu","14":"tag-europe","15":"tag-evoluer","16":"tag-fr","17":"tag-france","18":"tag-idees-et-opinions","19":"tag-lalternance","20":"tag-ledito","21":"tag-marseille","22":"tag-news","23":"tag-provence-alpes-cote-dazur","24":"tag-republique-francaise","25":"tag-samir","26":"tag-vite"},"share_on_mastodon":{"url":"https:\/\/pubeurope.com\/@fr\/115639222546021797","error":""},"_links":{"self":[{"href":"https:\/\/www.europesays.com\/fr\/wp-json\/wp\/v2\/posts\/569060","targetHints":{"allow":["GET"]}}],"collection":[{"href":"https:\/\/www.europesays.com\/fr\/wp-json\/wp\/v2\/posts"}],"about":[{"href":"https:\/\/www.europesays.com\/fr\/wp-json\/wp\/v2\/types\/post"}],"author":[{"embeddable":true,"href":"https:\/\/www.europesays.com\/fr\/wp-json\/wp\/v2\/users\/2"}],"replies":[{"embeddable":true,"href":"https:\/\/www.europesays.com\/fr\/wp-json\/wp\/v2\/comments?post=569060"}],"version-history":[{"count":0,"href":"https:\/\/www.europesays.com\/fr\/wp-json\/wp\/v2\/posts\/569060\/revisions"}],"wp:featuredmedia":[{"embeddable":true,"href":"https:\/\/www.europesays.com\/fr\/wp-json\/wp\/v2\/media\/569061"}],"wp:attachment":[{"href":"https:\/\/www.europesays.com\/fr\/wp-json\/wp\/v2\/media?parent=569060"}],"wp:term":[{"taxonomy":"category","embeddable":true,"href":"https:\/\/www.europesays.com\/fr\/wp-json\/wp\/v2\/categories?post=569060"},{"taxonomy":"post_tag","embeddable":true,"href":"https:\/\/www.europesays.com\/fr\/wp-json\/wp\/v2\/tags?post=569060"}],"curies":[{"name":"wp","href":"https:\/\/api.w.org\/{rel}","templated":true}]}}