{"id":569064,"date":"2025-11-30T14:55:10","date_gmt":"2025-11-30T14:55:10","guid":{"rendered":"https:\/\/www.europesays.com\/fr\/569064\/"},"modified":"2025-11-30T14:55:10","modified_gmt":"2025-11-30T14:55:10","slug":"lyon-leur-avion-air-algerie-reste-cloue-au-sol-des-heures-a-cause-dune-tempete-de-neige","status":"publish","type":"post","link":"https:\/\/www.europesays.com\/fr\/569064\/","title":{"rendered":"Lyon. Leur avion Air Alg\u00e9rie reste clou\u00e9 au sol des heures \u00e0 cause d&rsquo;une temp\u00eate de neige"},"content":{"rendered":"<p>                    Par<br \/>\n        <strong><br \/>\n            <a href=\"https:\/\/actu.fr\/auteur\/nicolas-zaugra\" title=\"Consulter tous les articles de Nicolas Zaugra\" target=\"_blank\" rel=\"noopener\">Nicolas Zaugra<\/a><br \/>\n                    <\/strong><\/p>\n<p>        Publi\u00e9 le<\/p>\n<p>            30 nov. 2025 \u00e0 15h31        <\/p>\n<p>Le voyage en Alg\u00e9rie perturb\u00e9 par\u2026 la neige. Un avion <a href=\"https:\/\/actu.fr\/auvergne-rhone-alpes\/lyon_69123\/alerte-dans-un-boeing-737-le-vol-constantine-lyon-d-air-algerie-deroute-d-urgence_61526276.html\" target=\"_blank\" rel=\"noopener\">Air Alg\u00e9rie<\/a> qui devait relier l\u2019<a href=\"https:\/\/actu.fr\/tag\/aeroport-lyon-saint-exupery\" target=\"_blank\" rel=\"noopener\">a\u00e9roport de Lyon Saint-Exup\u00e9ry<\/a> \u00e0 celui de Rabah Bitat en Alg\u00e9rie a \u00e9t\u00e9 clou\u00e9 au sol pendant de longues heures, jeudi en fin de journ\u00e9e, \u00e0 cause de <strong>fortes chutes de neige de l\u2019autre c\u00f4t\u00e9 de la M\u00e9diterran\u00e9e<\/strong>.\u00a0<\/p>\n<p>Pr\u00e8s de 8h de retard \u00e0 Lyon Saint-Exup\u00e9ry<\/p>\n<p class=\" wall-content\">Un voyageur rest\u00e9 \u00e0 terre pendant des heures, pr\u00e8s de 8 heures de retard, dans l\u2019a\u00e9roport lyonnais a racont\u00e9 sa m\u00e9saventure sur TikTok.<\/p>\n<p class=\" wall-content\">L\u2019influenceur alg\u00e9rien dit \u00eatre arriv\u00e9 \u00e0 Saint-Exup\u00e9ry vers 14h15 pour prendre son vol qui devait d\u00e9coller \u00e0 17h15. Mais rapidement, ses \u00ab\u00a0vacances\u00a0\u00bb vont virer au cauchemar et \u00e0 la longue attente.<\/p>\n<p class=\" wall-content\">La compagnie alg\u00e9rienne annonce \u00e0 ses clients que l\u2019avion est coinc\u00e9 \u00e0 S\u00e9tif \u00e0 cause d\u2019importantes chutes de neige. \u00ab\u00a0Je retournais en Alg\u00e9rie et j\u2019\u00e9tais l\u2019homme le plus heureux du monde, mais j\u2019ai v\u00e9cu une m\u00e9saventure. J\u2019avais peur qu\u2019on annule mon vol, qu\u2019on annule mes vacances\u00a0\u00bb, t\u00e9moigne le passager.<\/p>\n<blockquote class=\"tiktok-embed\" cite=\"https:\/\/www.tiktok.com\/@mousson.voyage\/video\/7577503584955256086\" data-video-id=\"7577503584955256086\" data-embed-from=\"oembed\" style=\"max-width:605px; min-width:325px;\"><p>\n<a target=\"_blank\" title=\"@mousson.voyage\" href=\"https:\/\/www.tiktok.com\/@mousson.voyage?refer=embed\" rel=\"noopener\">@mousson.voyage<\/a> <\/p>\n<p>Air Alg\u00e9rie rendez-moi mon avion svp j\u2019ai des vacances \u00e0 prendre \ud83d\ude2d <a title=\"aeroport\" target=\"_blank\" href=\"https:\/\/www.tiktok.com\/tag\/aeroport?refer=embed\" rel=\"noopener\">#aeroport<\/a> <a title=\"avion\" target=\"_blank\" href=\"https:\/\/www.tiktok.com\/tag\/avion?refer=embed\" rel=\"noopener\">#avion<\/a> <a title=\"airalgerie\" target=\"_blank\" href=\"https:\/\/www.tiktok.com\/tag\/airalgerie?refer=embed\" rel=\"noopener\">#airalgerie<\/a> <a title=\"annaba\" target=\"_blank\" href=\"https:\/\/www.tiktok.com\/tag\/annaba?refer=embed\" rel=\"noopener\">#annaba<\/a> <a title=\"algerie\" target=\"_blank\" href=\"https:\/\/www.tiktok.com\/tag\/algerie?refer=embed\" rel=\"noopener\">#algerie<\/a> <\/p>\n<p> <a target=\"_blank\" title=\"\u266c son original - Mousson en Alg\u00e9rie\" href=\"https:\/\/www.tiktok.com\/music\/son-original-7577503624646593302?refer=embed\" rel=\"noopener\">\u266c son original \u2013 Mousson en Alg\u00e9rie<\/a> <\/p>\n<\/blockquote>\n<p>Arriv\u00e9 \u00e0 plus de 2h du matin en Alg\u00e9rie<\/p>\n<p class=\" wall-content\">L\u2019appareil a finalement d\u00e9coll\u00e9 \u00e0 plus de minuit pour arriver apr\u00e8s 2h du matin en Alg\u00e9rie. le retard de temps de vol pr\u00e9cis est de 6 heures 13 minutes, selon le site sp\u00e9cialis\u00e9 flightaware.\u00a0<\/p>\n<p class=\" wall-content\">Les chutes de neige ne sont pas rares en Alg\u00e9rie, mais leur fr\u00e9quence d\u00e9pend fortement des r\u00e9gions. Dans les zones montagneuses, les \u00e9pisodes neigeux peuvent arriver plusieurs fois par an et sur les c\u00f4tes en cas de vagues de froid.<\/p>\n<p class=\" wall-content\">Personnalisez votre actualit\u00e9 en ajoutant vos villes et m\u00e9dias en favori avec <a href=\"https:\/\/moncompte.actu.fr\" title=\"D\u00e9couvez Mon Actu\" rel=\"nofollow noopener\" data-trk=\"{&quot;cta&quot;:{&quot;action&quot;:&quot;https:\\\/\\\/moncompte.actu.fr&quot;,&quot;category&quot;:&quot;mon compte&quot;,&quot;from&quot;:&quot;article footer&quot;,&quot;name&quot;:&quot;Mon actu&quot;,&quot;type&quot;:&quot;cta&quot;}}\" target=\"_blank\">Mon Actu<\/a>.<\/p>\n<p>                    <script async src=\"\/\/www.tiktok.com\/embed.js\"><\/script><\/p>\n","protected":false},"excerpt":{"rendered":"Par Nicolas Zaugra Publi\u00e9 le 30 nov. 2025 \u00e0 15h31 Le voyage en Alg\u00e9rie perturb\u00e9 par\u2026 la neige.&hellip;\n","protected":false},"author":2,"featured_media":569065,"comment_status":"","ping_status":"","sticky":false,"template":"","format":"standard","meta":{"footnotes":""},"categories":[1889],"tags":[1111,11,12526,15,2430,1777,674,1011,27,2428,10584,12,25,104],"class_list":{"0":"post-569064","1":"post","2":"type-post","3":"status-publish","4":"format-standard","5":"has-post-thumbnail","7":"category-lyon","8":"tag-actu","9":"tag-actualites","10":"tag-aeroport-lyon-saint-exupery","11":"tag-algerie","12":"tag-auvergne-rhone-alpes","13":"tag-eu","14":"tag-europe","15":"tag-fr","16":"tag-france","17":"tag-lyon","18":"tag-neige","19":"tag-news","20":"tag-republique-francaise","21":"tag-societe"},"share_on_mastodon":{"url":"https:\/\/pubeurope.com\/@fr\/115639230486211707","error":""},"_links":{"self":[{"href":"https:\/\/www.europesays.com\/fr\/wp-json\/wp\/v2\/posts\/569064","targetHints":{"allow":["GET"]}}],"collection":[{"href":"https:\/\/www.europesays.com\/fr\/wp-json\/wp\/v2\/posts"}],"about":[{"href":"https:\/\/www.europesays.com\/fr\/wp-json\/wp\/v2\/types\/post"}],"author":[{"embeddable":true,"href":"https:\/\/www.europesays.com\/fr\/wp-json\/wp\/v2\/users\/2"}],"replies":[{"embeddable":true,"href":"https:\/\/www.europesays.com\/fr\/wp-json\/wp\/v2\/comments?post=569064"}],"version-history":[{"count":0,"href":"https:\/\/www.europesays.com\/fr\/wp-json\/wp\/v2\/posts\/569064\/revisions"}],"wp:featuredmedia":[{"embeddable":true,"href":"https:\/\/www.europesays.com\/fr\/wp-json\/wp\/v2\/media\/569065"}],"wp:attachment":[{"href":"https:\/\/www.europesays.com\/fr\/wp-json\/wp\/v2\/media?parent=569064"}],"wp:term":[{"taxonomy":"category","embeddable":true,"href":"https:\/\/www.europesays.com\/fr\/wp-json\/wp\/v2\/categories?post=569064"},{"taxonomy":"post_tag","embeddable":true,"href":"https:\/\/www.europesays.com\/fr\/wp-json\/wp\/v2\/tags?post=569064"}],"curies":[{"name":"wp","href":"https:\/\/api.w.org\/{rel}","templated":true}]}}