{"id":569066,"date":"2025-11-30T14:56:36","date_gmt":"2025-11-30T14:56:36","guid":{"rendered":"https:\/\/www.europesays.com\/fr\/569066\/"},"modified":"2025-11-30T14:56:36","modified_gmt":"2025-11-30T14:56:36","slug":"la-campagne-demarre-au-grand-lyon-qui-concentre-le-pouvoir-local-30-11-2025-a-1426","status":"publish","type":"post","link":"https:\/\/www.europesays.com\/fr\/569066\/","title":{"rendered":"La campagne d\u00e9marre au Grand Lyon, qui concentre le pouvoir local &#8211; 30\/11\/2025 \u00e0 14:26"},"content":{"rendered":"<p>        <img decoding=\"async\" src=\"https:\/\/www.europesays.com\/fr\/wp-content\/uploads\/2025\/11\/ab9d55ea4b4a355591237f5fba0510e3-760x506.jpg\" alt=\"L'\u00e9cologiste Bruno Bernard, prend la parole apr\u00e8s son \u00e9lection \u00e0 la pr\u00e9sidence du conseil m\u00e9tropolitain de Lyon, le 2 juillet 2020 \u00e0 Lyon ( AFP \/ PHILIPPE DESMAZES )\" loading=\"eager\" fetchpriority=\"high\" width=\"760\" height=\"506\" style=\"max-width: 100%!important; height: auto;\"\/><\/p>\n<p class=\"c-image-news__legend\">L&rsquo;\u00e9cologiste Bruno Bernard, prend la parole apr\u00e8s son \u00e9lection \u00e0 la pr\u00e9sidence du conseil m\u00e9tropolitain de Lyon, le 2 juillet 2020 \u00e0 Lyon ( AFP \/ PHILIPPE DESMAZES )<\/p>\n<p>\n A la M\u00e9tropole de Lyon, v\u00e9ritable si\u00e8ge du pouvoir local, les LR, rang\u00e9s sous la banni\u00e8re de Jean-Michel Aulas, esp\u00e8rent reprendre la pr\u00e9sidence \u00e0 l&rsquo;\u00e9cologiste Bruno Bernard qui a officialis\u00e9 dimanche briguer un second mandat.\n<\/p>\n<p>\n \u00ab\u00a0Je suis candidat avec une \u00e9quipe renouvel\u00e9e pour une nouvelle \u00e9tape\u00a0\u00bb, a-t-il annonc\u00e9 au quotidien r\u00e9gional Le Progr\u00e8s, pr\u00e9cisant s&rsquo;appuyer sur une large union des partis de gauche, hors LFI &#8211; et de la soci\u00e9t\u00e9 civile.\n<\/p>\n<p>\n Critiquant une campagne marqu\u00e9e jusque-l\u00e0 par \u00ab\u00a0une suite de fake news, de propos caricaturaux, d&rsquo;opposition syst\u00e9matique\u00a0\u00bb, il a estim\u00e9 qu&rsquo;il \u00e9tait \u00ab\u00a0temps de d\u00e9battre des propositions\u00a0\u00bb.\n<\/p>\n<p>\n A moins de quatre mois du scrutin, Bruno Bernard, un ancien chef d&rsquo;entreprise de 54 ans r\u00e9put\u00e9 fin strat\u00e8ge et gros bosseur mais jug\u00e9 peu charismatique, part, selon les sondages, avec un handicap.\n<\/p>\n<p>\n Au premier tour, il est donn\u00e9 neuf points derri\u00e8re la cheffe de file des R\u00e9publicains V\u00e9ronique Sarselli, selon deux \u00e9tudes d&rsquo;opinion r\u00e9alis\u00e9es avant m\u00eame qu&rsquo;elle noue son alliance avec l&rsquo;ancien patron de l&rsquo;OL.\n<\/p>\n<p>\n L&rsquo;annonce mardi que la maire de Sainte-Foy-l\u00e8s-Lyon ferait campagne sous les couleurs de \u00ab\u00a0Grand c\u0153ur Lyonnais\u00a0\u00bb, le mouvement de Jean-Michel Aulas lui-m\u00eame candidat \u00e0 la mairie de Lyon, a encore renforc\u00e9 l&rsquo;optimisme dans son camp.\n<\/p>\n<p>\n \u00ab\u00a0Je suis tr\u00e8s heureuse de voir V\u00e9ronique, femme de ma famille politique porter cette campagne\u00a0\u00bb, mais \u00ab\u00a0Jean-Michel est XXL par rapport \u00e0 nous tous\u00a0\u00bb, s&rsquo;enthousiasme la directrice de campagne de ce dernier et \u00e9lue municipale LR B\u00e9atrice de Montille.\n<\/p>\n<p> &#8211; \u00ab\u00a0Bulle\u00a0\u00bb &#8211;<\/p>\n<p>\n \u00ab\u00a0Aujourd&rsquo;hui il existe une bulle autour de Jean-Michel Aulas, un mythe\u00a0\u00bb, estime pour sa part Bruno Bernard, dont l&rsquo;entourage est persuad\u00e9 qu'\u00a0\u00bbil reste un chemin\u00a0\u00bb pour se maintenir \u00e0 la t\u00eate de la deuxi\u00e8me m\u00e9tropole de France.\n<\/p>\n<p>        <img decoding=\"async\" src=\"https:\/\/www.europesays.com\/fr\/wp-content\/uploads\/2025\/11\/1aa3e652df69dd80e5eab859dc8dd5ea-760x500.jpg\" alt=\"Bruno Bernard, candidat d'Europe \u00c9cologie Les Verts (EELV) aux \u00e9lections municipales de Lyon, le 24 janvier 2020 \u00e0 Lyon ( AFP \/ ROMAIN LAFABREGUE )\" loading=\"eager\" fetchpriority=\"high\" width=\"760\" height=\"500\" style=\"max-width: 100%!important; height: auto;\"\/><\/p>\n<p class=\"c-image-news__legend\">Bruno Bernard, candidat d&rsquo;Europe \u00c9cologie Les Verts (EELV) aux \u00e9lections municipales de Lyon, le 24 janvier 2020 \u00e0 Lyon ( AFP \/ ROMAIN LAFABREGUE )<\/p>\n<p>\n En 2020, l&rsquo;\u00e9cologiste \u00e9tait donn\u00e9 perdant dans tous les sondages jusqu&rsquo;aux \u00e9lections, rappellent ses proches. \u00ab\u00a0Notre enjeu est de d\u00e9passer la question +pour ou contre les Verts+ et de ramener le d\u00e9bat sur le bilan et le projet\u00a0\u00bb, poursuivent-ils.\n<\/p>\n<p>\n Encadrement des loyers, d\u00e9veloppement des pistes cyclables et du tramway, am\u00e9lioration de la qualit\u00e9 de l&rsquo;air&#8230; dans son entretien au Progr\u00e8s, le pr\u00e9sident sortant a commenc\u00e9 \u00e0 d\u00e9fendre les politiques men\u00e9es depuis cinq ans par la puissante collectivit\u00e9.\n<\/p>\n<p>\n Cr\u00e9\u00e9e en 2015, le Grand Lyon, qui englobe 58 communes et 1,4 million d&rsquo;habitants, est la seule communaut\u00e9 d&rsquo;agglom\u00e9ration de France dont l&rsquo;assembl\u00e9e est \u00e9lue au suffrage universel direct.\n<\/p>\n<p>\n Elle a r\u00e9cup\u00e9r\u00e9 une partie des comp\u00e9tences du d\u00e9partement (d\u00e9veloppement \u00e9conomique, voirie, coll\u00e8ges, action sociale) et est dot\u00e9e d&rsquo;un budget annuel de pr\u00e8s de 4 milliards d&rsquo;euros (contre moins de 1,2 milliard pour la ville de Lyon).\n<\/p>\n<p>\n L&rsquo;ancien maire de Lyon G\u00e9rard Collomb ne s&rsquo;y \u00e9tait pas tromp\u00e9: en 2020, il a \u00e9t\u00e9 candidat &#8211; malheureux &#8211; au Grand Lyon pas \u00e0 la ville, la loi interdisant de cumuler les deux casquettes. \u00ab\u00a0C&rsquo;est \u00e0 la m\u00e9tropole qu&rsquo;on fait bouger les choses\u00a0\u00bb, justifiait-il alors.\n<\/p>\n<p> &#8211; \u00ab\u00a0R\u00e9acteur\u00a0\u00bb &#8211;<\/p>\n<p>\n A 76 ans, apr\u00e8s une vie dans le foot et les affaires, Jean-Michel Aulas a, lui, choisi Lyon pour son entr\u00e9e en politique pour \u00ab\u00a0ce qu&rsquo;elle repr\u00e9sente\u00a0\u00bb et parce qu&rsquo;il la consid\u00e8re comme \u00ab\u00a0le r\u00e9acteur\u00a0\u00bb de la m\u00e9tropole, souligne son entourage.\n<\/p>\n<p>        <img decoding=\"async\" src=\"https:\/\/www.europesays.com\/fr\/wp-content\/uploads\/2025\/11\/38875943b4c1badfd5346a90b52b096f-760x507.jpg\" alt=\"Jean-Michel Aulas, homme d'affaires et dirigeant sportif, lors de l'inauguration de son QG de campagne pour la mairie de Lyon en vue des \u00e9lections municipales, le 25 novembre 2025 \u00e0 Lyon ( AFP \/ ARNAUD FINISTRE )\" loading=\"eager\" fetchpriority=\"high\" width=\"760\" height=\"507\" style=\"max-width: 100%!important; height: auto;\"\/><\/p>\n<p class=\"c-image-news__legend\">Jean-Michel Aulas, homme d&rsquo;affaires et dirigeant sportif, lors de l&rsquo;inauguration de son QG de campagne pour la mairie de Lyon en vue des \u00e9lections municipales, le 25 novembre 2025 \u00e0 Lyon ( AFP \/ ARNAUD FINISTRE )<\/p>\n<p>\n Mais il sait tout le poids du Grand Lyon et plusieurs de ses propositions ont une dimension m\u00e9tropolitaine (extension de la gratuit\u00e9 dans les transports en commun, cr\u00e9ation d&rsquo;une police m\u00e9tropolitaine, etc.).\n<\/p>\n<p>\n Quant \u00e0 Bruno Bernard, m\u00eame s&rsquo;il vit et vote \u00e0 Villeurbanne, son sort sera scell\u00e9 dans la ville-centre: sur les 14 circonscriptions qui composent la m\u00e9tropole, six sont lyonnaises et, en 2020, les \u00e9cologistes en ont rafl\u00e9 cinq. Pour rester aux commandes, il lui faudra r\u00e9\u00e9diter ce score.\n<\/p>\n<p>\n Son \u00e9quipe mise sur la \u00ab\u00a0sociologie\u00a0\u00bb de Lyon, dont les quatre d\u00e9put\u00e9s sont de gauche, pour donner tort aux sondages qui, l\u00e0 encore, donnent le maire EELV sortant Gr\u00e9gory Doucet s\u00e8chement battu par Jean-Michel Aulas.\n<\/p>\n<p>\n Conscientes que leur destin est li\u00e9, les \u00e9quipes des deux candidats \u00e9cologistes partagent des bureaux, tout comme leurs rivaux font QG commun.\n<\/p>\n<p>\n Bernard-Doucet versus Sarselli-Aulas, le match lyonnais se jouera en double.<\/p>\n","protected":false},"excerpt":{"rendered":"L&rsquo;\u00e9cologiste Bruno Bernard, prend la parole apr\u00e8s son \u00e9lection \u00e0 la pr\u00e9sidence du conseil m\u00e9tropolitain de Lyon, le&hellip;\n","protected":false},"author":2,"featured_media":569067,"comment_status":"","ping_status":"","sticky":false,"template":"","format":"standard","meta":{"footnotes":""},"categories":[1889],"tags":[400,1111,11,2430,398,408,405,1777,674,1011,27,403,402,399,2428,404,12,25,401,406,407],"class_list":{"0":"post-569066","1":"post","2":"type-post","3":"status-publish","4":"format-standard","5":"has-post-thumbnail","7":"category-lyon","8":"tag-action-cac-40","9":"tag-actu","10":"tag-actualites","11":"tag-auvergne-rhone-alpes","12":"tag-bourse-de-paris","13":"tag-boursorama","14":"tag-cotations","15":"tag-eu","16":"tag-europe","17":"tag-fr","18":"tag-france","19":"tag-indices-devises","20":"tag-investir","21":"tag-investissement","22":"tag-lyon","23":"tag-marche-boursier","24":"tag-news","25":"tag-republique-francaise","26":"tag-sicav","27":"tag-trackers","28":"tag-warrants"},"share_on_mastodon":{"url":"https:\/\/pubeurope.com\/@fr\/115639235236632326","error":""},"_links":{"self":[{"href":"https:\/\/www.europesays.com\/fr\/wp-json\/wp\/v2\/posts\/569066","targetHints":{"allow":["GET"]}}],"collection":[{"href":"https:\/\/www.europesays.com\/fr\/wp-json\/wp\/v2\/posts"}],"about":[{"href":"https:\/\/www.europesays.com\/fr\/wp-json\/wp\/v2\/types\/post"}],"author":[{"embeddable":true,"href":"https:\/\/www.europesays.com\/fr\/wp-json\/wp\/v2\/users\/2"}],"replies":[{"embeddable":true,"href":"https:\/\/www.europesays.com\/fr\/wp-json\/wp\/v2\/comments?post=569066"}],"version-history":[{"count":0,"href":"https:\/\/www.europesays.com\/fr\/wp-json\/wp\/v2\/posts\/569066\/revisions"}],"wp:featuredmedia":[{"embeddable":true,"href":"https:\/\/www.europesays.com\/fr\/wp-json\/wp\/v2\/media\/569067"}],"wp:attachment":[{"href":"https:\/\/www.europesays.com\/fr\/wp-json\/wp\/v2\/media?parent=569066"}],"wp:term":[{"taxonomy":"category","embeddable":true,"href":"https:\/\/www.europesays.com\/fr\/wp-json\/wp\/v2\/categories?post=569066"},{"taxonomy":"post_tag","embeddable":true,"href":"https:\/\/www.europesays.com\/fr\/wp-json\/wp\/v2\/tags?post=569066"}],"curies":[{"name":"wp","href":"https:\/\/api.w.org\/{rel}","templated":true}]}}